{"id":19696,"date":"2021-12-11T12:53:40","date_gmt":"2021-12-11T12:53:40","guid":{"rendered":"http:\/\/www.iceagetv.com\/radiosite\/?p=19696"},"modified":"2021-12-11T12:53:40","modified_gmt":"2021-12-11T12:53:40","slug":"la-garde-a-vue-de-lancien-nageur-olympique-yannick-agnel-a-ete-levee-et-il-va-etre-presente-a-un-juge-dinstruction-dans-la-journee","status":"publish","type":"post","link":"https:\/\/www.iceagetv.com\/radiosite\/la-garde-a-vue-de-lancien-nageur-olympique-yannick-agnel-a-ete-levee-et-il-va-etre-presente-a-un-juge-dinstruction-dans-la-journee\/","title":{"rendered":"La garde \u00e0 vue de l&rsquo;ancien nageur olympique Yannick Agnel a \u00e9t\u00e9 lev\u00e9e et il va \u00eatre pr\u00e9sent\u00e9 \u00e0 un juge d&rsquo;instruction dans la journ\u00e9e"},"content":{"rendered":"\n<p><strong>La garde \u00e0 vue de Yannick Agnel, d\u00e9but\u00e9e jeudi, a \u00e9t\u00e9 lev\u00e9e. L&rsquo;ancien nageur va \u00eatre pr\u00e9sent\u00e9 \u00e0 un juge d&rsquo;instruction dans la journ\u00e9e, selon des sources judiciaires \u00e0 BFMTV.&nbsp;<\/strong>Une plainte visant Yannick Agnel a \u00e9t\u00e9 d\u00e9pos\u00e9e durant l&rsquo;\u00e9t\u00e9 2021, a expliqu\u00e9 la procureure de la R\u00e9publique de Mulhouse, Edwige Roux-Morizot, \u00e0 l&rsquo;AFP. Les faits d\u00e9crits remontent \u00e0 \u00ab\u00a0\u00e0 peu pr\u00e8s 2016\u00a0\u00bb. Une information judiciaire a \u00e9t\u00e9 ouverte pour \u00ab\u00a0viol et agression sexuelle sur mineure de 15 ans\u00a0\u00bb (formule juridique qui signifie \u00ab\u00a0de moins de 15 ans\u00a0\u00bb), des faits passibles de 20 ans de r\u00e9clusion criminelle.<\/p>\n\n\n\n<p>Dans ce cadre, Yannick Agnel a \u00e9t\u00e9 interpell\u00e9 \u00e0 Paris, jeudi \u00ab\u00a0en fin de matin\u00e9e\u00a0\u00bb, et plac\u00e9 en garde \u00e0 vue \u00e0 Mulhouse. Le parquet n&rsquo;a pas d\u00e9voil\u00e9 davantage d&rsquo;\u00e9l\u00e9ments sur ce qui est reproch\u00e9 \u00e0 l&rsquo;ancien nageur, ni sur l&rsquo;identit\u00e9 de la personne qui a d\u00e9pos\u00e9 cette plainte.<\/p>\n\n\n\n<p>Selon les informations de France Inter, il s&rsquo;agit d&rsquo;une des filles de l&rsquo;entra\u00eeneur de Yannick Agnel \u00e0 Mulhouse, Lionel Horter. L&rsquo;Equipe et Le Parisien expliquent qu&rsquo;elle nageait \u00e9galement dans ce club. Les deux quotidiens pr\u00e9cisent que les faits se seraient d\u00e9roul\u00e9s d\u00e9but 2016, alors que la plaignante avait 13 ans. \u00ab\u00a0De nombreux anciens nageurs et nageuses ont \u00e9t\u00e9 entendus par les enqu\u00eateurs ces derni\u00e8res semaines\u00a0\u00bb, ajoute L&rsquo;Equipe.<\/p>\n\n\n\n<p>. <strong>Vendredi 10 d\u00e9cembre<\/strong> <\/p>\n\n\n\n<p><strong>La garde \u00e0 vue de l\u2019ancien nageur champion olympique fran\u00e7ais Yannick Agnel, accus\u00e9 de viol et agression sexuelle sur mineure, a \u00e9t\u00e9 prolong\u00e9e vendredi, a indiqu\u00e9 \u00e0 l\u2019AFP la procureure de la R\u00e9publique de Mulhouse (est) Edwige Roux-Morizot.<\/strong>&nbsp;Interpell\u00e9 jeudi \u00e0 la mi-journ\u00e9e \u00e0 son domicile parisien sur commission rogatoire, l\u2019ancien sportif de 29 ans, retrait\u00e9 des bassins depuis 2016, a \u00e9t\u00e9 plac\u00e9 en garde \u00e0 vue dans le cadre d\u2019une information judiciaire ouverte \u00e0 Mulhouse pour \u00ab viol et agression sexuelle sur mineur de 15 ans \u00bb.<\/p>\n\n\n\n<p>L\u2019affaire remonte \u00e0 2016, p\u00e9riode \u00e0 laquelle le nageur s\u2019entra\u00eenait au Mulhouse Olympic Natation (MON) sous la houlette de Lionel Horter. Interrog\u00e9e par l\u2019AFP, la procureure n\u2019a pas souhait\u00e9 donner d\u2019informations sur l\u2019identit\u00e9 de la victime. Apr\u00e8s deux ans pass\u00e9s \u00e0 s\u2019entra\u00eener aux Etats-Unis dans la foul\u00e9e de ses titres olympiques \u00e0 Londres en 2012, Yannick Agnel \u00e9tait rentr\u00e9 en France et avait pris une licence au MON o\u00f9 il s\u2019est entra\u00een\u00e9 durant deux ans, de 2014 \u00e0 2016.<\/p>\n\n\n\n<p>Yannick Agnel poss\u00e8de un des plus beaux palmar\u00e8s de la natation fran\u00e7aise: il a \u00e9t\u00e9 double champion olympique \u00e0 Londres en 2012 sur le 200 m nage libre et le relais 4&#215;100 m, avant d\u2019\u00eatre sacr\u00e9 champion du monde dans ces deux disciplines en 2013.<\/p>\n\n\n\n<p><\/p>\n","protected":false},"excerpt":{"rendered":"<p>La garde \u00e0 vue de Yannick Agnel, d\u00e9but\u00e9e jeudi, a \u00e9t\u00e9 lev\u00e9e. L&rsquo;ancien nageur va \u00eatre pr\u00e9sent\u00e9 \u00e0 un juge d&rsquo;instruction dans la journ\u00e9e, selon des sources judiciaires \u00e0 BFMTV.&nbsp;Une plainte visant Yannick Agnel a \u00e9t\u00e9 d\u00e9pos\u00e9e durant l&rsquo;\u00e9t\u00e9 2021, a expliqu\u00e9 la procureure de la R\u00e9publique de Mulhouse, Edwige Roux-Morizot, \u00e0 l&rsquo;AFP. Les faits [&hellip;]<\/p>\n","protected":false},"author":2,"featured_media":19697,"comment_status":"open","ping_status":"open","sticky":false,"template":"","format":"standard","meta":{"_jetpack_memberships_contains_paid_content":false,"footnotes":"","jetpack_publicize_message":"","jetpack_publicize_feature_enabled":true,"jetpack_social_post_already_shared":true,"jetpack_social_options":{"image_generator_settings":{"template":"highway","default_image_id":0,"font":"","enabled":false},"version":2},"_wpas_customize_per_network":false},"categories":[405],"tags":[],"class_list":["post-19696","post","type-post","status-publish","format-standard","has-post-thumbnail","hentry","category-actu-france-monde"],"jetpack_publicize_connections":[],"jetpack_featured_media_url":"https:\/\/i0.wp.com\/www.iceagetv.com\/radiosite\/wp-content\/uploads\/2021\/12\/La-garde-%C3%A0-vue-de-lancien-nageur-olympique-Yannick-Agnel.jpeg?fit=920%2C397&ssl=1","jetpack_sharing_enabled":true,"_links":{"self":[{"href":"https:\/\/www.iceagetv.com\/radiosite\/wp-json\/wp\/v2\/posts\/19696","targetHints":{"allow":["GET"]}}],"collection":[{"href":"https:\/\/www.iceagetv.com\/radiosite\/wp-json\/wp\/v2\/posts"}],"about":[{"href":"https:\/\/www.iceagetv.com\/radiosite\/wp-json\/wp\/v2\/types\/post"}],"author":[{"embeddable":true,"href":"https:\/\/www.iceagetv.com\/radiosite\/wp-json\/wp\/v2\/users\/2"}],"replies":[{"embeddable":true,"href":"https:\/\/www.iceagetv.com\/radiosite\/wp-json\/wp\/v2\/comments?post=19696"}],"version-history":[{"count":1,"href":"https:\/\/www.iceagetv.com\/radiosite\/wp-json\/wp\/v2\/posts\/19696\/revisions"}],"predecessor-version":[{"id":19698,"href":"https:\/\/www.iceagetv.com\/radiosite\/wp-json\/wp\/v2\/posts\/19696\/revisions\/19698"}],"wp:featuredmedia":[{"embeddable":true,"href":"https:\/\/www.iceagetv.com\/radiosite\/wp-json\/wp\/v2\/media\/19697"}],"wp:attachment":[{"href":"https:\/\/www.iceagetv.com\/radiosite\/wp-json\/wp\/v2\/media?parent=19696"}],"wp:term":[{"taxonomy":"category","embeddable":true,"href":"https:\/\/www.iceagetv.com\/radiosite\/wp-json\/wp\/v2\/categories?post=19696"},{"taxonomy":"post_tag","embeddable":true,"href":"https:\/\/www.iceagetv.com\/radiosite\/wp-json\/wp\/v2\/tags?post=19696"}],"curies":[{"name":"wp","href":"https:\/\/api.w.org\/{rel}","templated":true}]}}