{"id":19700,"date":"2021-12-12T12:27:30","date_gmt":"2021-12-12T12:27:30","guid":{"rendered":"http:\/\/www.iceagetv.com\/radiosite\/?p=19700"},"modified":"2021-12-12T12:27:30","modified_gmt":"2021-12-12T12:27:30","slug":"independance-de-la-nouvelle-caledonie-les-electeurs-ont-majoritairement-vote-non-lors-du-referendum-qui-les-faisait-se-deplacer-aux-urnes-pour-la-troisieme-fois","status":"publish","type":"post","link":"https:\/\/www.iceagetv.com\/radiosite\/independance-de-la-nouvelle-caledonie-les-electeurs-ont-majoritairement-vote-non-lors-du-referendum-qui-les-faisait-se-deplacer-aux-urnes-pour-la-troisieme-fois\/","title":{"rendered":"Ind\u00e9pendance de la Nouvelle-Cal\u00e9donie : Les \u00e9lecteurs ont majoritairement vot\u00e9 NON lors du r\u00e9f\u00e9rendum qui les faisait se d\u00e9placer aux urnes pour la troisi\u00e8me fois"},"content":{"rendered":"\n<p>Les Cal\u00e9doniens ont majoritairement vot\u00e9 \u00abnon\u00bb lors du r\u00e9f\u00e9rendum qui les faisait se d\u00e9placer aux urnes pour la troisi\u00e8me fois. Ils ont vot\u00e9 contre l&rsquo;ind\u00e9pendance de leur territoire, selon les premiers r\u00e9sultats partiels annonc\u00e9s dimanche 12 d\u00e9cembre \u00e0 la mi-journ\u00e9e.<\/p>\n\n\n\n<p>L&rsquo;issue de ce scrutin laissait peu de place au doute. Les ind\u00e9pendantistes avaient appel\u00e9 leurs \u00e9lecteurs \u00e0 ne pas y participer. Pourtant \u00e0 l&rsquo;origine de la demande de r\u00e9f\u00e9rendum, ils protestaient contre son maintien le 12 d\u00e9cembre, arguant de l&rsquo;impossibilit\u00e9 de mener une campagne \u00ab\u00e9quitable\u00bb depuis l&rsquo;irruption du Covid-19 dans l&rsquo;archipel.<\/p>\n\n\n\n<p>Les ind\u00e9pendantistes avaient demand\u00e9 un report du scrutin en raison de l&rsquo;impossibilit\u00e9 de \u00ab\u00a0mener une campagne \u00e9quitable\u00a0\u00bb en raison du Covid-19. Le gouvernement a refus\u00e9. Le FLKNS (Front de lib\u00e9ration nationale kanak et socialiste) a donc choisi d&rsquo;appeler ses militants \u00e0 ne pas aller voter ce dimanche.<\/p>\n\n\n\n<p>Cons\u00e9quence : le taux de participation s&rsquo;\u00e9levait \u00e0 41,60% \u00e0 17h00 (7h00 \u00e0 Paris), en tr\u00e8s forte baisse par rapport aux deux pr\u00e9c\u00e9dents r\u00e9f\u00e9rendums. Avec cet appel des ind\u00e9pendantistes \u00e0 ne pas voter, le r\u00e9sultat est jou\u00e9 d&rsquo;avance. Ils ont d&rsquo;ores et d\u00e9j\u00e0 annonc\u00e9 qu&rsquo;ils rejetteront le r\u00e9sultat aupr\u00e8s de l&rsquo;ONU.<\/p>\n\n\n\n<p>Un premier r\u00e9f\u00e9rendum organis\u00e9 le 4 novembre 2018 avait vu le non l&#8217;emporter avec 56,67% des suffrages 43,33% pour le oui).<\/p>\n\n\n\n<p>Deux ans plus tard, le 4 octobre 2020, un second r\u00e9f\u00e9rendum a lieu. Le non \u00e0 l&rsquo;ind\u00e9pendance est encore en majorit\u00e9 avec 53,26% des voix (46,74% pour le oui).<\/p>\n\n\n\n<p>Les \u00e9lecteurs vont de nouveau voter ce dimanche pour la troisi\u00e8me et derni\u00e8re fois \u00e0 la demande des groupes politiques UNI, UC-FLNKS et des Nationalistes.<\/p>\n","protected":false},"excerpt":{"rendered":"<p>Les Cal\u00e9doniens ont majoritairement vot\u00e9 \u00abnon\u00bb lors du r\u00e9f\u00e9rendum qui les faisait se d\u00e9placer aux urnes pour la troisi\u00e8me fois. Ils ont vot\u00e9 contre l&rsquo;ind\u00e9pendance de leur territoire, selon les premiers r\u00e9sultats partiels annonc\u00e9s dimanche 12 d\u00e9cembre \u00e0 la mi-journ\u00e9e. L&rsquo;issue de ce scrutin laissait peu de place au doute. Les ind\u00e9pendantistes avaient appel\u00e9 leurs [&hellip;]<\/p>\n","protected":false},"author":2,"featured_media":19702,"comment_status":"open","ping_status":"open","sticky":false,"template":"","format":"standard","meta":{"_jetpack_memberships_contains_paid_content":false,"footnotes":"","jetpack_publicize_message":"","jetpack_publicize_feature_enabled":true,"jetpack_social_post_already_shared":true,"jetpack_social_options":{"image_generator_settings":{"template":"highway","default_image_id":0,"font":"","enabled":false},"version":2},"_wpas_customize_per_network":false},"categories":[405],"tags":[],"class_list":["post-19700","post","type-post","status-publish","format-standard","has-post-thumbnail","hentry","category-actu-france-monde"],"jetpack_publicize_connections":[],"jetpack_featured_media_url":"https:\/\/i0.wp.com\/www.iceagetv.com\/radiosite\/wp-content\/uploads\/2021\/12\/Ind%C3%A9pendance-de-la-Nouvelle-Cal%C3%A9donie.jpg?fit=750%2C324&ssl=1","jetpack_sharing_enabled":true,"_links":{"self":[{"href":"https:\/\/www.iceagetv.com\/radiosite\/wp-json\/wp\/v2\/posts\/19700","targetHints":{"allow":["GET"]}}],"collection":[{"href":"https:\/\/www.iceagetv.com\/radiosite\/wp-json\/wp\/v2\/posts"}],"about":[{"href":"https:\/\/www.iceagetv.com\/radiosite\/wp-json\/wp\/v2\/types\/post"}],"author":[{"embeddable":true,"href":"https:\/\/www.iceagetv.com\/radiosite\/wp-json\/wp\/v2\/users\/2"}],"replies":[{"embeddable":true,"href":"https:\/\/www.iceagetv.com\/radiosite\/wp-json\/wp\/v2\/comments?post=19700"}],"version-history":[{"count":1,"href":"https:\/\/www.iceagetv.com\/radiosite\/wp-json\/wp\/v2\/posts\/19700\/revisions"}],"predecessor-version":[{"id":19703,"href":"https:\/\/www.iceagetv.com\/radiosite\/wp-json\/wp\/v2\/posts\/19700\/revisions\/19703"}],"wp:featuredmedia":[{"embeddable":true,"href":"https:\/\/www.iceagetv.com\/radiosite\/wp-json\/wp\/v2\/media\/19702"}],"wp:attachment":[{"href":"https:\/\/www.iceagetv.com\/radiosite\/wp-json\/wp\/v2\/media?parent=19700"}],"wp:term":[{"taxonomy":"category","embeddable":true,"href":"https:\/\/www.iceagetv.com\/radiosite\/wp-json\/wp\/v2\/categories?post=19700"},{"taxonomy":"post_tag","embeddable":true,"href":"https:\/\/www.iceagetv.com\/radiosite\/wp-json\/wp\/v2\/tags?post=19700"}],"curies":[{"name":"wp","href":"https:\/\/api.w.org\/{rel}","templated":true}]}}