{"id":19723,"date":"2021-12-15T14:43:36","date_gmt":"2021-12-15T14:43:36","guid":{"rendered":"http:\/\/www.iceagetv.com\/radiosite\/?p=19723"},"modified":"2021-12-15T14:43:36","modified_gmt":"2021-12-15T14:43:36","slug":"greve-a-la-sncf-echec-des-negociations-pour-les-tgv-sud-est-la-direction-prevoit-un-trafic-tres-degrade-ce-week-end","status":"publish","type":"post","link":"https:\/\/www.iceagetv.com\/radiosite\/greve-a-la-sncf-echec-des-negociations-pour-les-tgv-sud-est-la-direction-prevoit-un-trafic-tres-degrade-ce-week-end\/","title":{"rendered":"Gr\u00e8ve \u00e0 la SNCF : Echec des n\u00e9gociations pour les TGV Sud-Est &#8211; La direction pr\u00e9voit un trafic \u00ab\u00a0tr\u00e8s d\u00e9grad\u00e9\u00a0\u00bb ce week-end"},"content":{"rendered":"\n<p><strong>La direction de la SNCF a annonc\u00e9 que les syndicats SUD-Rail, CGT et Unsa maintenaient leur appel \u00e0 la gr\u00e8ve sur l&rsquo;axe TGV Sud-Est de vendredi \u00e0 dimanche, p\u00e9riode o\u00f9 elle pr\u00e9voit d\u00e9sormais un trafic \u00ab\u00a0tr\u00e8s d\u00e9grad\u00e9\u00a0\u00bb.<\/strong>&nbsp;La direction \u00ab\u00a0regrette que les n\u00e9gociations men\u00e9es depuis plusieurs jours (&#8230;) n&rsquo;aient pas permis d&rsquo;\u00e9viter le mouvement social \u00e0 ce stade\u00a0\u00bb et \u00ab\u00a0reste \u00e0 l&rsquo;\u00e9coute\u00a0\u00bb, a-t-elle indiqu\u00e9. La direction \u00ab\u00a0a r\u00e9pondu positivement aux demandes formul\u00e9es par les organisations syndicales\u00a0\u00bb, qui \u00ab\u00a0font le choix du maintien\u00a0\u00bb de leur pr\u00e9avis de gr\u00e8ve, a-t-elle ajout\u00e9. Des pr\u00e9visions de trafic \u00ab\u00a0tr\u00e8s d\u00e9grad\u00e9\u00a0\u00bb seront publi\u00e9es \u00ab\u00a0\u00e0 17H00\u00a0\u00bb mercredi.<\/p>\n\n\n\n<p><strong>14h09:&nbsp;<\/strong>Des n\u00e9gociations pour sauver les d\u00e9parts en vacances de No\u00ebl ce week-end se poursuivaient aujourd&rsquo;hui \u00e0 la SNCF entre les syndicats appelant \u00e0 la gr\u00e8ve et la direction du groupe ferroviaire, qui avait le \u00ab\u00a0petit espoir\u00a0\u00bb d&rsquo;arriver \u00e0 un \u00ab\u00a0compromis\u00a0\u00bb. Des appels \u00e0 la gr\u00e8ve cette fin de semaine ont \u00e9t\u00e9 lanc\u00e9s par diff\u00e9rents syndicats sur plusieurs r\u00e9seaux de la SNCF, dont les TGV Sud-Est et Sud-Ouest. Ils r\u00e9clament des hausses des salaires, \u00ab\u00a0une prime Covid\u00a0\u00bb, l&rsquo;am\u00e9lioration des conditions de travail ou encore des embauches pour pallier des effectifs insuffisants.<\/p>\n\n\n\n<p>\u00ab\u00a0Les discussions se poursuivent. (&#8230;) On n&rsquo;\u00e9tait pas tr\u00e8s loin d&rsquo;un compromis hier (mardi) soir\u00a0\u00bb, a signal\u00e9 le PDG de la SNCF, Jean-Pierre Farandou, mercredi matin au Club de l&rsquo;\u00e9conomie du journal Le Monde. \u00ab\u00a0Cette gr\u00e8ve, si elle arrivait, (&#8230;) interviendrait \u00e0 un tr\u00e8s mauvais moment\u00a0\u00bb, avec les vacances de No\u00ebl et l&rsquo;arriv\u00e9e de la concurrence des trains \u00e0 grande vitesse de Trenitalia \u00e0 la gare de Lyon samedi, a-t-il d\u00e9plor\u00e9.<\/p>\n\n\n\n<p>La direction a fait des avanc\u00e9es et \u00ab\u00a0j&rsquo;esp\u00e8re que les (&#8230;) syndicats comprendront cette n\u00e9cessit\u00e9 de compromis, mais ce n&rsquo;est pas gagn\u00e9, ce n&rsquo;est pas fait\u00a0\u00bb, a-t-il soulign\u00e9, parlant d&rsquo;un \u00ab\u00a0petit espoir\u00a0\u00bb. M\u00eame espoir au gouvernement: \u00ab\u00a0J&rsquo;ai eu un des leaders syndicaux qui a dit esp\u00e9rer une sortie de conflit en fin de matin\u00e9e (mercredi), c&rsquo;est en tout cas le souhait que j&rsquo;ai\u00a0\u00bb, a d\u00e9clar\u00e9 sur RMC le ministre d\u00e9l\u00e9gu\u00e9 aux Transports, Jean-Baptiste Djebbari, en lan\u00e7ant un \u00ab\u00a0appel \u00e0 la responsabilit\u00e9\u00a0\u00bb en direction des syndicats.<\/p>\n\n\n\n<p>Mais \u00ab\u00a0il reste des points bloquants\u00a0\u00bb, a d\u00e9clar\u00e9 \u00e0 l&rsquo;AFP \u00c9rik Meyer, l&rsquo;un des secr\u00e9taires f\u00e9d\u00e9raux de SUD-Rail. \u00ab\u00a0Il y aura des trains pour partir en vacances. Le sujet, c&rsquo;est de savoir combien\u00a0\u00bb, a not\u00e9 M. Djebbari. \u00ab\u00a0De toute fa\u00e7on\u00a0\u00bb, les pr\u00e9visions de trafic seront \u00ab\u00a0communiqu\u00e9es aux voyageurs dans le courant de l&rsquo;apr\u00e8s-midi\u00a0\u00bb, a pr\u00e9cis\u00e9 M. Farandou. \u00ab\u00a0La SNCF est en perte\u00a0\u00bb, a rappel\u00e9 le PDG, et \u00ab\u00a0dans ces conditions, envisager une augmentation salariale n&rsquo;est pas chose ais\u00e9e\u00a0\u00bb. Le secr\u00e9taire g\u00e9n\u00e9ral de la CFDT, Laurent Berger, a expliqu\u00e9 que son syndicat ne s&rsquo;associait pas \u00e0 ce mouvement \u00ab\u00a0pour une raison simple: c&rsquo;est qu&rsquo;on continue \u00e0 privil\u00e9gier la discussion et la n\u00e9gociation et que, franchement, le premier week-end des cong\u00e9s de No\u00ebl, \u00e7a ne nous para\u00eet pas appropri\u00e9 \u00e0 l&rsquo;\u00e9gard de la population\u00a0\u00bb.<br>\u00ab\u00a0Je le rappelle, la SNCF est en perte\u00a0\u00bb, a \u00e9galement soulign\u00e9 M. Farandou. Le groupe public devrait perdre \u00ab\u00a0entre 1,5 et 2\u00a0\u00bb milliards d&rsquo;euros cette ann\u00e9e et, \u00ab\u00a0dans ces conditions, envisager une augmentation salariale n&rsquo;est pas chose ais\u00e9e\u00a0\u00bb. \u00ab\u00a0On ne peut pas \u00eatre hyper g\u00e9n\u00e9reux \u00e0 la SNCF en ce moment. J&#8217;emprunte sur les march\u00e9s financiers pour payer les salaires du mois de d\u00e9cembre!\u00a0\u00bb <\/p>\n","protected":false},"excerpt":{"rendered":"<p>La direction de la SNCF a annonc\u00e9 que les syndicats SUD-Rail, CGT et Unsa maintenaient leur appel \u00e0 la gr\u00e8ve sur l&rsquo;axe TGV Sud-Est de vendredi \u00e0 dimanche, p\u00e9riode o\u00f9 elle pr\u00e9voit d\u00e9sormais un trafic \u00ab\u00a0tr\u00e8s d\u00e9grad\u00e9\u00a0\u00bb.&nbsp;La direction \u00ab\u00a0regrette que les n\u00e9gociations men\u00e9es depuis plusieurs jours (&#8230;) n&rsquo;aient pas permis d&rsquo;\u00e9viter le mouvement social \u00e0 [&hellip;]<\/p>\n","protected":false},"author":2,"featured_media":19724,"comment_status":"open","ping_status":"open","sticky":false,"template":"","format":"standard","meta":{"_jetpack_memberships_contains_paid_content":false,"footnotes":"","jetpack_publicize_message":"","jetpack_publicize_feature_enabled":true,"jetpack_social_post_already_shared":true,"jetpack_social_options":{"image_generator_settings":{"template":"highway","default_image_id":0,"font":"","enabled":false},"version":2},"_wpas_customize_per_network":false},"categories":[405],"tags":[],"class_list":["post-19723","post","type-post","status-publish","format-standard","has-post-thumbnail","hentry","category-actu-france-monde"],"jetpack_publicize_connections":[],"jetpack_featured_media_url":"https:\/\/i0.wp.com\/www.iceagetv.com\/radiosite\/wp-content\/uploads\/2021\/12\/Gr%C3%A8ve-%C3%A0-la-SNCF.jpg?fit=680%2C294&ssl=1","jetpack_sharing_enabled":true,"_links":{"self":[{"href":"https:\/\/www.iceagetv.com\/radiosite\/wp-json\/wp\/v2\/posts\/19723","targetHints":{"allow":["GET"]}}],"collection":[{"href":"https:\/\/www.iceagetv.com\/radiosite\/wp-json\/wp\/v2\/posts"}],"about":[{"href":"https:\/\/www.iceagetv.com\/radiosite\/wp-json\/wp\/v2\/types\/post"}],"author":[{"embeddable":true,"href":"https:\/\/www.iceagetv.com\/radiosite\/wp-json\/wp\/v2\/users\/2"}],"replies":[{"embeddable":true,"href":"https:\/\/www.iceagetv.com\/radiosite\/wp-json\/wp\/v2\/comments?post=19723"}],"version-history":[{"count":1,"href":"https:\/\/www.iceagetv.com\/radiosite\/wp-json\/wp\/v2\/posts\/19723\/revisions"}],"predecessor-version":[{"id":19725,"href":"https:\/\/www.iceagetv.com\/radiosite\/wp-json\/wp\/v2\/posts\/19723\/revisions\/19725"}],"wp:featuredmedia":[{"embeddable":true,"href":"https:\/\/www.iceagetv.com\/radiosite\/wp-json\/wp\/v2\/media\/19724"}],"wp:attachment":[{"href":"https:\/\/www.iceagetv.com\/radiosite\/wp-json\/wp\/v2\/media?parent=19723"}],"wp:term":[{"taxonomy":"category","embeddable":true,"href":"https:\/\/www.iceagetv.com\/radiosite\/wp-json\/wp\/v2\/categories?post=19723"},{"taxonomy":"post_tag","embeddable":true,"href":"https:\/\/www.iceagetv.com\/radiosite\/wp-json\/wp\/v2\/tags?post=19723"}],"curies":[{"name":"wp","href":"https:\/\/api.w.org\/{rel}","templated":true}]}}