{"id":19726,"date":"2021-12-15T19:57:07","date_gmt":"2021-12-15T19:57:07","guid":{"rendered":"http:\/\/www.iceagetv.com\/radiosite\/?p=19726"},"modified":"2021-12-15T19:57:07","modified_gmt":"2021-12-15T19:57:07","slug":"justice-a-paris-des-centaines-de-magistrats-manifestent-pour-reclamer-des-moyens","status":"publish","type":"post","link":"https:\/\/www.iceagetv.com\/radiosite\/justice-a-paris-des-centaines-de-magistrats-manifestent-pour-reclamer-des-moyens\/","title":{"rendered":"Justice : A Paris, des centaines de magistrats manifestent pour r\u00e9clamer des moyens"},"content":{"rendered":"\n<ul class=\"wp-block-list\"><li>A Paris, plusieurs centaines de magistrats, greffiers et avocats \u2013 650 selon la pr\u00e9fecture de police \u2013 se sont rassembl\u00e9s \u00e0 la mi-journ\u00e9e devant le minist\u00e8re de l\u2019Economie.<\/li><li>Trois semaines apr\u00e8s la d\u00e9flagration d\u2019une tribune criant l\u2019\u00e9puisement et la perte de sens de ceux qui rendent la justice au quotidien, les manifestants ont r\u00e9clam\u00e9 davantage de moyens humains et mat\u00e9riels.<\/li><li>Une d\u00e9l\u00e9gation de l\u2019intersyndicale devait \u00eatre re\u00e7ue \u00e0 19 h par le cabinet du ministre des Comptes publics.<\/li><\/ul>\n\n\n\n<p>Le lieu du rassemblement n\u2019a pas \u00e9t\u00e9 choisi par hasard. Plusieurs centaines de&nbsp;<a href=\"https:\/\/www.20minutes.fr\/justice\/3190839-20211207-justice-pleurais-toilettes-chaque-suspension-audience-magistrats-greffiers-racontent-envers-decor\">magistrats, de greffiers<\/a>&nbsp;et d\u2019avocats se sont rassembl\u00e9s, mercredi, \u00e0 Paris, devant le minist\u00e8re de l\u2019Economie, pour r\u00e9clamer davantage de moyens humains et mat\u00e9riels pour la&nbsp;<a href=\"https:\/\/www.20minutes.fr\/justice\/\">justice<\/a>. \u00ab&nbsp;Les moyens, c\u2019est Bercy qui les d\u00e9cide&nbsp;\u00bb, r\u00e9sume Ludovic Friat, secr\u00e9taire g\u00e9n\u00e9ral de l\u2019Union syndicale des magistrats et vice-pr\u00e9sident du tribunal judiciaire de Bobigny. \u00ab&nbsp;On est arriv\u00e9 \u00e0 un niveau de d\u00e9gradation de la justice qui n\u2019est pas supportable, insiste-t-il. Pas supportable pour les juges, mais surtout vis-\u00e0-vis des justiciables. La qualit\u00e9 des d\u00e9cisions que l\u2019on rend, c\u2019est indigne.&nbsp;\u00bb<\/p>\n\n\n\n<p>Les deux principaux syndicats de magistrats avaient&nbsp;<a href=\"https:\/\/www.20minutes.fr\/societe\/3196519-20211215-justice-pourquoi-appel-greve-magistrats-mercredi-historique\">d\u00e9pos\u00e9 des pr\u00e9avis de gr\u00e8ve<\/a>&nbsp;et appel\u00e9, aux c\u00f4t\u00e9s de 15 autres organisations syndicales et professionnelles de magistrats, personnels de greffe et avocats \u00e0 renvoyer \u00ab&nbsp;massivement&nbsp;\u00bb les audiences. Cette journ\u00e9e nationale d\u2019action intervient trois semaines apr\u00e8s la publication d\u2019une&nbsp;<a href=\"https:\/\/www.20minutes.fr\/societe\/3182223-20211125-justice-refuse-voir-realite-eric-dupond-moretti-face-malaise-magistrats\">tribune criant malaise et perte de sens<\/a>, d\u00e9sormais sign\u00e9e par 7.550 professionnels, dont 5.476 magistrats sur 9.000 et 1.583 fonctionnaires de greffe. Parmi les signataires du texte, cette jeune magistrate affect\u00e9e \u00e0 Bobigny, \u00ab&nbsp;la deuxi\u00e8me juridiction de France apr\u00e8s Paris&nbsp;\u00bb. \u00ab&nbsp;Pourtant, nous n\u2019avons que 55 magistrats au parquet, math\u00e9matiquement ce n\u2019est pas possible&nbsp;\u00bb, souffle-t-elle.<\/p>\n\n\n\n<h2 class=\"wp-block-heading\">\u00ab&nbsp;En 2021, il y a des proc\u00e9dures de 2013 qui sont jug\u00e9es&nbsp;\u00bb<\/h2>\n\n\n\n<p>Dans cette juridiction, les juges n\u2019ont pas toujours le temps pr\u00e9parer les audiences qui, bien souvent, se terminent tard dans la nuit, poursuit-elle. Les dossiers s\u2019empilent sur les bureaux des magistrats, qui ne sont pas assez nombreux pour les traiter en temps et en heure. \u00ab\u00a0En 2021, il y a des proc\u00e9dures de 2013 qui sont jug\u00e9es huit\u00a0ou neuf ans apr\u00e8s les faits, avec des audiences qui s\u2019ach\u00e8vent \u00e0 23 h 30\u00a0\u00bb, souligne l\u2019un de ses coll\u00e8gues qui, comme elle, a requis l\u2019anonymat.<\/p>\n\n\n\n<p>La publication de la tribune dans&nbsp;<em>Le Monde<\/em>&nbsp;a entra\u00een\u00e9 une mobilisation in\u00e9dite de la profession. \u00ab&nbsp;Il est rare que la grande majorit\u00e9 des magistrats expriment \u00e0 la fois des revendications sur les moyens, mais aussi, pour la premi\u00e8re fois, expriment publiquement leurs souffrances au travail&nbsp;\u00bb, remarque Laetitia Brunin, 1re vice-procureure au parquet de Nanterre, dans les Hauts-de-Seine. Les magistrats, dit-elle, \u00ab&nbsp;portent un id\u00e9al de justice. Mais parfois ils arrivent \u00e0 la limite de ce qui est possible de faire, tant sur un plan physique que psychique, pour \u00eatre \u00e0 la hauteur de cet id\u00e9al&nbsp;\u00bb. Elle d\u00e9nonce les cons\u00e9quences de ce manque de moyens dont souffre la justice&nbsp;:&nbsp;\u00ab&nbsp;Cela va de la n\u00e9cessit\u00e9 de prendre des permanences t\u00e9l\u00e9phoniques de nuit sur nos t\u00e9l\u00e9phones portables personnels, jusqu\u2019\u00e0 un nombre limit\u00e9 de stylos-billes&nbsp;pour faire signer les citoyens.&nbsp;\u00bb<\/p>\n\n\n\n<h2 class=\"wp-block-heading\">\u00ab&nbsp;C\u2019est vraiment le moment ou jamais&nbsp;\u00bb<\/h2>\n\n\n\n<p>Le ministre de la Justice, \u00c9ric Dupond-Moretti, s\u2019efforce depuis quelques jours de&nbsp;<a href=\"https:\/\/www.20minutes.fr\/justice\/3196723-20211213-justice-repare-urgences-plus-criantes-eric-dupond-moretti-defend-bilan\">d\u00e9fendre son bilan&nbsp;<\/a>et souligne que le manque de moyens de la justice ne date pas d\u2019hier. \u00ab&nbsp;Ce qui est exact, c\u2019est que cela fait des ann\u00e9es que cela dure. Mais il arrive un moment o\u00f9 cela ne peut plus fonctionner&nbsp;\u00bb, estime B\u00e9atrice Champeau-Renault, pr\u00e9sidente de chambre \u00e0 la cour d\u2019appel de Paris. \u00ab&nbsp;Il va falloir que des mesures soient prises&nbsp;:&nbsp;ce qui nous manque, ce sont des magistrats, des greffiers\u2026 On ne peut pas \u00e9ternellement nous dire qu\u2019on ne sait pas s\u2019organiser. La plupart des coll\u00e8gues, du parquet ou du si\u00e8ge, travaillent le soir, le week-end, durant les vacances. Et \u00e7a ne suffit pas.&nbsp;\u00bb<\/p>\n\n\n\n<p>Magistrate depuis trente ans, elle salue le \u00ab&nbsp;grand courage&nbsp;\u00bb de ses jeunes confr\u00e8res \u00e0 l\u2019origine de la tribune publi\u00e9e dans&nbsp;<em>Le Monde<\/em>. \u00ab&nbsp;Je me dis que c\u2019est vraiment le moment ou jamais, la justice ne peut plus fonctionner, c\u2019est termin\u00e9.&nbsp;\u00bb<\/p>\n\n\n\n<p><\/p>\n","protected":false},"excerpt":{"rendered":"<p>A Paris, plusieurs centaines de magistrats, greffiers et avocats \u2013 650 selon la pr\u00e9fecture de police \u2013 se sont rassembl\u00e9s \u00e0 la mi-journ\u00e9e devant le minist\u00e8re de l\u2019Economie. Trois semaines apr\u00e8s la d\u00e9flagration d\u2019une tribune criant l\u2019\u00e9puisement et la perte de sens de ceux qui rendent la justice au quotidien, les manifestants ont r\u00e9clam\u00e9 davantage [&hellip;]<\/p>\n","protected":false},"author":2,"featured_media":19727,"comment_status":"open","ping_status":"open","sticky":false,"template":"","format":"standard","meta":{"_jetpack_memberships_contains_paid_content":false,"footnotes":"","jetpack_publicize_message":"","jetpack_publicize_feature_enabled":true,"jetpack_social_post_already_shared":true,"jetpack_social_options":{"image_generator_settings":{"template":"highway","default_image_id":0,"font":"","enabled":false},"version":2},"_wpas_customize_per_network":false},"categories":[405],"tags":[2774],"class_list":["post-19726","post","type-post","status-publish","format-standard","has-post-thumbnail","hentry","category-actu-france-monde","tag-a-paris"],"jetpack_publicize_connections":[],"jetpack_featured_media_url":"https:\/\/i0.wp.com\/www.iceagetv.com\/radiosite\/wp-content\/uploads\/2021\/12\/A-Paris-des-centaines-de-magistrats-manifestent-pour-r%C3%A9clamer-des-moyens.png?fit=662%2C342&ssl=1","jetpack_sharing_enabled":true,"_links":{"self":[{"href":"https:\/\/www.iceagetv.com\/radiosite\/wp-json\/wp\/v2\/posts\/19726","targetHints":{"allow":["GET"]}}],"collection":[{"href":"https:\/\/www.iceagetv.com\/radiosite\/wp-json\/wp\/v2\/posts"}],"about":[{"href":"https:\/\/www.iceagetv.com\/radiosite\/wp-json\/wp\/v2\/types\/post"}],"author":[{"embeddable":true,"href":"https:\/\/www.iceagetv.com\/radiosite\/wp-json\/wp\/v2\/users\/2"}],"replies":[{"embeddable":true,"href":"https:\/\/www.iceagetv.com\/radiosite\/wp-json\/wp\/v2\/comments?post=19726"}],"version-history":[{"count":1,"href":"https:\/\/www.iceagetv.com\/radiosite\/wp-json\/wp\/v2\/posts\/19726\/revisions"}],"predecessor-version":[{"id":19728,"href":"https:\/\/www.iceagetv.com\/radiosite\/wp-json\/wp\/v2\/posts\/19726\/revisions\/19728"}],"wp:featuredmedia":[{"embeddable":true,"href":"https:\/\/www.iceagetv.com\/radiosite\/wp-json\/wp\/v2\/media\/19727"}],"wp:attachment":[{"href":"https:\/\/www.iceagetv.com\/radiosite\/wp-json\/wp\/v2\/media?parent=19726"}],"wp:term":[{"taxonomy":"category","embeddable":true,"href":"https:\/\/www.iceagetv.com\/radiosite\/wp-json\/wp\/v2\/categories?post=19726"},{"taxonomy":"post_tag","embeddable":true,"href":"https:\/\/www.iceagetv.com\/radiosite\/wp-json\/wp\/v2\/tags?post=19726"}],"curies":[{"name":"wp","href":"https:\/\/api.w.org\/{rel}","templated":true}]}}