{"id":19729,"date":"2021-12-16T07:21:01","date_gmt":"2021-12-16T07:21:01","guid":{"rendered":"http:\/\/www.iceagetv.com\/radiosite\/?p=19729"},"modified":"2021-12-16T07:21:01","modified_gmt":"2021-12-16T07:21:01","slug":"covid-19-gilets-jaunes-reforme-des-retraites-ce-quil-faut-retenir-de-linterview-demmanuel-macron-sur-tf1","status":"publish","type":"post","link":"https:\/\/www.iceagetv.com\/radiosite\/covid-19-gilets-jaunes-reforme-des-retraites-ce-quil-faut-retenir-de-linterview-demmanuel-macron-sur-tf1\/","title":{"rendered":"Covid-19, gilets jaunes, r\u00e9forme des retraites\u2026 Ce qu\u2019il faut retenir de l\u2019interview d\u2019Emmanuel Macron sur TF1"},"content":{"rendered":"\n<p>L\u2019interview intitul\u00e9e&nbsp;<a href=\"https:\/\/www.sudouest.fr\/france\/macron-defend-son-bilan-sur-tf1-ses-rivaux-denoncent-une-atteinte-a-l-equite-7358276.php\">\u00ab&nbsp;O\u00f9 va la France&nbsp;?&nbsp;\u00bb, enregistr\u00e9e dans les conditions du direct<\/a>&nbsp;mais malgr\u00e9 tout mont\u00e9e, \u00e9tait diffus\u00e9e ce mercredi 15&nbsp;d\u00e9cembre depuis 21 heures sur TF1 et LCI. Une&nbsp;<a href=\"https:\/\/www.lci.fr\/emission\/emmanuel-macron-ou-va-la-france-12824\/\" target=\"_blank\" rel=\"noreferrer noopener\">\u00e9mission<\/a>&nbsp;qui devait permettre \u00e0 Emmanuel Macron de \u00ab&nbsp;r\u00e9pondre aux questions que se posent les Fran\u00e7ais&nbsp;\u00bb et de s\u2019exprimer \u00ab&nbsp;sur la mani\u00e8re dont il a v\u00e9cu son quinquennat&nbsp;\u00bb et \u00ab&nbsp;sa vision de l\u2019avenir&nbsp;\u00bb, selon le groupe TF1.<\/p>\n\n\n\n<p>\u00ab\u00a0Il est bon de voir o\u00f9 notre pays se trouve\u00a0\u00bb, a entam\u00e9 Emmanuel Macron, qui voulait \u00ab\u00a0essayer de r\u00e9capituler le chemin fait, et voir vers quoi notre pays et l\u2019Europe vont.\u00a0\u00bbLe chef de l\u2019\u00c9tat s\u2019est d\u2019abord exprim\u00e9 sur la crise sanitaire. Il a assur\u00e9 que tous les Fran\u00e7ais auront acc\u00e8s \u00e0 leur troisi\u00e8me dose de vaccin. \u00ab\u00a0Le maximum est fait par nos soignants, on mobilise beaucoup de monde. Cette semaine, on \u00e9tait \u00e0 environ 700\u00a0000 vaccinations par jour\u00a0\u00bb, a-t-il rappel\u00e9 en encourageant une nouvelle fois les Fran\u00e7ais \u00e0 se faire vacciner. Selon lui, \u00ab\u00a0il est tr\u00e8s probable que l\u2019on doive aller vers des rappels r\u00e9guliers\u00a0\u00bb.<\/p>\n\n\n\n<h2 class=\"wp-block-heading\">La crise sanitaire \u00ab&nbsp;nous a tous chang\u00e9s&nbsp;\u00bb<\/h2>\n\n\n\n<p>Emmanuel Macron est \u00e9galement revenu sur la vaccination des 5-11 ans, qu\u2019il juge \u00ab\u00a0souhaitable\u00a0\u00bb, m\u00eame s\u2019il indique que c\u2019est \u00ab\u00a0le choix des parents\u00a0\u00bb que de faire vacciner ou non leurs enfants.<\/p>\n\n\n\n<h2 class=\"wp-block-heading\">Je n\u2019ai jamais \u00e9t\u00e9 le pr\u00e9sident des riches&nbsp;\u00bb<\/h2>\n\n\n\n<p>Emmanuel Macron a \u00e9voqu\u00e9 son image. \u00ab&nbsp;Je n\u2019ai jamais \u00e9t\u00e9 le pr\u00e9sident des riches. Je sais d\u2019o\u00f9 je viens&nbsp;\u00bb, a-t-il assur\u00e9 en citant sa famille. Mes valeurs ne sont pas celles d\u2019un pr\u00e9sident des riches. Je suis ambitieux pour notre pays, je suis pour un pays fort \u00e9conomiquement, mais pour un pays juste.&nbsp;\u00bb<\/p>\n\n\n\n<p>Le chef de l\u2019\u00c9tat est revenu sur ses propos parfois blessants et selon lui sortis de leur contexte (\u00abpognon de dingue&nbsp;\u00bb, \u00ab&nbsp;les gens qui ne sont rien&nbsp;\u00bb ou le fait de trouver un boulot en \u00ab&nbsp;traversant la rue&nbsp;\u00bb). \u00ab&nbsp;Dans certains de mes propos, j\u2019ai bless\u00e9 des gens et je pense qu\u2019on peut bouger des choses sans blesser des gens. Et c\u2019est \u00e7a que je ne referai plus parce que, au moment o\u00f9 je l\u2019ai fait, je n\u2019ai pas mesur\u00e9 que je blessais&nbsp;\u00bb, a-t-il insist\u00e9.<\/p>\n\n\n\n<h2 class=\"wp-block-heading\">L\u2019affaire Benalla, \u00ab&nbsp;une affaire d\u2019\u00e9t\u00e9&nbsp;\u00bb<\/h2>\n\n\n\n<p>Sur l\u2019affaire Benalla, \u00ab&nbsp;on se souvient tous de cet \u00e9t\u00e9 2018&nbsp;\u00bb, relate Emmanuel Macron, \u00ab&nbsp;une affaire d\u2019\u00e9t\u00e9 plut\u00f4t qu\u2019une affaire d\u2019\u00c9tat&nbsp;\u00bb selon lui. \u00ab&nbsp;Alexandre Benalla n\u2019a pas \u00e9t\u00e9 prot\u00e9g\u00e9 plus que ce qu\u2019il devait \u00eatre&nbsp;\u00bb, assure-t-il.<\/p>\n\n\n\n<h2 class=\"wp-block-heading\">Sur la crise des gilets jaunes<\/h2>\n\n\n\n<p>Le chef de l\u2019\u00c9tat est revenu sur la crise des gilets jaunes, un moment fort de son quinquennat et notamment sur sa visite au Puy-en-Velay&nbsp;o\u00f9 il a \u00e9t\u00e9 interpell\u00e9 par des manifestants. Au sujet des d\u00e9gradations sur l\u2019Arc de Triomphe&nbsp;: \u00ab&nbsp;J\u2019ai vu la violence absurde&nbsp;\u00bb, a-t-il d\u00e9clar\u00e9.<\/p>\n\n\n\n<p>Interrog\u00e9 sur sa propre responsabilit\u00e9 dans la crise, Emmanuel Macron a conc\u00e9d\u00e9 \u00ab&nbsp;qu\u2019il y avait eu \u00e0 ce moment-l\u00e0 des erreurs qui ont \u00e9t\u00e9 faites&nbsp;\u00bb. \u00ab&nbsp;On a pris des d\u00e9cisions qui ont \u00e9t\u00e9 v\u00e9cues par nos compatriotes comme \u00e9tant&nbsp;: \u2018On ne comprend pas pourquoi ils les prennent, mais ils viennent nous emp\u00eacher de vivre\u2019\u00bb, a-t-il insist\u00e9.<\/p>\n\n\n\n<h2 class=\"wp-block-heading\">Sur la r\u00e9forme des retraites<\/h2>\n\n\n\n<p>Emmanuel Macron a fait le point sur les r\u00e9formes qu\u2019il a men\u00e9es. Sur les 80km\/heure, il a indiqu\u00e9 que c\u2019\u00e9tait arriv\u00e9 \u00ab&nbsp;\u00e0 un moment o\u00f9 nos compatriotes n\u2019ont pas compris cette d\u00e9cision. Elle a \u00e9t\u00e9 appliqu\u00e9e de mani\u00e8re trop uniforme sur le territoire&nbsp;\u00bb.<\/p>\n\n\n\n<p>Interrog\u00e9 sur la r\u00e9forme qui restera de son quinquennat, le pr\u00e9sident a indiqu\u00e9&nbsp;: \u00ab&nbsp;Je ne suis pas s\u00fbr qu\u2019il faille chercher la r\u00e9forme symbole. Il faut plut\u00f4t accompagner notre pays face \u00e0 un monde qui change.&nbsp;\u00bb Le chef de l\u2019\u00c9tat a notamment \u00e9voqu\u00e9 la r\u00e9forme de l\u2019Assurance-ch\u00f4mage, qui selon lui, \u00ab&nbsp;n\u2019avait pas \u00e9t\u00e9 faite depuis 5 ans&nbsp;\u00bb.<\/p>\n\n\n\n<p>Sur la r\u00e9forme des retraites, il explique qu\u2019elle n\u2019a pas \u00e9t\u00e9 r\u00e9alis\u00e9e en raison de la crise sanitaire mais qu\u2019elle reste \u00ab&nbsp;indispensable&nbsp;\u00bb. \u00ab&nbsp;S\u2019il n\u2019y avait pas eu l\u2019\u00e9pid\u00e9mie, cette r\u00e9forme serait all\u00e9e \u00e0 son terme [\u2026] Mais je ne pense pas qu\u2019il faille faire la m\u00eame r\u00e9forme qu\u2019envisag\u00e9e. Il est clair qu\u2019il faudra<\/p>\n\n\n\n<h2 class=\"wp-block-heading\">Sur l\u2019emploi et l\u2019\u00e9conomie<\/h2>\n\n\n\n<p>Emmanuel Macron s\u2019est \u00e9galement f\u00e9licit\u00e9 d\u2019avoir cr\u00e9\u00e9 plus d\u2019un million d\u2019emplois les crises&nbsp;: \u00ab&nbsp;Nous allons quasiment atteindre cette ann\u00e9e 680&nbsp;000 apprentis, c\u2019est-\u00e0-dire des jeunes que l\u2019on forme et \u00e0 qui l\u2019on met le pied \u00e0 l\u2019\u00e9trier. On n\u2019a jamais cr\u00e9\u00e9 autant d\u2019entreprises, on n\u2019a jamais eu aussi peu de faillites. Donc quelque chose s\u2019est pass\u00e9 dans notre vie \u00e9conomique.&nbsp;\u00bb<\/p>\n\n\n\n<p>Concernant la dette du pays&nbsp;: \u00ab&nbsp;Comme dit la formule, les dettes, ce sont les imp\u00f4ts qui ne sont pas encore pay\u00e9s. C\u2019est tout \u00e0 fait vrai. Il ne faut pas mentir aux Fran\u00e7ais&nbsp;\u00bb, a reconnu le pr\u00e9sident, ajoutant que la situation \u00ab&nbsp;imposait la vigilance&nbsp;\u00bb.<\/p>\n\n\n\n<h2 class=\"wp-block-heading\">Sur les violences faites aux femmes<\/h2>\n\n\n\n<p>Sur ce th\u00e8me, le chef de l\u2019\u00c9tat a \u00e9voqu\u00e9 une meilleure formation des forces de l\u2019ordre, les t\u00e9l\u00e9phones graves dangers, les h\u00e9bergements d\u2019urgences.<\/p>\n\n\n\n<p>Au sujet de&nbsp;<a href=\"https:\/\/www.sudouest.fr\/culture\/people\/nicolas-hulot-le-parquet-ouvre-une-enquete-pour-viol-et-agressions-sexuelle-7132258.php\" target=\"_blank\" rel=\"noreferrer noopener\">son ancien ministre Nicolas Hulot, accus\u00e9 de viol,<\/a>&nbsp;Emmanuel Macron a indiqu\u00e9&nbsp;: \u00ab&nbsp;En 2018, j\u2019ai fait comme \u00e0 chaque fois quand il y a des accusations contre un ministre, nous avons vu Nicolas Hulot (avec Edouard Philippe), il a ni\u00e9 avec beaucoup de force. L\u2019affaire judiciaire \u00e9tait class\u00e9e, il n\u2019y avait aucune proc\u00e9dure en cours. Il a ni\u00e9&nbsp;: \u2018tout cela est une calomnie et c\u2019est faux\u2019. Il est rest\u00e9 ministre, qu\u2019est-ce que nous aurions pu faire&nbsp;? Les ministres ont les m\u00eames devoirs que les autres, mais aussi les m\u00eames droits.&nbsp;\u00bb<\/p>\n\n\n\n<p>\u00ab&nbsp;Si d\u00e8s qu\u2019il y a une rumeur, ou une accusation qui peut \u00eatre vraie, vous dites \u2018c\u2019est fini\u2019, alors il n\u2019y a plus de vie en soci\u00e9t\u00e9 possible.&nbsp;\u00bb<\/p>\n\n\n\n<h2 class=\"wp-block-heading\">Sur le terrorisme<\/h2>\n\n\n\n<p>Le chef de l\u2019\u00c9tat a \u00e9voqu\u00e9<a href=\"https:\/\/www.sudouest.fr\/politique\/education\/samuel-paty-un-an-jour-pour-jour-apres-l-assassinat-des-hommages-dans-sa-ville-son-college-et-a-l-elysee-6578212.php\" target=\"_blank\" rel=\"noreferrer noopener\">&nbsp;l\u2019assassinat de Samuel Paty<\/a>, \u00ab&nbsp;une sid\u00e9ration terrible&nbsp;\u00bb et a d\u00e9taill\u00e9 ses actions contre l\u2019islamisme radical. Parmi elles, les fermetures d\u2019\u00e9coles ou de mosqu\u00e9es et \u00ab&nbsp;le combat civilisationnel&nbsp;\u00bb men\u00e9.<\/p>\n\n\n\n<h2 class=\"wp-block-heading\">Sur la pr\u00e9sidentielle 2022<\/h2>\n\n\n\n<p>Concernant son \u00e9ventuelle candidature \u00e0 la pr\u00e9sidentielle 2022, le pr\u00e9sident a seulement d\u00e9clar\u00e9&nbsp;: \u00ab&nbsp;Si la question c\u2019est \u2018est-ce que vous avez de l\u2019ambition pour le pays au-del\u00e0 du mois d\u2019avril prochain&nbsp;?\u2019, mais bien s\u00fbr, d\u2019\u00e9vidence&nbsp;! Mais je me dois, dans un moment o\u00f9 il y a beaucoup d\u2019agitation, de ressentiment, prendre des d\u00e9cisions difficiles pour passer le cap de la cinqui\u00e8me vague.&nbsp;<\/p>\n\n\n\n<p><\/p>\n","protected":false},"excerpt":{"rendered":"<p>L\u2019interview intitul\u00e9e&nbsp;\u00ab&nbsp;O\u00f9 va la France&nbsp;?&nbsp;\u00bb, enregistr\u00e9e dans les conditions du direct&nbsp;mais malgr\u00e9 tout mont\u00e9e, \u00e9tait diffus\u00e9e ce mercredi 15&nbsp;d\u00e9cembre depuis 21 heures sur TF1 et LCI. Une&nbsp;\u00e9mission&nbsp;qui devait permettre \u00e0 Emmanuel Macron de \u00ab&nbsp;r\u00e9pondre aux questions que se posent les Fran\u00e7ais&nbsp;\u00bb et de s\u2019exprimer \u00ab&nbsp;sur la mani\u00e8re dont il a v\u00e9cu son quinquennat&nbsp;\u00bb et \u00ab&nbsp;sa [&hellip;]<\/p>\n","protected":false},"author":2,"featured_media":19730,"comment_status":"open","ping_status":"open","sticky":false,"template":"","format":"standard","meta":{"_jetpack_memberships_contains_paid_content":false,"footnotes":"","jetpack_publicize_message":"","jetpack_publicize_feature_enabled":true,"jetpack_social_post_already_shared":true,"jetpack_social_options":{"image_generator_settings":{"template":"highway","default_image_id":0,"font":"","enabled":false},"version":2},"_wpas_customize_per_network":false},"categories":[405],"tags":[],"class_list":["post-19729","post","type-post","status-publish","format-standard","has-post-thumbnail","hentry","category-actu-france-monde"],"jetpack_publicize_connections":[],"jetpack_featured_media_url":"https:\/\/i0.wp.com\/www.iceagetv.com\/radiosite\/wp-content\/uploads\/2021\/12\/macron-1.jpg?fit=1000%2C500&ssl=1","jetpack_sharing_enabled":true,"_links":{"self":[{"href":"https:\/\/www.iceagetv.com\/radiosite\/wp-json\/wp\/v2\/posts\/19729","targetHints":{"allow":["GET"]}}],"collection":[{"href":"https:\/\/www.iceagetv.com\/radiosite\/wp-json\/wp\/v2\/posts"}],"about":[{"href":"https:\/\/www.iceagetv.com\/radiosite\/wp-json\/wp\/v2\/types\/post"}],"author":[{"embeddable":true,"href":"https:\/\/www.iceagetv.com\/radiosite\/wp-json\/wp\/v2\/users\/2"}],"replies":[{"embeddable":true,"href":"https:\/\/www.iceagetv.com\/radiosite\/wp-json\/wp\/v2\/comments?post=19729"}],"version-history":[{"count":1,"href":"https:\/\/www.iceagetv.com\/radiosite\/wp-json\/wp\/v2\/posts\/19729\/revisions"}],"predecessor-version":[{"id":19731,"href":"https:\/\/www.iceagetv.com\/radiosite\/wp-json\/wp\/v2\/posts\/19729\/revisions\/19731"}],"wp:featuredmedia":[{"embeddable":true,"href":"https:\/\/www.iceagetv.com\/radiosite\/wp-json\/wp\/v2\/media\/19730"}],"wp:attachment":[{"href":"https:\/\/www.iceagetv.com\/radiosite\/wp-json\/wp\/v2\/media?parent=19729"}],"wp:term":[{"taxonomy":"category","embeddable":true,"href":"https:\/\/www.iceagetv.com\/radiosite\/wp-json\/wp\/v2\/categories?post=19729"},{"taxonomy":"post_tag","embeddable":true,"href":"https:\/\/www.iceagetv.com\/radiosite\/wp-json\/wp\/v2\/tags?post=19729"}],"curies":[{"name":"wp","href":"https:\/\/api.w.org\/{rel}","templated":true}]}}