{"id":19733,"date":"2021-12-16T10:14:26","date_gmt":"2021-12-16T10:14:26","guid":{"rendered":"http:\/\/www.iceagetv.com\/radiosite\/?p=19733"},"modified":"2021-12-16T10:14:26","modified_gmt":"2021-12-16T10:14:26","slug":"marcel-meys-le-doyen-des-francais-est-decede-a-lage-de-112-ans","status":"publish","type":"post","link":"https:\/\/www.iceagetv.com\/radiosite\/marcel-meys-le-doyen-des-francais-est-decede-a-lage-de-112-ans\/","title":{"rendered":"Marcel Meys, le doyen des Fran\u00e7ais, est d\u00e9c\u00e9d\u00e9 \u00e0 l\u2019\u00e2ge de 112 ans"},"content":{"rendered":"\n<p>Marcel Meys est mort dans la nuit de mardi \u00e0 mercredi \u00e0 l\u2019h\u00f4pital de Vienne (Is\u00e8re) apr\u00e8s avoir contract\u00e9 le Covid-19.<\/p>\n\n\n\n<p>Hospitalis\u00e9 \u00e0 Vienne (Is\u00e8re) il y a une douzaine de jours, Marcel Meys, connu comme le doyen des Fran\u00e7ais, est mort dans la nuit de mardi \u00e0 mercredi apr\u00e8s avoir contract\u00e9 le Covid-19. \u00ab Il vivait toujours chez lui mais il a eu le Covid et la situation s\u2019est d\u00e9grad\u00e9e, il \u00e9tait plac\u00e9 sous oxyg\u00e8ne, ils ont fait l\u2019impossible mais comment voulez-vous, \u00e0 112 ans\u2026 \u00bb, a d\u00e9clar\u00e9 \u00e0 l\u2019AFP Nicole Boiron, la fille unique, confirmant une information du&nbsp;<a href=\"https:\/\/www.ledauphine.com\/societe\/2021\/12\/15\/mort-de-marcel-meys-le-doyen-des-francais\" target=\"_blank\" rel=\"noreferrer noopener\">Dauphin\u00e9 Lib\u00e9r\u00e9.<\/a><\/p>\n\n\n\n<p>\u00ab Il \u00e9tait heureux parce qu\u2019il \u00e9tait chez lui, il avait toute sa t\u00eate, il vivait seul mais il \u00e9tait bien aid\u00e9 \u00bb, avec notamment l\u2019assistance d\u2019aides \u00e0 domicile, selon sa fille. N\u00e9 le 12 juillet 1909, \u00e0 Saint-Julien-de-l\u2019Herms (Is\u00e8re), il \u00e9tait devenu le doyen des Fran\u00e7ais apr\u00e8s le d\u00e9c\u00e8s, le 5 octobre, du&nbsp;<a href=\"https:\/\/www.leparisien.fr\/faits-divers\/le-doyen-des-francais-est-decede-a-lage-de-112-ans-05-10-2021-G6QQVZA3Q5G63KFG6XS4557EYA.php\" target=\"_blank\" rel=\"noreferrer noopener\">Martiniquais Jules Th\u00e9obald,<\/a>&nbsp;n\u00e9 le 17 avril 1909.<\/p>\n\n\n\n<h2 class=\"wp-block-heading\">\u00ab J\u2019en suis fier \u00bb<\/h2>\n\n\n\n<p>\u00ab J\u2019\u00e9tais le doyen de la M\u00e9tropole. Maintenant, je suis le doyen de la France enti\u00e8re ! \u00bb, avait-il d\u00e9clar\u00e9 avec une pointe humour au Dauphin\u00e9 Lib\u00e9r\u00e9, en apprenant la nouvelle. Le Rhodanien avait \u00e9t\u00e9 d\u00e9clar\u00e9 une premi\u00e8re fois &#8211; \u00e0 tort &#8211; homme le plus \u00e2g\u00e9 de France en octobre 2019.<\/p>\n\n\n\n<p>Contact\u00e9 au t\u00e9l\u00e9phone&nbsp;<a href=\"https:\/\/www.leparisien.fr\/societe\/marcel-meys-probable-nouveau-doyen-des-francais-a-110-ans-15-10-2019-8173335.php\" target=\"_blank\" rel=\"noreferrer noopener\">il y a deux ans, Marcel Meys<\/a>&nbsp;avait d\u00e9croch\u00e9 d\u2019un ton alerte. Vous vivez encore chez vous ? \u00ab Bien s\u00fbr ! je vis tout seul \u00bb, r\u00e9torque-t-il. \u00ab De temps en temps, il y a une amie qui passe \u00bb. Qu\u2019est-ce que cela fait d\u2019\u00eatre le doyen ? \u00ab Je le sais par le maire. J\u2019en suis fier quand m\u00eame parce qu\u2019il y en a qu\u2019un seul \u00bb, avait-il confi\u00e9. Aucun organisme officiel ne d\u00e9cerne le \u00ab titre \u00bb de doyen en France.<\/p>\n\n\n\n<p>Marcel Meys, qui a \u00e9t\u00e9 ambulancier et a v\u00e9cu les deux Guerres mondiales, entend et voit \u00ab difficilement \u00bb aujourd\u2019hui. Il pr\u00e9f\u00e8re donc rester loin des sollicitations m\u00e9diatiques. Ses obs\u00e8ques se tiendront mercredi 22 d\u00e9cembre \u00e0 Sainte-Colombe, une commune voisine de Saint-Romain-en-Gal, a pr\u00e9cis\u00e9 sa fille.<\/p>\n\n\n\n<p><\/p>\n","protected":false},"excerpt":{"rendered":"<p>Marcel Meys est mort dans la nuit de mardi \u00e0 mercredi \u00e0 l\u2019h\u00f4pital de Vienne (Is\u00e8re) apr\u00e8s avoir contract\u00e9 le Covid-19. Hospitalis\u00e9 \u00e0 Vienne (Is\u00e8re) il y a une douzaine de jours, Marcel Meys, connu comme le doyen des Fran\u00e7ais, est mort dans la nuit de mardi \u00e0 mercredi apr\u00e8s avoir contract\u00e9 le Covid-19. \u00ab [&hellip;]<\/p>\n","protected":false},"author":2,"featured_media":19734,"comment_status":"open","ping_status":"open","sticky":false,"template":"","format":"standard","meta":{"_jetpack_memberships_contains_paid_content":false,"footnotes":"","jetpack_publicize_message":"","jetpack_publicize_feature_enabled":true,"jetpack_social_post_already_shared":true,"jetpack_social_options":{"image_generator_settings":{"template":"highway","default_image_id":0,"font":"","enabled":false},"version":2},"_wpas_customize_per_network":false},"categories":[405],"tags":[],"class_list":["post-19733","post","type-post","status-publish","format-standard","has-post-thumbnail","hentry","category-actu-france-monde"],"jetpack_publicize_connections":[],"jetpack_featured_media_url":"https:\/\/i0.wp.com\/www.iceagetv.com\/radiosite\/wp-content\/uploads\/2021\/12\/Marcel-Meys.jpg?fit=932%2C582&ssl=1","jetpack_sharing_enabled":true,"_links":{"self":[{"href":"https:\/\/www.iceagetv.com\/radiosite\/wp-json\/wp\/v2\/posts\/19733","targetHints":{"allow":["GET"]}}],"collection":[{"href":"https:\/\/www.iceagetv.com\/radiosite\/wp-json\/wp\/v2\/posts"}],"about":[{"href":"https:\/\/www.iceagetv.com\/radiosite\/wp-json\/wp\/v2\/types\/post"}],"author":[{"embeddable":true,"href":"https:\/\/www.iceagetv.com\/radiosite\/wp-json\/wp\/v2\/users\/2"}],"replies":[{"embeddable":true,"href":"https:\/\/www.iceagetv.com\/radiosite\/wp-json\/wp\/v2\/comments?post=19733"}],"version-history":[{"count":1,"href":"https:\/\/www.iceagetv.com\/radiosite\/wp-json\/wp\/v2\/posts\/19733\/revisions"}],"predecessor-version":[{"id":19735,"href":"https:\/\/www.iceagetv.com\/radiosite\/wp-json\/wp\/v2\/posts\/19733\/revisions\/19735"}],"wp:featuredmedia":[{"embeddable":true,"href":"https:\/\/www.iceagetv.com\/radiosite\/wp-json\/wp\/v2\/media\/19734"}],"wp:attachment":[{"href":"https:\/\/www.iceagetv.com\/radiosite\/wp-json\/wp\/v2\/media?parent=19733"}],"wp:term":[{"taxonomy":"category","embeddable":true,"href":"https:\/\/www.iceagetv.com\/radiosite\/wp-json\/wp\/v2\/categories?post=19733"},{"taxonomy":"post_tag","embeddable":true,"href":"https:\/\/www.iceagetv.com\/radiosite\/wp-json\/wp\/v2\/tags?post=19733"}],"curies":[{"name":"wp","href":"https:\/\/api.w.org\/{rel}","templated":true}]}}