{"id":19747,"date":"2021-12-18T07:56:19","date_gmt":"2021-12-18T07:56:19","guid":{"rendered":"http:\/\/www.iceagetv.com\/radiosite\/?p=19747"},"modified":"2021-12-18T07:56:19","modified_gmt":"2021-12-18T07:56:19","slug":"alerte-enlevement-un-enfant-de-12-ans-a-ete-enleve-vendredi-soir-aux-alentours-de-19h30-a-fouquieres-les-lens-son-pere-le-principal-suspect-chercherait-a-sortir-du-territoire-national-selon-les","status":"publish","type":"post","link":"https:\/\/www.iceagetv.com\/radiosite\/alerte-enlevement-un-enfant-de-12-ans-a-ete-enleve-vendredi-soir-aux-alentours-de-19h30-a-fouquieres-les-lens-son-pere-le-principal-suspect-chercherait-a-sortir-du-territoire-national-selon-les\/","title":{"rendered":"Alerte enl\u00e8vement &#8211; Un enfant de 12 ans a \u00e9t\u00e9 enlev\u00e9 vendredi soir aux alentours de 19h30 \u00e0 Fouqui\u00e8res-l\u00e8s-Lens &#8211; Son p\u00e8re, le principal suspect, chercherait \u00e0 sortir du territoire national selon les autorit\u00e9s"},"content":{"rendered":"\n<p>Plac\u00e9 dans le cadre de la s\u00e9paration de ses parents depuis mardi sur d\u00e9cision d\u2019un juge des enfants, l\u2019enfant vit chez une assistante maternelle, a indiqu\u00e9 le parquet de B\u00e9thune. Le p\u00e8re aurait enlev\u00e9 son fils \u00ab sans aucune violence \u00bb, selon une source polici\u00e8re. Le gar\u00e7on est parti \u00ab volontairement \u00bb avec lui, a pr\u00e9cis\u00e9 une autre source polici\u00e8re.<\/p>\n\n\n\n<p>Il y a quelques semaines, le p\u00e8re avait \u00e9t\u00e9 \u00ab intercept\u00e9 \u00e0 l\u2019a\u00e9roport alors qu\u2019il s\u2019appr\u00eatait \u00e0 fuir hors Union Europ\u00e9enne, malgr\u00e9 une mesure lui faisant interdiction d\u2019emmener son fils \u00e0 l\u2019\u00e9tranger \u00bb, selon le parquet dans son communiqu\u00e9. \u00ab Il appara\u00eet ainsi d\u00e9termin\u00e9 dans son projet et potentiellement dangereux \u00bb, a ajout\u00e9 le parquet.<\/p>\n\n\n\n<p><strong>Hamza, 12 ans, a \u00e9t\u00e9 enlev\u00e9 vendredi soir aux alentours de 19h30 \u00e0 Fouqui\u00e8res-l\u00e8s-Lens, dans les Hauts-de-France. Son p\u00e8re, le principal suspect, chercherait \u00e0 sortir du territoire national selon les autorit\u00e9s qui ont lanc\u00e9 le dispositif Alerte enl\u00e8vement pour retrouver le jeune gar\u00e7on.<\/strong>&nbsp;Le plan alerte enl\u00e8vement a \u00e9t\u00e9 d\u00e9clench\u00e9 samedi matin pour un jeune gar\u00e7on de 12 ans, enlev\u00e9 vraisemblablement par son p\u00e8re \u00e0 Fouqui\u00e8res-l\u00e8s-Lens, dans le Pas-de-Calais.<\/p>\n\n\n\n<p>Hamza, 1m50, brun au teint mat et aux yeux noirs, a disparu depuis le vendredi 17 d\u00e9cembre aux alentours de 19h30 alors qu&rsquo;il se trouvait au 27 rue Pasteur de cette commune des Hauts-de-France.<\/p>\n\n\n\n<p>L&rsquo;enfant \u00e9tait v\u00eatu d&rsquo;un pyjama gris, d\u2019un pull bleu et d\u2019un manteau noir lorsqu&rsquo;il a \u00e9t\u00e9 vu pour la derni\u00e8re fois. Le suspect est son p\u00e8re, \u00e2g\u00e9 de 40 ans.<\/p>\n\n\n\n<p>Il mesure 1m73 et a le cr\u00e2ne ras\u00e9. Il \u00e9tait au volant vendredi d&rsquo;une Renault Twingo retrouv\u00e9e \u00e0 H\u00e9nin-Beaumont. Il serait susceptible de circuler d\u00e9sormais dans un break de couleur fonc\u00e9e et chercherait \u00e0 sortir du territoire national, selon les autorit\u00e9s.<\/p>\n\n\n\n<p>Ces derni\u00e8res pr\u00e9cisent de ne pas intervenir si vous localisez l&rsquo;enfant mais d&rsquo;appeler imm\u00e9diatement les forces de l&rsquo;ordre au 197 ou d&rsquo;envoyer un courriel \u00e0 l&rsquo;adresse&nbsp;alerte.enlevement@interieur.gouv.fr.<\/p>\n\n\n\n<p><\/p>\n","protected":false},"excerpt":{"rendered":"<p>Plac\u00e9 dans le cadre de la s\u00e9paration de ses parents depuis mardi sur d\u00e9cision d\u2019un juge des enfants, l\u2019enfant vit chez une assistante maternelle, a indiqu\u00e9 le parquet de B\u00e9thune. Le p\u00e8re aurait enlev\u00e9 son fils \u00ab sans aucune violence \u00bb, selon une source polici\u00e8re. Le gar\u00e7on est parti \u00ab volontairement \u00bb avec lui, a [&hellip;]<\/p>\n","protected":false},"author":2,"featured_media":19748,"comment_status":"open","ping_status":"open","sticky":false,"template":"","format":"standard","meta":{"_jetpack_memberships_contains_paid_content":false,"footnotes":"","jetpack_publicize_message":"","jetpack_publicize_feature_enabled":true,"jetpack_social_post_already_shared":true,"jetpack_social_options":{"image_generator_settings":{"template":"highway","default_image_id":0,"font":"","enabled":false},"version":2},"_wpas_customize_per_network":false},"categories":[405],"tags":[],"class_list":["post-19747","post","type-post","status-publish","format-standard","has-post-thumbnail","hentry","category-actu-france-monde"],"jetpack_publicize_connections":[],"jetpack_featured_media_url":"https:\/\/i0.wp.com\/www.iceagetv.com\/radiosite\/wp-content\/uploads\/2021\/12\/Un-enfant-de-12-ans-a-%C3%A9t%C3%A9-enlev%C3%A9-vendredi-soir-aux-alentours-de-19h30-%C3%A0-Fouqui%C3%A8res-l%C3%A8s-Lens.jpg?fit=920%2C397&ssl=1","jetpack_sharing_enabled":true,"_links":{"self":[{"href":"https:\/\/www.iceagetv.com\/radiosite\/wp-json\/wp\/v2\/posts\/19747","targetHints":{"allow":["GET"]}}],"collection":[{"href":"https:\/\/www.iceagetv.com\/radiosite\/wp-json\/wp\/v2\/posts"}],"about":[{"href":"https:\/\/www.iceagetv.com\/radiosite\/wp-json\/wp\/v2\/types\/post"}],"author":[{"embeddable":true,"href":"https:\/\/www.iceagetv.com\/radiosite\/wp-json\/wp\/v2\/users\/2"}],"replies":[{"embeddable":true,"href":"https:\/\/www.iceagetv.com\/radiosite\/wp-json\/wp\/v2\/comments?post=19747"}],"version-history":[{"count":1,"href":"https:\/\/www.iceagetv.com\/radiosite\/wp-json\/wp\/v2\/posts\/19747\/revisions"}],"predecessor-version":[{"id":19749,"href":"https:\/\/www.iceagetv.com\/radiosite\/wp-json\/wp\/v2\/posts\/19747\/revisions\/19749"}],"wp:featuredmedia":[{"embeddable":true,"href":"https:\/\/www.iceagetv.com\/radiosite\/wp-json\/wp\/v2\/media\/19748"}],"wp:attachment":[{"href":"https:\/\/www.iceagetv.com\/radiosite\/wp-json\/wp\/v2\/media?parent=19747"}],"wp:term":[{"taxonomy":"category","embeddable":true,"href":"https:\/\/www.iceagetv.com\/radiosite\/wp-json\/wp\/v2\/categories?post=19747"},{"taxonomy":"post_tag","embeddable":true,"href":"https:\/\/www.iceagetv.com\/radiosite\/wp-json\/wp\/v2\/tags?post=19747"}],"curies":[{"name":"wp","href":"https:\/\/api.w.org\/{rel}","templated":true}]}}