{"id":19776,"date":"2021-12-19T14:39:32","date_gmt":"2021-12-19T14:39:32","guid":{"rendered":"http:\/\/www.iceagetv.com\/radiosite\/?p=19776"},"modified":"2021-12-19T14:39:32","modified_gmt":"2021-12-19T14:39:32","slug":"coronavirus-prolonger-les-vacances-scolaires-nest-pas-lhypothese-privilegiee-selon-jean-michel-blanquer","status":"publish","type":"post","link":"https:\/\/www.iceagetv.com\/radiosite\/coronavirus-prolonger-les-vacances-scolaires-nest-pas-lhypothese-privilegiee-selon-jean-michel-blanquer\/","title":{"rendered":"Coronavirus : Prolonger les vacances scolaires n\u2019est \u00ab pas l\u2019hypoth\u00e8se privil\u00e9gi\u00e9e \u00bb, selon Jean-Michel Blanquer"},"content":{"rendered":"\n<p><strong>La prolongation des vacances scolaires pour freiner l\u2019\u00e9pid\u00e9mie\u00a0ne serait d\u00e9cid\u00e9e qu\u2019en \u00ab\u00a0dernier ressort\u00a0\u00bb, a affirm\u00e9 le ministre de l\u2019Education nationale<\/strong><\/p>\n\n\n\n<p>Pour freiner l\u2019\u00e9pid\u00e9mie de&nbsp;<a href=\"https:\/\/www.20minutes.fr\/dossier\/coronavirus\">coronavirus<\/a>, la prolongation&nbsp;<a href=\"https:\/\/www.20minutes.fr\/dossier\/vacances_scolaires\">des vacances scolaires<\/a>&nbsp;au-del\u00e0 du 3&nbsp;janvier n\u2019est \u00ab&nbsp;pas l\u2019hypoth\u00e8se privil\u00e9gi\u00e9e&nbsp;\u00bb et ne serait d\u00e9cid\u00e9e qu\u2019en \u00ab&nbsp;dernier ressort&nbsp;\u00bb, a d\u00e9clar\u00e9&nbsp;<a href=\"https:\/\/www.20minutes.fr\/societe\/jean-michel-blanquer\/\">le ministre de l\u2019Education nationale, Jean-Michel Blanquer<\/a>, ce dimanche sur BFMTV.<\/p>\n\n\n\n<p>\u00ab&nbsp;Depuis le d\u00e9but, il y a toujours eu de la pression pour fermer l\u2019\u00e9cole d\u00e8s qu\u2019il y a une alerte et j\u2019ai toujours r\u00e9sist\u00e9 au maximum \u00e0 cette pression car l\u2019\u00e9cole n\u2019est pas une variable d\u2019ajustement, elle est essentielle pour nos enfants et donc c\u2019est la derni\u00e8re chose \u00e0 fermer&nbsp;\u00bb, a-t-il martel\u00e9. \u00ab&nbsp;C\u2019est ce que nous faisons en dernier car nous mettons les enfants en premi\u00e8re priorit\u00e9 dans toutes nos d\u00e9cisions, les enfants d\u2019abord&nbsp;\u00bb, a-t-il ajout\u00e9.<\/p>\n\n\n\n<h2 class=\"wp-block-heading\">\u00abOn ne ferme jamais aucune \u00e9ventualit\u00e9\u00bb<\/h2>\n\n\n\n<p>Interrog\u00e9 sur un \u00e9ventuel report de la rentr\u00e9e pr\u00e9vue le 3&nbsp;janvier, le ministre a d\u00e9clar\u00e9&nbsp;:&nbsp;\u00ab&nbsp;on ne ferme jamais aucune \u00e9ventualit\u00e9 (\u2026) mais ce n\u2019est \u00e9videmment pas l\u2019hypoth\u00e8se privil\u00e9gi\u00e9e, on ne le ferait qu\u2019en dernier ressort&nbsp;\u00bb.<\/p>\n\n\n\n<p><\/p>\n","protected":false},"excerpt":{"rendered":"<p>La prolongation des vacances scolaires pour freiner l\u2019\u00e9pid\u00e9mie\u00a0ne serait d\u00e9cid\u00e9e qu\u2019en \u00ab\u00a0dernier ressort\u00a0\u00bb, a affirm\u00e9 le ministre de l\u2019Education nationale Pour freiner l\u2019\u00e9pid\u00e9mie de&nbsp;coronavirus, la prolongation&nbsp;des vacances scolaires&nbsp;au-del\u00e0 du 3&nbsp;janvier n\u2019est \u00ab&nbsp;pas l\u2019hypoth\u00e8se privil\u00e9gi\u00e9e&nbsp;\u00bb et ne serait d\u00e9cid\u00e9e qu\u2019en \u00ab&nbsp;dernier ressort&nbsp;\u00bb, a d\u00e9clar\u00e9&nbsp;le ministre de l\u2019Education nationale, Jean-Michel Blanquer, ce dimanche sur BFMTV. \u00ab&nbsp;Depuis le [&hellip;]<\/p>\n","protected":false},"author":2,"featured_media":19777,"comment_status":"open","ping_status":"open","sticky":false,"template":"","format":"standard","meta":{"_jetpack_memberships_contains_paid_content":false,"footnotes":"","jetpack_publicize_message":"","jetpack_publicize_feature_enabled":true,"jetpack_social_post_already_shared":true,"jetpack_social_options":{"image_generator_settings":{"template":"highway","default_image_id":0,"font":"","enabled":false},"version":2},"_wpas_customize_per_network":false},"categories":[405],"tags":[],"class_list":["post-19776","post","type-post","status-publish","format-standard","has-post-thumbnail","hentry","category-actu-france-monde"],"jetpack_publicize_connections":[],"jetpack_featured_media_url":"https:\/\/i0.wp.com\/www.iceagetv.com\/radiosite\/wp-content\/uploads\/2021\/12\/960x614_jean-michel-blanquer-31082021.jpg?fit=960%2C614&ssl=1","jetpack_sharing_enabled":true,"_links":{"self":[{"href":"https:\/\/www.iceagetv.com\/radiosite\/wp-json\/wp\/v2\/posts\/19776","targetHints":{"allow":["GET"]}}],"collection":[{"href":"https:\/\/www.iceagetv.com\/radiosite\/wp-json\/wp\/v2\/posts"}],"about":[{"href":"https:\/\/www.iceagetv.com\/radiosite\/wp-json\/wp\/v2\/types\/post"}],"author":[{"embeddable":true,"href":"https:\/\/www.iceagetv.com\/radiosite\/wp-json\/wp\/v2\/users\/2"}],"replies":[{"embeddable":true,"href":"https:\/\/www.iceagetv.com\/radiosite\/wp-json\/wp\/v2\/comments?post=19776"}],"version-history":[{"count":1,"href":"https:\/\/www.iceagetv.com\/radiosite\/wp-json\/wp\/v2\/posts\/19776\/revisions"}],"predecessor-version":[{"id":19778,"href":"https:\/\/www.iceagetv.com\/radiosite\/wp-json\/wp\/v2\/posts\/19776\/revisions\/19778"}],"wp:featuredmedia":[{"embeddable":true,"href":"https:\/\/www.iceagetv.com\/radiosite\/wp-json\/wp\/v2\/media\/19777"}],"wp:attachment":[{"href":"https:\/\/www.iceagetv.com\/radiosite\/wp-json\/wp\/v2\/media?parent=19776"}],"wp:term":[{"taxonomy":"category","embeddable":true,"href":"https:\/\/www.iceagetv.com\/radiosite\/wp-json\/wp\/v2\/categories?post=19776"},{"taxonomy":"post_tag","embeddable":true,"href":"https:\/\/www.iceagetv.com\/radiosite\/wp-json\/wp\/v2\/tags?post=19776"}],"curies":[{"name":"wp","href":"https:\/\/api.w.org\/{rel}","templated":true}]}}