{"id":19781,"date":"2021-12-20T16:34:32","date_gmt":"2021-12-20T16:34:32","guid":{"rendered":"http:\/\/www.iceagetv.com\/radiosite\/?p=19781"},"modified":"2021-12-20T16:34:32","modified_gmt":"2021-12-20T16:34:32","slug":"une-prise-dotages-en-cours-dans-un-commerce-du-12eme-arrondissement-de-paris-deux-femmes-sont-actuellement-sequestrees-europe-1","status":"publish","type":"post","link":"https:\/\/www.iceagetv.com\/radiosite\/une-prise-dotages-en-cours-dans-un-commerce-du-12eme-arrondissement-de-paris-deux-femmes-sont-actuellement-sequestrees-europe-1\/","title":{"rendered":"Une prise d&rsquo;otages en cours dans un commerce du 12\u00e8me arrondissement de Paris &#8211; Deux femmes sont actuellement s\u00e9questr\u00e9es (Europe 1)"},"content":{"rendered":"\n<p><strong>CE QUE L&rsquo;ON SAIT POUR LE MOMENT<\/strong><\/p>\n\n\n\n<p>Un homme muni d&rsquo;une arme blanche, \u00abconnu pour ses troubles psychiatriques\u00bb, a pris en otage lundi 20 d\u00e9cembre deux femmes dans une boutique du XIIe arrondissement de Paris, a appris l&rsquo;AFP de source polici\u00e8re, qui \u00e9carte a priori la piste terroriste.<\/p>\n\n\n\n<p>Le preneur d&rsquo;otages, \u00ab\u00e2g\u00e9 d&rsquo;une cinquantaine d&rsquo;ann\u00e9es\u00bb, retient les deux femmes \u00abdans une \u00e9choppe\u00bb, dans le quartier de Bastille, o\u00f9 la Brigade de recherche et d&rsquo;intervention (BRI) de la pr\u00e9fecture de police a \u00e9t\u00e9 d\u00e9p\u00each\u00e9e, a-t-on pr\u00e9cis\u00e9 de m\u00eame source. Selon le premier adjoint au maire Emmanuel Gr\u00e9goire, l\u2019incident a lieu \u00ab\u00a0dans le secteur d\u2019Aligre\u00a0\u00bb. \u00ab\u00a0Evitez le secteur et suivez les consignes de la pr\u00e9fecture de police\u00a0\u00bb, indique-t-il sur Twitter.  Selon\u00a0<a rel=\"noreferrer noopener\" href=\"https:\/\/www.europe1.fr\/faits-divers\/info-europe-1-prise-dotage-dans-le-12e-arrondissement-de-paris-4083757\" target=\"_blank\">Europe 1<\/a>, une prise d&rsquo;otages est en cours dans un commerce du 12\u00e8me arrondissement de Paris.\u00a0Deux femmes sont actuellement s\u00e9questr\u00e9es dans une \u00e9choppe de la rue d\u2019Aligre. Le preneur d&rsquo;otage est un individu connu dans l&rsquo;arrondissement pour avoir des troubles mentaux. Il est en possession d&rsquo;une arme blanche. Il demande \u00e0 voir\u00a0\u00c9ric Dupond-Moretti, le ministre de la justice, et l&rsquo;avocate d&rsquo;Omar Raddad, indiquent nos confr\u00e8res. La\u00a0Brigade de recherche et d&rsquo;intervention est sur place. <\/p>\n","protected":false},"excerpt":{"rendered":"<p>CE QUE L&rsquo;ON SAIT POUR LE MOMENT Un homme muni d&rsquo;une arme blanche, \u00abconnu pour ses troubles psychiatriques\u00bb, a pris en otage lundi 20 d\u00e9cembre deux femmes dans une boutique du XIIe arrondissement de Paris, a appris l&rsquo;AFP de source polici\u00e8re, qui \u00e9carte a priori la piste terroriste. Le preneur d&rsquo;otages, \u00ab\u00e2g\u00e9 d&rsquo;une cinquantaine d&rsquo;ann\u00e9es\u00bb, [&hellip;]<\/p>\n","protected":false},"author":2,"featured_media":19782,"comment_status":"open","ping_status":"open","sticky":false,"template":"","format":"standard","meta":{"_jetpack_memberships_contains_paid_content":false,"footnotes":"","jetpack_publicize_message":"","jetpack_publicize_feature_enabled":true,"jetpack_social_post_already_shared":true,"jetpack_social_options":{"image_generator_settings":{"template":"highway","default_image_id":0,"font":"","enabled":false},"version":2},"_wpas_customize_per_network":false},"categories":[405],"tags":[],"class_list":["post-19781","post","type-post","status-publish","format-standard","has-post-thumbnail","hentry","category-actu-france-monde"],"jetpack_publicize_connections":[],"jetpack_featured_media_url":"https:\/\/i0.wp.com\/www.iceagetv.com\/radiosite\/wp-content\/uploads\/2021\/12\/prise-d-otage.jpg?fit=680%2C294&ssl=1","jetpack_sharing_enabled":true,"_links":{"self":[{"href":"https:\/\/www.iceagetv.com\/radiosite\/wp-json\/wp\/v2\/posts\/19781","targetHints":{"allow":["GET"]}}],"collection":[{"href":"https:\/\/www.iceagetv.com\/radiosite\/wp-json\/wp\/v2\/posts"}],"about":[{"href":"https:\/\/www.iceagetv.com\/radiosite\/wp-json\/wp\/v2\/types\/post"}],"author":[{"embeddable":true,"href":"https:\/\/www.iceagetv.com\/radiosite\/wp-json\/wp\/v2\/users\/2"}],"replies":[{"embeddable":true,"href":"https:\/\/www.iceagetv.com\/radiosite\/wp-json\/wp\/v2\/comments?post=19781"}],"version-history":[{"count":1,"href":"https:\/\/www.iceagetv.com\/radiosite\/wp-json\/wp\/v2\/posts\/19781\/revisions"}],"predecessor-version":[{"id":19783,"href":"https:\/\/www.iceagetv.com\/radiosite\/wp-json\/wp\/v2\/posts\/19781\/revisions\/19783"}],"wp:featuredmedia":[{"embeddable":true,"href":"https:\/\/www.iceagetv.com\/radiosite\/wp-json\/wp\/v2\/media\/19782"}],"wp:attachment":[{"href":"https:\/\/www.iceagetv.com\/radiosite\/wp-json\/wp\/v2\/media?parent=19781"}],"wp:term":[{"taxonomy":"category","embeddable":true,"href":"https:\/\/www.iceagetv.com\/radiosite\/wp-json\/wp\/v2\/categories?post=19781"},{"taxonomy":"post_tag","embeddable":true,"href":"https:\/\/www.iceagetv.com\/radiosite\/wp-json\/wp\/v2\/tags?post=19781"}],"curies":[{"name":"wp","href":"https:\/\/api.w.org\/{rel}","templated":true}]}}