{"id":19784,"date":"2021-12-20T17:32:03","date_gmt":"2021-12-20T17:32:03","guid":{"rendered":"http:\/\/www.iceagetv.com\/radiosite\/?p=19784"},"modified":"2021-12-20T17:32:03","modified_gmt":"2021-12-20T17:32:03","slug":"pass-sanitaire-en-entreprise-elisabeth-borne-assure-que-rien-nest-acte","status":"publish","type":"post","link":"https:\/\/www.iceagetv.com\/radiosite\/pass-sanitaire-en-entreprise-elisabeth-borne-assure-que-rien-nest-acte\/","title":{"rendered":"PASS SANITAIRE EN ENTREPRISE: ELISABETH BORNE ASSURE QUE \u00ab\u00a0RIEN N&rsquo;EST ACT\u00c9\u00a0\u00bb"},"content":{"rendered":"\n<p>\n\nLa ministre du Travail a r\u00e9uni ce lundi les partenaires sociaux pour \u00e9voquer, entre autres, l&rsquo;hypoth\u00e8se d&rsquo;un pass sanitaire g\u00e9n\u00e9ralis\u00e9 \u00e0 l&rsquo;entreprise. Mais rien n&rsquo;est encore d\u00e9cid\u00e9 \u00e0 ce stade.<\/p>\n\n\n\n<p>L&rsquo;hypoth\u00e8se d&rsquo;un&nbsp;<a href=\"https:\/\/www.bfmtv.com\/economie\/economie-social\/social\/generalisation-du-pass-sanitaire-a-toutes-les-entreprises-un-casse-tete-annonce_AD-202112200220.html\">pass sanitaire g\u00e9n\u00e9ralis\u00e9 en entreprise<\/a>&nbsp;a bien \u00e9t\u00e9 abord\u00e9e ce lundi avec les partenaires sociaux, mais \u00ab\u00a0rien n&rsquo;est act\u00e9\u00a0\u00bb, a indiqu\u00e9 ce lundi la ministre du Travail, \u00c9lisabeth Borne.<\/p>\n\n\n\n<blockquote class=\"wp-block-quote is-layout-flow wp-block-quote-is-layout-flow\"><p>\u00ab\u00a0Nous avons abord\u00e9 l&rsquo;hypoth\u00e8se d&rsquo;un pass sanitaire en entreprise. Ce qui ressort des \u00e9changes,&nbsp;<a href=\"https:\/\/www.bfmtv.com\/economie\/economie-social\/pass-sanitaire-en-entreprise-absurde-et-totalement-inefficace-pour-philippe-martinez-cgt_AD-202112200192.html\">c&rsquo;est que les organisations syndicales n&rsquo;y sont pas favorables<\/a>, et que&nbsp;<a href=\"https:\/\/rmc.bfmtv.com\/emission\/pass-sanitaire-en-entreprise-il-vaut-mieux-ca-qu-un-[%E2%80%A6]ement-ou-un-couvre-feu-pour-la-cpme-ile-de-france-2052776.html\" target=\"_blank\" rel=\"noreferrer noopener\">les organisations patronales sont r\u00e9serv\u00e9es<\/a>&nbsp;et s&rsquo;interrogent sur les modalit\u00e9s pratiques de mise en oeuvre\u00a0\u00bb, a d\u00e9clar\u00e9 la ministre \u00e0 l&rsquo;issue d&rsquo;une r\u00e9union en visioconf\u00e9rence avec les organisations patronales et syndicales.<\/p><\/blockquote>\n\n\n\n<p>\u00ab\u00a0Rien n&rsquo;est act\u00e9 \u00e0 ce stade\u00a0\u00bb, a-t-elle soulign\u00e9, en pr\u00e9cisant que la mesure \u00ab\u00a0supposerait une disposition l\u00e9gislative\u00a0\u00bb et que la ministre de la Fonction publique, Am\u00e9lie de Montchalin, doit \u00e9galement mener des consultations avec les syndicats de fonctionnaires, et le Premier ministre avec les groupes parlementaires. L&rsquo;objectif de la r\u00e9union \u00e9tait \u00ab\u00a0de regarder tous les leviers qu&rsquo;on peut mobiliser face au variant Omicron\u00a0\u00bb, qui est \u00ab\u00a0beaucoup plus contagieux\u00a0\u00bb, a soulign\u00e9 Elisabeth Borne.<\/p>\n\n\n\n<h2 class=\"wp-block-heading\">\u00ab\u00a0D\u00e9velopper encore la vaccination en entreprise\u00a0\u00bb<\/h2>\n\n\n\n<p>\u00ab\u00a0Je pense qu&rsquo;on est tous d&rsquo;accord sur le fait que le premier enjeu c&rsquo;est d&rsquo;acc\u00e9l\u00e9rer la vaccination de ceux qui ne sont pas encore vaccin\u00e9s et les rappels\u00a0\u00bb, a-t-elle ajout\u00e9, soulignant notamment que les mesures pour \u00ab\u00a0d\u00e9velopper encore la vaccination en entreprise\u00a0\u00bb ont \u00e9t\u00e9 abord\u00e9es.<\/p>\n\n\n\n<p>Il y a \u00e9galement eu un \u00e9change \u00ab\u00a0sur la fa\u00e7on dont on peut, dans le cadre l\u00e9gislatif actuel, renforcer les mesures de freinage avec la question du renforcement du t\u00e9l\u00e9travail\u00a0\u00bb, a-t-elle ajout\u00e9. Elle a fait \u00e9tat d&rsquo;un \u00ab\u00a0relatif consensus sur le fait de remonter la cible actuelle \u00e0 trois, quatre jours de t\u00e9l\u00e9travail par semaine\u00a0\u00bb mais en revanche d&rsquo;une \u00ab\u00a0unanimit\u00e9\u00a0\u00bb contre l&rsquo;hypoth\u00e8se de t\u00e9l\u00e9travail \u00e0 100%.<\/p>\n","protected":false},"excerpt":{"rendered":"<p>La ministre du Travail a r\u00e9uni ce lundi les partenaires sociaux pour \u00e9voquer, entre autres, l&rsquo;hypoth\u00e8se d&rsquo;un pass sanitaire g\u00e9n\u00e9ralis\u00e9 \u00e0 l&rsquo;entreprise. Mais rien n&rsquo;est encore d\u00e9cid\u00e9 \u00e0 ce stade. L&rsquo;hypoth\u00e8se d&rsquo;un&nbsp;pass sanitaire g\u00e9n\u00e9ralis\u00e9 en entreprise&nbsp;a bien \u00e9t\u00e9 abord\u00e9e ce lundi avec les partenaires sociaux, mais \u00ab\u00a0rien n&rsquo;est act\u00e9\u00a0\u00bb, a indiqu\u00e9 ce lundi la ministre [&hellip;]<\/p>\n","protected":false},"author":2,"featured_media":19785,"comment_status":"open","ping_status":"open","sticky":false,"template":"","format":"standard","meta":{"_jetpack_memberships_contains_paid_content":false,"footnotes":"","jetpack_publicize_message":"","jetpack_publicize_feature_enabled":true,"jetpack_social_post_already_shared":true,"jetpack_social_options":{"image_generator_settings":{"template":"highway","default_image_id":0,"font":"","enabled":false},"version":2},"_wpas_customize_per_network":false},"categories":[405],"tags":[],"class_list":["post-19784","post","type-post","status-publish","format-standard","has-post-thumbnail","hentry","category-actu-france-monde"],"jetpack_publicize_connections":[],"jetpack_featured_media_url":"https:\/\/i0.wp.com\/www.iceagetv.com\/radiosite\/wp-content\/uploads\/2021\/12\/PASS-SANITAIRE-EN-ENTREPRISE.jpeg?fit=1024%2C576&ssl=1","jetpack_sharing_enabled":true,"_links":{"self":[{"href":"https:\/\/www.iceagetv.com\/radiosite\/wp-json\/wp\/v2\/posts\/19784","targetHints":{"allow":["GET"]}}],"collection":[{"href":"https:\/\/www.iceagetv.com\/radiosite\/wp-json\/wp\/v2\/posts"}],"about":[{"href":"https:\/\/www.iceagetv.com\/radiosite\/wp-json\/wp\/v2\/types\/post"}],"author":[{"embeddable":true,"href":"https:\/\/www.iceagetv.com\/radiosite\/wp-json\/wp\/v2\/users\/2"}],"replies":[{"embeddable":true,"href":"https:\/\/www.iceagetv.com\/radiosite\/wp-json\/wp\/v2\/comments?post=19784"}],"version-history":[{"count":1,"href":"https:\/\/www.iceagetv.com\/radiosite\/wp-json\/wp\/v2\/posts\/19784\/revisions"}],"predecessor-version":[{"id":19786,"href":"https:\/\/www.iceagetv.com\/radiosite\/wp-json\/wp\/v2\/posts\/19784\/revisions\/19786"}],"wp:featuredmedia":[{"embeddable":true,"href":"https:\/\/www.iceagetv.com\/radiosite\/wp-json\/wp\/v2\/media\/19785"}],"wp:attachment":[{"href":"https:\/\/www.iceagetv.com\/radiosite\/wp-json\/wp\/v2\/media?parent=19784"}],"wp:term":[{"taxonomy":"category","embeddable":true,"href":"https:\/\/www.iceagetv.com\/radiosite\/wp-json\/wp\/v2\/categories?post=19784"},{"taxonomy":"post_tag","embeddable":true,"href":"https:\/\/www.iceagetv.com\/radiosite\/wp-json\/wp\/v2\/tags?post=19784"}],"curies":[{"name":"wp","href":"https:\/\/api.w.org\/{rel}","templated":true}]}}