{"id":19791,"date":"2021-12-21T16:47:05","date_gmt":"2021-12-21T16:47:05","guid":{"rendered":"http:\/\/www.iceagetv.com\/radiosite\/?p=19791"},"modified":"2021-12-21T16:47:05","modified_gmt":"2021-12-21T16:47:05","slug":"le-passe-sanitaire-en-entreprise-fait-debat","status":"publish","type":"post","link":"https:\/\/www.iceagetv.com\/radiosite\/le-passe-sanitaire-en-entreprise-fait-debat\/","title":{"rendered":"Le passe sanitaire en entreprise fait d\u00e9bat"},"content":{"rendered":"\n<p> Le gouvernement sait d\u00e9sormais \u00e0 quoi s\u2019en tenir\u00a0: ni les syndicats ni le patronat ne sont favorables \u00e0 la g\u00e9n\u00e9ralisation du passe sanitaire dans les entreprises. Envisag\u00e9e pour contenir la nouvelle flamb\u00e9e de l\u2019\u00e9pid\u00e9mie de Covid-19, cette hypoth\u00e8se a \u00e9t\u00e9 mise sur la table, lundi 20\u00a0d\u00e9cembre, lors d\u2019une r\u00e9union en visioconf\u00e9rence entre les partenaires sociaux et Elisabeth Borne. La ministre du travail a indiqu\u00e9, \u00e0 l\u2019issue de ce temps d\u2019\u00e9change, que\u00a0<em>\u00ab\u00a0rien n\u2019<\/em>[\u00e9tait]<em>\u00a0act\u00e9\u00a0\u00bb,<\/em>\u00a0les consultations devant se poursuivre avec les organisations de fonctionnaires et les forces politiques repr\u00e9sent\u00e9es au Parlement. <\/p>\n\n\n\n<p>A l\u2019heure actuelle, quelque deux \u00e0 trois millions de salari\u00e9s, en contact avec le public, sont tenus de fournir un justificatif sur leur \u00e9tat de sant\u00e9 pour pouvoir travailler (certificat de vaccination ou test virologique n\u00e9gatif ou attestation de gu\u00e9rison s\u2019ils ont contract\u00e9 le coronavirus). Mais avec l\u2019emballement des contaminations, qui risque de s\u2019amplifier avec la diffusion du variant Omicron, l\u2019ex\u00e9cutif se demande, depuis plusieurs jours, s\u2019il ne faut pas \u00e9tendre cette obligation \u00e0 l\u2019ensemble du monde du travail. Il s\u2019agit d\u2019une&nbsp;<em>\u00ab&nbsp;question l\u00e9gitime&nbsp;\u00bb<\/em>, comme l\u2019a expliqu\u00e9, samedi 18&nbsp;d\u00e9cembre sur France Inter, Olivier V\u00e9ran, en faisant r\u00e9f\u00e9rence \u00e0 certains Etats europ\u00e9ens, dont l\u2019Allemagne, qui ont pris des dispositions allant dans ce sens.&nbsp;<em>\u00ab&nbsp;On ne peut pas emp\u00eacher les gens de travailler s\u2019ils ne sont pas vaccin\u00e9s, mais on peut exiger d\u2019eux qu\u2019ils passent un test, par exemple&nbsp;\u00bb,<\/em>&nbsp;a ajout\u00e9 le ministre de la sant\u00e9.<\/p>\n\n\n\n<p>Les syndicats ne sont gu\u00e8re s\u00e9duits.&nbsp;<em>\u00ab&nbsp;Nous ne sommes pas du tout persuad\u00e9s que ce soit la bonne solution,&nbsp;<\/em>confie Marylise L\u00e9on, secr\u00e9taire g\u00e9n\u00e9rale adjointe de la CFDT.&nbsp;<em>C\u2019est un foyer potentiel de conflits dans les entreprises dont nous n\u2019avons pas besoin dans la p\u00e9riode.&nbsp;\u00bb<\/em>&nbsp;<em>\u00ab&nbsp;Nous sommes tr\u00e8s r\u00e9serv\u00e9s&nbsp;\u00bb,&nbsp;<\/em>rench\u00e9rit Cyril Chabanier, le pr\u00e9sident de la CFTC, en \u00e9num\u00e9rant les&nbsp;<em>\u00ab&nbsp;difficult\u00e9s&nbsp;\u00bb<\/em>&nbsp;que la mesure engendrerait si elle \u00e9tait appliqu\u00e9e&nbsp;:&nbsp;<em>\u00ab&nbsp;Qui va contr\u00f4ler&nbsp;? A quelle fr\u00e9quence&nbsp;? Quelles seront les sanctions en cas de non-respect des textes&nbsp;? Ce sera un casse-t\u00eate.&nbsp;\u00bb<\/em><\/p>\n\n\n\n<p><\/p>\n","protected":false},"excerpt":{"rendered":"<p>Le gouvernement sait d\u00e9sormais \u00e0 quoi s\u2019en tenir\u00a0: ni les syndicats ni le patronat ne sont favorables \u00e0 la g\u00e9n\u00e9ralisation du passe sanitaire dans les entreprises. Envisag\u00e9e pour contenir la nouvelle flamb\u00e9e de l\u2019\u00e9pid\u00e9mie de Covid-19, cette hypoth\u00e8se a \u00e9t\u00e9 mise sur la table, lundi 20\u00a0d\u00e9cembre, lors d\u2019une r\u00e9union en visioconf\u00e9rence entre les partenaires sociaux [&hellip;]<\/p>\n","protected":false},"author":2,"featured_media":19792,"comment_status":"open","ping_status":"open","sticky":false,"template":"","format":"standard","meta":{"_jetpack_memberships_contains_paid_content":false,"footnotes":"","jetpack_publicize_message":"","jetpack_publicize_feature_enabled":true,"jetpack_social_post_already_shared":true,"jetpack_social_options":{"image_generator_settings":{"template":"highway","default_image_id":0,"font":"","enabled":false},"version":2},"_wpas_customize_per_network":false},"categories":[405],"tags":[],"class_list":["post-19791","post","type-post","status-publish","format-standard","has-post-thumbnail","hentry","category-actu-france-monde"],"jetpack_publicize_connections":[],"jetpack_featured_media_url":"https:\/\/i0.wp.com\/www.iceagetv.com\/radiosite\/wp-content\/uploads\/2021\/12\/Le-passe-sanitaire-en-entreprise-fait-d%C3%A9bat.jpg?fit=980%2C450&ssl=1","jetpack_sharing_enabled":true,"_links":{"self":[{"href":"https:\/\/www.iceagetv.com\/radiosite\/wp-json\/wp\/v2\/posts\/19791","targetHints":{"allow":["GET"]}}],"collection":[{"href":"https:\/\/www.iceagetv.com\/radiosite\/wp-json\/wp\/v2\/posts"}],"about":[{"href":"https:\/\/www.iceagetv.com\/radiosite\/wp-json\/wp\/v2\/types\/post"}],"author":[{"embeddable":true,"href":"https:\/\/www.iceagetv.com\/radiosite\/wp-json\/wp\/v2\/users\/2"}],"replies":[{"embeddable":true,"href":"https:\/\/www.iceagetv.com\/radiosite\/wp-json\/wp\/v2\/comments?post=19791"}],"version-history":[{"count":1,"href":"https:\/\/www.iceagetv.com\/radiosite\/wp-json\/wp\/v2\/posts\/19791\/revisions"}],"predecessor-version":[{"id":19793,"href":"https:\/\/www.iceagetv.com\/radiosite\/wp-json\/wp\/v2\/posts\/19791\/revisions\/19793"}],"wp:featuredmedia":[{"embeddable":true,"href":"https:\/\/www.iceagetv.com\/radiosite\/wp-json\/wp\/v2\/media\/19792"}],"wp:attachment":[{"href":"https:\/\/www.iceagetv.com\/radiosite\/wp-json\/wp\/v2\/media?parent=19791"}],"wp:term":[{"taxonomy":"category","embeddable":true,"href":"https:\/\/www.iceagetv.com\/radiosite\/wp-json\/wp\/v2\/categories?post=19791"},{"taxonomy":"post_tag","embeddable":true,"href":"https:\/\/www.iceagetv.com\/radiosite\/wp-json\/wp\/v2\/tags?post=19791"}],"curies":[{"name":"wp","href":"https:\/\/api.w.org\/{rel}","templated":true}]}}