{"id":19821,"date":"2021-12-23T11:32:38","date_gmt":"2021-12-23T11:32:38","guid":{"rendered":"http:\/\/www.iceagetv.com\/radiosite\/?p=19821"},"modified":"2021-12-23T11:32:38","modified_gmt":"2021-12-23T11:32:38","slug":"le-coiffeur-francais-franck-provost-mis-en-examen-pour-abus-de-biens-sociaux-et-blanchiment-en-bande-organisee-de-fraude-fiscale-aggravee","status":"publish","type":"post","link":"https:\/\/www.iceagetv.com\/radiosite\/le-coiffeur-francais-franck-provost-mis-en-examen-pour-abus-de-biens-sociaux-et-blanchiment-en-bande-organisee-de-fraude-fiscale-aggravee\/","title":{"rendered":"Le coiffeur fran\u00e7ais Franck Provost mis en examen pour \u00ab\u00a0abus de biens sociaux \u00a0\u00bb et \u00ab\u00a0blanchiment en bande organis\u00e9e de fraude fiscale aggrav\u00e9e\u00a0\u00bb"},"content":{"rendered":"\n<p>Le coiffeur fran\u00e7ais Franck Provost a \u00e9t\u00e9 mis en examen pour \u00ab\u00a0abus de biens sociaux \u00a0\u00bb et \u00ab\u00a0blanchiment en bande organis\u00e9e de fraude fiscale aggrav\u00e9e\u00a0\u00bb, a indiqu\u00e9 le parquet de Nanterre dans un communiqu\u00e9 adress\u00e9 \u00e0 l&rsquo;AFP.&nbsp;Depuis cette mise en examen, intervenue mardi lors de sa pr\u00e9sentation \u00e0 un juge d&rsquo;instruction \u00e0 Nanterre, le fondateur du groupe Provalliance a \u00e9t\u00e9 plac\u00e9 sous contr\u00f4le judiciaire \u00ab\u00a0avec une caution fix\u00e9e \u00e0 plusieurs centaines de milliers d&rsquo;euros\u00a0\u00bb, a pr\u00e9cis\u00e9 le parquet de Nanterre.<\/p>\n\n\n\n<p>Selon le minist\u00e8re public, \u00ab\u00a0plusieurs signalements\u00a0\u00bb ont \u00e9t\u00e9 \u00ab\u00a0transmis par l&rsquo;administration fiscale courant 2017 concernant l&rsquo;utilisation d&rsquo;un logiciel frauduleux de caisse permettant de d\u00e9tourner des recettes encaiss\u00e9es en esp\u00e8ces dans un r\u00e9seau de salons de coiffure\u00a0\u00bb.<\/p>\n\n\n\n<p>L&rsquo;homme d&rsquo;affaires de 75 ans est ainsi \u00e9galement mis en examen pour \u00ab\u00a0mise \u00e0 disposition de mat\u00e9riels et programmes pour commettre des infractions et des atteintes \u00e0 des syst\u00e8mes de traitement automatis\u00e9s de donn\u00e9es\u00a0\u00bb.<\/p>\n\n\n\n<p>Une enqu\u00eate pr\u00e9liminaire a \u00e9t\u00e9 ouverte et confi\u00e9e \u00e0 la Brigade nationale de r\u00e9pression de la d\u00e9linquance fiscale de l&rsquo;Office central de lutte contre la corruption et les infractions financi\u00e8res et fiscales (OCLCIFF).<\/p>\n\n\n\n<p>Le 9 avril, une ouverture d&rsquo;information judiciaire avait donn\u00e9 lieu \u00e0 la mise en examen du directeur administratif et financier du groupe.<\/p>\n\n\n\n<p>Elle porte notamment sur les infractions d'\u00a0\u00bbabus de biens sociaux et complicit\u00e9, abus de confiance, fraude fiscale et complicit\u00e9, blanchiment en bande organis\u00e9e de fraude fiscale aggrav\u00e9e, exercice ill\u00e9gal de la profession de comptable, d\u00e9tention, offre, mise \u00e0 disposition de mat\u00e9riels et programmes pour commettre des infractions et des atteintes \u00e0 des syst\u00e8mes de traitement automatis\u00e9s de donn\u00e9es\u00a0\u00bb.<\/p>\n","protected":false},"excerpt":{"rendered":"<p>Le coiffeur fran\u00e7ais Franck Provost a \u00e9t\u00e9 mis en examen pour \u00ab\u00a0abus de biens sociaux \u00a0\u00bb et \u00ab\u00a0blanchiment en bande organis\u00e9e de fraude fiscale aggrav\u00e9e\u00a0\u00bb, a indiqu\u00e9 le parquet de Nanterre dans un communiqu\u00e9 adress\u00e9 \u00e0 l&rsquo;AFP.&nbsp;Depuis cette mise en examen, intervenue mardi lors de sa pr\u00e9sentation \u00e0 un juge d&rsquo;instruction \u00e0 Nanterre, le fondateur [&hellip;]<\/p>\n","protected":false},"author":2,"featured_media":19822,"comment_status":"open","ping_status":"open","sticky":false,"template":"","format":"standard","meta":{"_jetpack_memberships_contains_paid_content":false,"footnotes":"","jetpack_publicize_message":"","jetpack_publicize_feature_enabled":true,"jetpack_social_post_already_shared":true,"jetpack_social_options":{"image_generator_settings":{"template":"highway","default_image_id":0,"font":"","enabled":false},"version":2},"_wpas_customize_per_network":false},"categories":[405],"tags":[],"class_list":["post-19821","post","type-post","status-publish","format-standard","has-post-thumbnail","hentry","category-actu-france-monde"],"jetpack_publicize_connections":[],"jetpack_featured_media_url":"https:\/\/i0.wp.com\/www.iceagetv.com\/radiosite\/wp-content\/uploads\/2021\/12\/Le-coiffeur-fran%C3%A7ais-Franck-Provost.jpg?fit=680%2C294&ssl=1","jetpack_sharing_enabled":true,"_links":{"self":[{"href":"https:\/\/www.iceagetv.com\/radiosite\/wp-json\/wp\/v2\/posts\/19821","targetHints":{"allow":["GET"]}}],"collection":[{"href":"https:\/\/www.iceagetv.com\/radiosite\/wp-json\/wp\/v2\/posts"}],"about":[{"href":"https:\/\/www.iceagetv.com\/radiosite\/wp-json\/wp\/v2\/types\/post"}],"author":[{"embeddable":true,"href":"https:\/\/www.iceagetv.com\/radiosite\/wp-json\/wp\/v2\/users\/2"}],"replies":[{"embeddable":true,"href":"https:\/\/www.iceagetv.com\/radiosite\/wp-json\/wp\/v2\/comments?post=19821"}],"version-history":[{"count":1,"href":"https:\/\/www.iceagetv.com\/radiosite\/wp-json\/wp\/v2\/posts\/19821\/revisions"}],"predecessor-version":[{"id":19823,"href":"https:\/\/www.iceagetv.com\/radiosite\/wp-json\/wp\/v2\/posts\/19821\/revisions\/19823"}],"wp:featuredmedia":[{"embeddable":true,"href":"https:\/\/www.iceagetv.com\/radiosite\/wp-json\/wp\/v2\/media\/19822"}],"wp:attachment":[{"href":"https:\/\/www.iceagetv.com\/radiosite\/wp-json\/wp\/v2\/media?parent=19821"}],"wp:term":[{"taxonomy":"category","embeddable":true,"href":"https:\/\/www.iceagetv.com\/radiosite\/wp-json\/wp\/v2\/categories?post=19821"},{"taxonomy":"post_tag","embeddable":true,"href":"https:\/\/www.iceagetv.com\/radiosite\/wp-json\/wp\/v2\/tags?post=19821"}],"curies":[{"name":"wp","href":"https:\/\/api.w.org\/{rel}","templated":true}]}}