{"id":19833,"date":"2021-12-24T12:55:54","date_gmt":"2021-12-24T12:55:54","guid":{"rendered":"http:\/\/www.iceagetv.com\/radiosite\/?p=19833"},"modified":"2021-12-24T12:55:54","modified_gmt":"2021-12-24T12:55:54","slug":"cholet-pour-les-enfants-cest-toujours-un-moment-magique","status":"publish","type":"post","link":"https:\/\/www.iceagetv.com\/radiosite\/cholet-pour-les-enfants-cest-toujours-un-moment-magique\/","title":{"rendered":"Cholet. \u00ab Pour les enfants, c\u2019est toujours un moment magique \u00bb"},"content":{"rendered":"\n<p> Le p\u00e8re No\u00ebl s\u2019appr\u00eate \u00e0 quitter Cholet pour entamer sa tourn\u00e9e de cadeaux, apr\u00e8s une derni\u00e8re parade dans le char que lui ont confectionn\u00e9 les carnavaliers. Ce dernier rendez-vous est fix\u00e9 \u00e0 18 heures. <\/p>\n\n\n\n<p>C\u2019est un p\u00e8re No\u00ebl \u00e9mu que Le Courrier de l\u2019Ouest a eu le privil\u00e8ge de rencontrer ce jeudi 23 d\u00e9cembre, en d\u00e9but d\u2019apr\u00e8s-midi, alors qu\u2019il s\u2019appr\u00eatait \u00e0 reprendre s\u00e9ance dans le chalet mis \u00e0 sa disposition par la municipalit\u00e9, place Travot. \u00c0 18 heures exactement, ce vendredi 24 d\u00e9cembre, il embarquera \u00e0 bord du char sp\u00e9cialement confectionn\u00e9 \u00e0 son intention par les carnavaliers de Cholet. Apr\u00e8s une derni\u00e8re parade, il s\u2019envolera pour entamer sa tourn\u00e9e de cadeaux, \u00e0 travers le monde.<\/p>\n\n\n\n<p>Au total, depuis le 27 novembre, pr\u00e8s de 3 000 enfants se seront press\u00e9s \u00e0 ses portes pour \u00e9changer quelques mots, dans le respect des gestes barri\u00e8res bien s\u00fbr.&nbsp;Ils portent tous bien leur masque&nbsp;se f\u00e9licite d\u2019ailleurs le v\u00e9n\u00e9rable vieillard, heureux de contribuer \u00e0 cette belle f\u00eate.&nbsp;Quand ils me rencontrent, on voit bien que cela reste un moment un peu magique. Certains ont une vie compliqu\u00e9e et je suis heureux de pouvoir leur apporter un peu de bonheur\u200bexplique-t-il, tout en contemplant la vitrine dans laquelle il expose les souvenirs que chacun lui a laiss\u00e9s. Une belle collection de t\u00e9tines, notamment.<\/p>\n\n\n\n<p>Ces rencontres, il n\u2019y renoncerait pour rien au monde, surtout que \u00ab&nbsp;dans l\u2019ensemble, les enfants ont \u00e9t\u00e9 moyens sages \u200b, de leur propre aveu\u00bb. Alors, pas de souci pour leur livrer les hits du moment, \u00e0 savoir&nbsp;La Pat patrouille. Et puis des Legos et des Playmobils bien s\u00fbr. Mais vous savez, certains enfants ne r\u00e9clament rien, ils m\u2019expliquent qu\u2019ils veulent seulement que les gens soient heureux. C\u2019est cet esprit de fraternit\u00e9 que j\u2019aimerais aussi apporter \u00e0 tout le monde cette ann\u00e9e.<\/p>\n\n\n\n<p>Depuis quelque temps, ses livraisons ont \u00e9t\u00e9 compliqu\u00e9es par la multiplication des familles recompos\u00e9es.&nbsp;Beaucoup d\u2019enfants me posent la question de savoir o\u00f9 je passerai. Qu\u2019ils ne s\u2019inqui\u00e8tent pas : je n\u2019oublie jamais une maison du moment qu\u2019on y trouve un sapin.<\/p>\n\n\n\n<p><\/p>\n","protected":false},"excerpt":{"rendered":"<p>Le p\u00e8re No\u00ebl s\u2019appr\u00eate \u00e0 quitter Cholet pour entamer sa tourn\u00e9e de cadeaux, apr\u00e8s une derni\u00e8re parade dans le char que lui ont confectionn\u00e9 les carnavaliers. Ce dernier rendez-vous est fix\u00e9 \u00e0 18 heures. C\u2019est un p\u00e8re No\u00ebl \u00e9mu que Le Courrier de l\u2019Ouest a eu le privil\u00e8ge de rencontrer ce jeudi 23 d\u00e9cembre, en [&hellip;]<\/p>\n","protected":false},"author":2,"featured_media":19834,"comment_status":"open","ping_status":"open","sticky":false,"template":"","format":"standard","meta":{"_jetpack_memberships_contains_paid_content":false,"footnotes":"","jetpack_publicize_message":"","jetpack_publicize_feature_enabled":true,"jetpack_social_post_already_shared":true,"jetpack_social_options":{"image_generator_settings":{"template":"highway","default_image_id":0,"font":"","enabled":false},"version":2},"_wpas_customize_per_network":false},"categories":[405],"tags":[3018],"class_list":["post-19833","post","type-post","status-publish","format-standard","has-post-thumbnail","hentry","category-actu-france-monde","tag-pour-les-enfants"],"jetpack_publicize_connections":[],"jetpack_featured_media_url":"https:\/\/i0.wp.com\/www.iceagetv.com\/radiosite\/wp-content\/uploads\/2021\/12\/Pour-les-enfants-c%E2%80%99est-toujours-un-moment-magique.png?fit=967%2C542&ssl=1","jetpack_sharing_enabled":true,"_links":{"self":[{"href":"https:\/\/www.iceagetv.com\/radiosite\/wp-json\/wp\/v2\/posts\/19833","targetHints":{"allow":["GET"]}}],"collection":[{"href":"https:\/\/www.iceagetv.com\/radiosite\/wp-json\/wp\/v2\/posts"}],"about":[{"href":"https:\/\/www.iceagetv.com\/radiosite\/wp-json\/wp\/v2\/types\/post"}],"author":[{"embeddable":true,"href":"https:\/\/www.iceagetv.com\/radiosite\/wp-json\/wp\/v2\/users\/2"}],"replies":[{"embeddable":true,"href":"https:\/\/www.iceagetv.com\/radiosite\/wp-json\/wp\/v2\/comments?post=19833"}],"version-history":[{"count":1,"href":"https:\/\/www.iceagetv.com\/radiosite\/wp-json\/wp\/v2\/posts\/19833\/revisions"}],"predecessor-version":[{"id":19835,"href":"https:\/\/www.iceagetv.com\/radiosite\/wp-json\/wp\/v2\/posts\/19833\/revisions\/19835"}],"wp:featuredmedia":[{"embeddable":true,"href":"https:\/\/www.iceagetv.com\/radiosite\/wp-json\/wp\/v2\/media\/19834"}],"wp:attachment":[{"href":"https:\/\/www.iceagetv.com\/radiosite\/wp-json\/wp\/v2\/media?parent=19833"}],"wp:term":[{"taxonomy":"category","embeddable":true,"href":"https:\/\/www.iceagetv.com\/radiosite\/wp-json\/wp\/v2\/categories?post=19833"},{"taxonomy":"post_tag","embeddable":true,"href":"https:\/\/www.iceagetv.com\/radiosite\/wp-json\/wp\/v2\/tags?post=19833"}],"curies":[{"name":"wp","href":"https:\/\/api.w.org\/{rel}","templated":true}]}}