{"id":19849,"date":"2021-12-26T08:04:18","date_gmt":"2021-12-26T08:04:18","guid":{"rendered":"http:\/\/www.iceagetv.com\/radiosite\/?p=19849"},"modified":"2021-12-26T08:04:18","modified_gmt":"2021-12-26T08:04:18","slug":"personnalites-preferees-jean-jacques-goldman-et-sophie-marceau-toujours-en-tete-mais-qui-sont-les-sortants-et-ceux-que-les-francais-ne-veulent-pas-dans-le-classement","status":"publish","type":"post","link":"https:\/\/www.iceagetv.com\/radiosite\/personnalites-preferees-jean-jacques-goldman-et-sophie-marceau-toujours-en-tete-mais-qui-sont-les-sortants-et-ceux-que-les-francais-ne-veulent-pas-dans-le-classement\/","title":{"rendered":"Personnalit\u00e9s pr\u00e9f\u00e9r\u00e9es : Jean-Jacques Goldman et Sophie \u00adMarceau toujours en t\u00eate mais qui sont les sortants et ceux que les Fran\u00e7ais ne veulent pas dans le classement?"},"content":{"rendered":"\n<p>Jean-Jacques Goldman et Sophie \u00adMarceau tr\u00f4nent une nouvelle fois au sommet&nbsp;<a href=\"https:\/\/www.lejdd.fr\/Societe\/exclusif-top-50-du-jdd-goldman-et-marceau-restent-les-personnalites-preferees-des-francais-pesquet-decolle-4084604\" target=\"_blank\" rel=\"noreferrer noopener\">du Top 50 des personnalit\u00e9s pr\u00e9f\u00e9r\u00e9es r\u00e9alis\u00e9 par l&rsquo;Ifop pour le JDD&nbsp;<\/a>depuis 1988. C&rsquo;est en fait un classement sans beaucoup de surprises qui est r\u00e9v\u00e9l\u00e9 par nos confr\u00e8res ce matin. Le moins que l&rsquo;on puisse dire c&rsquo;est que les Fran\u00e7ais sont plut\u00f4t constants dans leurs choix.<\/p>\n\n\n\n<p>Parmi les rares surprises ce Top 50 constitu\u00e9 de 25 hommes et 25 femmes, est aussi marqu\u00e9e par l&rsquo;envol de Thomas \u00adPesquet. L&rsquo;astronaute fran\u00e7ais bondit de neuf places apr\u00e8s sa deuxi\u00e8me mission \u00e0 bord de la Station spatiale internationale, qui s&rsquo;est achev\u00e9e le mois dernier.&nbsp;Marion Cotillard et de Florence Foresti aux 2e et 3e places.<\/p>\n\n\n\n<p><strong>Mais qui sont les personnalit\u00e9s qui sortent du classement ou que les Fran\u00e7ais ont refus\u00e9 de faire entrer ?<\/strong><\/p>\n\n\n\n<p>Les sortants sont Didier Deschamps, Michel Cymes, Catherine Frot ou Claire Chazal.<\/p>\n\n\n\n<p>Et nombre de ceux qui ont fait l&rsquo;actualit\u00e9, test\u00e9s, ne rivalisent pas pr\u00e9cise le JDD, qu&rsquo;il s&rsquo;agisse de personnalit\u00e9s du sport (la judokate Clarisse Agbegnenou, le footballeur Karim Benzema, le cycliste Julian Alaphilippe\u2026), du cin\u00e9ma (les r\u00e9alisateurs Albert Dupontel et Alexandre Astier, les acteurs Gilles Lellouche et Audrey Fleurot\u2026) ou de la musique (Orelsan, pourtant personnalit\u00e9 pr\u00e9f\u00e9r\u00e9e des 15-24 ans, Camille Lellouche\u2026).<\/p>\n\n\n\n<p>Le JDD a propos\u00e9 aux Fran\u00e7ais les noms des principaux candidats : Anne Hidalgo, Yannick Jadot, Marine Le Pen, Jean-Luc M\u00e9lenchon, Val\u00e9rie P\u00e9cresse et \u00c9ric Zemmour. Ainsi qu&rsquo;Emmanuel\u00ad Macron, non encore d\u00e9clar\u00e9, et \u00c9douard Philippe. Aucun n&rsquo;int\u00e8gre le Top 50.<\/p>\n","protected":false},"excerpt":{"rendered":"<p>Jean-Jacques Goldman et Sophie \u00adMarceau tr\u00f4nent une nouvelle fois au sommet&nbsp;du Top 50 des personnalit\u00e9s pr\u00e9f\u00e9r\u00e9es r\u00e9alis\u00e9 par l&rsquo;Ifop pour le JDD&nbsp;depuis 1988. C&rsquo;est en fait un classement sans beaucoup de surprises qui est r\u00e9v\u00e9l\u00e9 par nos confr\u00e8res ce matin. Le moins que l&rsquo;on puisse dire c&rsquo;est que les Fran\u00e7ais sont plut\u00f4t constants dans leurs [&hellip;]<\/p>\n","protected":false},"author":2,"featured_media":19850,"comment_status":"open","ping_status":"open","sticky":false,"template":"","format":"standard","meta":{"_jetpack_memberships_contains_paid_content":false,"footnotes":"","jetpack_publicize_message":"","jetpack_publicize_feature_enabled":true,"jetpack_social_post_already_shared":true,"jetpack_social_options":{"image_generator_settings":{"template":"highway","default_image_id":0,"font":"","enabled":false},"version":2},"_wpas_customize_per_network":false},"categories":[68],"tags":[],"class_list":["post-19849","post","type-post","status-publish","format-standard","has-post-thumbnail","hentry","category-actu-culturelle"],"jetpack_publicize_connections":[],"jetpack_featured_media_url":"https:\/\/i0.wp.com\/www.iceagetv.com\/radiosite\/wp-content\/uploads\/2021\/12\/Personnalit%C3%A9s-pr%C3%A9f%C3%A9r%C3%A9es-Jean-Jacques-Goldman.jpg?fit=680%2C294&ssl=1","jetpack_sharing_enabled":true,"_links":{"self":[{"href":"https:\/\/www.iceagetv.com\/radiosite\/wp-json\/wp\/v2\/posts\/19849","targetHints":{"allow":["GET"]}}],"collection":[{"href":"https:\/\/www.iceagetv.com\/radiosite\/wp-json\/wp\/v2\/posts"}],"about":[{"href":"https:\/\/www.iceagetv.com\/radiosite\/wp-json\/wp\/v2\/types\/post"}],"author":[{"embeddable":true,"href":"https:\/\/www.iceagetv.com\/radiosite\/wp-json\/wp\/v2\/users\/2"}],"replies":[{"embeddable":true,"href":"https:\/\/www.iceagetv.com\/radiosite\/wp-json\/wp\/v2\/comments?post=19849"}],"version-history":[{"count":1,"href":"https:\/\/www.iceagetv.com\/radiosite\/wp-json\/wp\/v2\/posts\/19849\/revisions"}],"predecessor-version":[{"id":19851,"href":"https:\/\/www.iceagetv.com\/radiosite\/wp-json\/wp\/v2\/posts\/19849\/revisions\/19851"}],"wp:featuredmedia":[{"embeddable":true,"href":"https:\/\/www.iceagetv.com\/radiosite\/wp-json\/wp\/v2\/media\/19850"}],"wp:attachment":[{"href":"https:\/\/www.iceagetv.com\/radiosite\/wp-json\/wp\/v2\/media?parent=19849"}],"wp:term":[{"taxonomy":"category","embeddable":true,"href":"https:\/\/www.iceagetv.com\/radiosite\/wp-json\/wp\/v2\/categories?post=19849"},{"taxonomy":"post_tag","embeddable":true,"href":"https:\/\/www.iceagetv.com\/radiosite\/wp-json\/wp\/v2\/tags?post=19849"}],"curies":[{"name":"wp","href":"https:\/\/api.w.org\/{rel}","templated":true}]}}