{"id":19856,"date":"2021-12-27T16:47:31","date_gmt":"2021-12-27T16:47:31","guid":{"rendered":"http:\/\/www.iceagetv.com\/radiosite\/?p=19856"},"modified":"2021-12-27T16:47:31","modified_gmt":"2021-12-27T16:47:31","slug":"pfc-ol-match-perdu-pour-les-deux-equipes-toutes-deux-eliminees-de-la-coupe-de-france","status":"publish","type":"post","link":"https:\/\/www.iceagetv.com\/radiosite\/pfc-ol-match-perdu-pour-les-deux-equipes-toutes-deux-eliminees-de-la-coupe-de-france\/","title":{"rendered":"PFC &#8211; OL : Match perdu pour les deux \u00e9quipes, toutes deux \u00e9limin\u00e9es de la Coupe de France"},"content":{"rendered":"\n<p>Le Paris FC et&nbsp;<a href=\"https:\/\/www.20minutes.fr\/sport\/ol\/\">l\u2019OL<\/a>&nbsp;\u00e9limin\u00e9s de la&nbsp;<a href=\"https:\/\/www.20minutes.fr\/sport\/coupe-de-france\/\">Coupe de France<\/a>. La commission de discipline&nbsp;<a href=\"https:\/\/www.20minutes.fr\/sport\/fff\/\">FFF<\/a>&nbsp;a donn\u00e9 match perdu aux deux \u00e9quipes apr\u00e8s les incidents survenus en tribunes le 17&nbsp;d\u00e9cembre au Stade Charlety et qui avaient conduit \u00e0 l\u2019arr\u00eat d\u00e9finitif du 32e de finale \u00e0 la mi-temps.&nbsp;Des supporters lyonnais avaient \u00e9t\u00e9 impliqu\u00e9s dans des violences avec d\u2019autres fans, dont des ultras du PSG.<\/p>\n\n\n\n<p>\u00ab&nbsp;La commission de discipline de la F\u00e9d\u00e9ration fran\u00e7aise de football retient la responsabilit\u00e9 disciplinaire des deux clubs dans les incidents survenus \u00e0 l\u2019occasion de cette rencontre&nbsp;\u00bb, affirme-t-elle en pr\u00e9alable alors que les pr\u00e9sidents des deux clubs se renvoyaient la balle depuis le 17&nbsp;d\u00e9cembre.<\/p>\n\n\n\n<p>Le Paris FC et l\u2019OL ont tous deux match perdu \u00ab\u00a0par p\u00e9nalit\u00e9\u00a0\u00bb, ce qui signifie que Nice, qui devait affronter le vainqueur de ce duel, est d\u00e9j\u00e0 qualifi\u00e9 pour les 8e de finale de la Coupe de France.ACTUALIT\u00c9 DES MARQUES<\/p>\n\n\n\n<h2 class=\"wp-block-heading\">De lourdes sanctions pour l\u2019OL<\/h2>\n\n\n\n<p>Le Paris FC \u00e9cope par ailleurs d\u2019une suspension de cinq matches fermes de son terrain, le stade Charl\u00e9ty, et d\u2019une amende de 10.000 euros.<\/p>\n\n\n\n<p>Les sanctions visant l\u2019OL sont encore plus lourdes avec \u00ab&nbsp;la fermeture de l\u2019espace visiteurs \u00e0 l\u2019ext\u00e9rieur jusqu\u2019\u00e0 la fin de la saison 2021-2022&nbsp;\u00bb, matches de L1 inclus, \u00ab&nbsp;la mise hors comp\u00e9tition de la Coupe de France, assortie du sursis, \u00e0 compter de l\u2019\u00e9dition 2022-2023&nbsp;\u00bb, une amende de 52.000 euros et le remboursement des frais li\u00e9s \u00e0 la r\u00e9paration des si\u00e8ges d\u00e9grad\u00e9s par ses supporters.<\/p>\n\n\n\n<p><a rel=\"noreferrer noopener\" target=\"_blank\" href=\"https:\/\/paid.invibes.com\/redir\/?t=XrrFm5cov_2MSZvQXkVPkMykrSI0kUPexuLpHDoVuJbqmfXadXlYdMUvXwxXPCZ2&amp;to=https%3A%2F%2Fpizzahut.solution.weborama.fr%2Ffcgi-bin%2Fdispatch.fcgi%3Fa.A%3Dcl%26a.si%3D142%26a.te%3D489%26gdpr%3D1%26gdpr_consent%3DCPOBNHbPOBNHbAHABBENBwCsAP_AAAAAAAAAIPtf_X_db3tj-_59_vt0eYlf9f6-v-0zhhedp-0N2f_X-L8X-2M7vF36howKORgEs3LBIQclHKHcTUmw6okUiyGsZESEj5MAJqPEinETWwNYGF9_nc1DeBKY79spv7-7m_ufe___W2X__-j90zp5_W-j-abvQ9897Lm92_2f_5_N___9v_gAAAJFQAYAAgg-SgAwABBB8NABgACCD5SADAAEEHx0AGAAIIPkIAMAAQQfCQAYAAgg-IgAwABBB8ZABgACCD4A.f_gAAAAAAAAA%26a.ra%3D1640623573046%26g.lu%3D&amp;tcfPurposes=,1,2,3,4,5,6,7,8,9,10,\"><br> <\/a><\/p>\n","protected":false},"excerpt":{"rendered":"<p>Le Paris FC et&nbsp;l\u2019OL&nbsp;\u00e9limin\u00e9s de la&nbsp;Coupe de France. La commission de discipline&nbsp;FFF&nbsp;a donn\u00e9 match perdu aux deux \u00e9quipes apr\u00e8s les incidents survenus en tribunes le 17&nbsp;d\u00e9cembre au Stade Charlety et qui avaient conduit \u00e0 l\u2019arr\u00eat d\u00e9finitif du 32e de finale \u00e0 la mi-temps.&nbsp;Des supporters lyonnais avaient \u00e9t\u00e9 impliqu\u00e9s dans des violences avec d\u2019autres fans, dont [&hellip;]<\/p>\n","protected":false},"author":2,"featured_media":19857,"comment_status":"open","ping_status":"open","sticky":false,"template":"","format":"standard","meta":{"_jetpack_memberships_contains_paid_content":false,"footnotes":"","jetpack_publicize_message":"","jetpack_publicize_feature_enabled":true,"jetpack_social_post_already_shared":true,"jetpack_social_options":{"image_generator_settings":{"template":"highway","default_image_id":0,"font":"","enabled":false},"version":2},"_wpas_customize_per_network":false},"categories":[18],"tags":[],"class_list":["post-19856","post","type-post","status-publish","format-standard","has-post-thumbnail","hentry","category-actu-sport"],"jetpack_publicize_connections":[],"jetpack_featured_media_url":"https:\/\/i0.wp.com\/www.iceagetv.com\/radiosite\/wp-content\/uploads\/2021\/12\/PFC-OL.jpg?fit=640%2C410&ssl=1","jetpack_sharing_enabled":true,"_links":{"self":[{"href":"https:\/\/www.iceagetv.com\/radiosite\/wp-json\/wp\/v2\/posts\/19856","targetHints":{"allow":["GET"]}}],"collection":[{"href":"https:\/\/www.iceagetv.com\/radiosite\/wp-json\/wp\/v2\/posts"}],"about":[{"href":"https:\/\/www.iceagetv.com\/radiosite\/wp-json\/wp\/v2\/types\/post"}],"author":[{"embeddable":true,"href":"https:\/\/www.iceagetv.com\/radiosite\/wp-json\/wp\/v2\/users\/2"}],"replies":[{"embeddable":true,"href":"https:\/\/www.iceagetv.com\/radiosite\/wp-json\/wp\/v2\/comments?post=19856"}],"version-history":[{"count":1,"href":"https:\/\/www.iceagetv.com\/radiosite\/wp-json\/wp\/v2\/posts\/19856\/revisions"}],"predecessor-version":[{"id":19858,"href":"https:\/\/www.iceagetv.com\/radiosite\/wp-json\/wp\/v2\/posts\/19856\/revisions\/19858"}],"wp:featuredmedia":[{"embeddable":true,"href":"https:\/\/www.iceagetv.com\/radiosite\/wp-json\/wp\/v2\/media\/19857"}],"wp:attachment":[{"href":"https:\/\/www.iceagetv.com\/radiosite\/wp-json\/wp\/v2\/media?parent=19856"}],"wp:term":[{"taxonomy":"category","embeddable":true,"href":"https:\/\/www.iceagetv.com\/radiosite\/wp-json\/wp\/v2\/categories?post=19856"},{"taxonomy":"post_tag","embeddable":true,"href":"https:\/\/www.iceagetv.com\/radiosite\/wp-json\/wp\/v2\/tags?post=19856"}],"curies":[{"name":"wp","href":"https:\/\/api.w.org\/{rel}","templated":true}]}}