{"id":19862,"date":"2021-12-27T19:27:54","date_gmt":"2021-12-27T19:27:54","guid":{"rendered":"http:\/\/www.iceagetv.com\/radiosite\/?p=19862"},"modified":"2021-12-27T19:27:54","modified_gmt":"2021-12-27T19:27:54","slug":"coronavirus-le-delai-entre-la-2e-et-la-3e-vaccination-est-reduit-a-3-mois-le-pass-sanitaire-va-etre-transforme-en-pass-vaccinale-teletravail-obligatoire-sur-3-jours-minimum-retour-du-masque-e","status":"publish","type":"post","link":"https:\/\/www.iceagetv.com\/radiosite\/coronavirus-le-delai-entre-la-2e-et-la-3e-vaccination-est-reduit-a-3-mois-le-pass-sanitaire-va-etre-transforme-en-pass-vaccinale-teletravail-obligatoire-sur-3-jours-minimum-retour-du-masque-e\/","title":{"rendered":"Coronavirus &#8211; \u00ab\u00a0Le d\u00e9lai entre la 2e et la 3e vaccination est r\u00e9duit \u00e0 3 mois. Le pass sanitaire va \u00eatre transform\u00e9 en pass vaccinale &#8211; T\u00e9l\u00e9travail obligatoire sur 3 jours minimum &#8211; Retour du masque en centre-ville\u00a0\u00bb"},"content":{"rendered":"\n<p> <strong>Olivier V\u00e9ran affirme ne pas avoir de r\u00e9ponse sur une 4e dose pour les personnes vaccin\u00e9es depuis plus de 3 mois. Des \u00e9tudes sont en cours<\/strong> <\/p>\n\n\n\n<p><strong>Jean Castex r\u00e9pond aux questions des journalistes et apporte des pr\u00e9cisions :<\/strong><\/p>\n\n\n\n<p>&#8211;&nbsp;Les limitations de capacit\u00e9 des salles ne concernent pas les meetings politiques ni l&rsquo;exercice du culte.<\/p>\n\n\n\n<p>&#8211; Le contr\u00f4le d&rsquo;identit\u00e9 li\u00e9 au pass sanitaire sera \u00e9voqu\u00e9 dans les prochains jours<\/p>\n\n\n\n<p><strong>Jean Castex prend la parole :<\/strong>&nbsp;\u00ab\u00a0Je viens vous pr\u00e9senter l&rsquo;\u00e9tat de la situation et les mesures prises par le Conseil de d\u00e9fense de cet apr\u00e8s-midi pr\u00e9sid\u00e9 par le Pr\u00e9sident de la R\u00e9publique. Nous avons franchit les 100.000 cas quotidien pour la premi\u00e8re fois la semaine derni\u00e8re. Nous d\u00e9plorons 122.777 d\u00e9c\u00e8s dus au virus. Nos soignants sont \u00e9puis\u00e9s et d&rsquo;autre pathologie affectent notre activit\u00e9.<\/p>\n\n\n\n<p>Si la vaccination n&#8217;emp\u00eache ni la contamination, ni la transmission elle r\u00e9duit le risque mais surtout elle pr\u00e9vient des formes graves y compris pour Omicron.&nbsp;Les formes graves touchent des personnes non vaccin\u00e9es ou avec des comorbidit\u00e9s graves.&nbsp;<\/p>\n\n\n\n<p><strong>Le d\u00e9lai entre la 2e et 3e vaccination est r\u00e9duit d\u00e8s demain \u00e0 3 mois.&nbsp;<\/strong>D\u00e8s demain, suivant la recommandation de la Haute Autorit\u00e9 de Sant\u00e9, il suffira de trois mois apr\u00e8s votre deuxi\u00e8me injection &#8211; ou votre premi\u00e8re si vous avez eu le Covid &#8211; pour pouvoir b\u00e9n\u00e9ficier de votre rappel<\/p>\n\n\n\n<p><strong>Un projet de loi va transformer le pass sanitaire en pass vaccinale. Il faudra \u00eatre vaccin\u00e9 pour entrer dans plusieurs \u00e9tablissements d\u00e8s le 15 janvier.&nbsp;<\/strong>Cela signifie que dans les lieux o\u00f9 se passe s\u2019applique depuis plusieurs mois les restaurants, les bars, les mus\u00e9es, les th\u00e9\u00e2tres, les m\u00e9diath\u00e8ques, les s\u00e9minaires et salons, les salles de sport, les enceintes sportives, et de spectacles, il faudra justifier d\u2019\u00eatre vaccin\u00e9 pour pouvoir entrer. La production d\u2019un test ne suffira plus.&nbsp;Le projet de loi pr\u00e9voit \u00e9galement de sanctionner davantage les faux passes sanitaires, qui constituent&nbsp;\u00ab un acte d\u00e9lib\u00e9r\u00e9 de mise en danger d\u2019autrui \u00bb&nbsp;selon le premier ministre.<\/p>\n\n\n\n<p><strong>Nous avons \u00e9galement d\u00e9cid\u00e9 d\u00e8s lundi d&rsquo;interdire les grands rassemblement de plus de 2.000 personnes \u00e0 l&rsquo;int\u00e9rieur et 5.000 \u00e0 l&rsquo;ext\u00e9rieur. Les concerts debout sont interdits.&nbsp;<\/strong>La consommation de boissons et d\u2019aliments sera interdite dans tous les cin\u00e9mas, les th\u00e9\u00e2tres, les \u00e9quipements sportifs et les transports collectifs, y compris longue distance. La consommation dans les bars et caf\u00e9s ne pourra plus se faire debout, mais seulement de mani\u00e8re assise.<\/p>\n\n\n\n<p><strong>Pour 3 semaines d\u00e8s la rentr\u00e9e le t\u00e9l\u00e9-travail est OBLIGATOIRE, je r\u00e9p\u00e8te OBLIGATOIRE, pour 3 jours minimum dans les entreprises ou c&rsquo;est possible et de pr\u00e9f\u00e9rence pour 4 jours.<\/strong><\/p>\n\n\n\n<p><strong>Pas de couvre-feu dans l&rsquo;imm\u00e9diat d&rsquo;ici un nouveau conseil de d\u00e9fense au d\u00e9but du mois de janvier<\/strong>.<\/p>\n\n\n\n<p>L\u2019obligation du masque sera \u00e9tendue \u00e0 certains centres-villes.&nbsp;Les pr\u00e9fets adopteront les dispositions correspondantes en lien avec les maires.<\/p>\n\n\n\n<p><\/p>\n\n\n\n<p><\/p>\n","protected":false},"excerpt":{"rendered":"<p>Olivier V\u00e9ran affirme ne pas avoir de r\u00e9ponse sur une 4e dose pour les personnes vaccin\u00e9es depuis plus de 3 mois. Des \u00e9tudes sont en cours Jean Castex r\u00e9pond aux questions des journalistes et apporte des pr\u00e9cisions : &#8211;&nbsp;Les limitations de capacit\u00e9 des salles ne concernent pas les meetings politiques ni l&rsquo;exercice du culte. &#8211; [&hellip;]<\/p>\n","protected":false},"author":2,"featured_media":19863,"comment_status":"open","ping_status":"open","sticky":false,"template":"","format":"standard","meta":{"_jetpack_memberships_contains_paid_content":false,"footnotes":"","jetpack_publicize_message":"","jetpack_publicize_feature_enabled":true,"jetpack_social_post_already_shared":true,"jetpack_social_options":{"image_generator_settings":{"template":"highway","default_image_id":0,"font":"","enabled":false},"version":2},"_wpas_customize_per_network":false},"categories":[405],"tags":[],"class_list":["post-19862","post","type-post","status-publish","format-standard","has-post-thumbnail","hentry","category-actu-france-monde"],"jetpack_publicize_connections":[],"jetpack_featured_media_url":"https:\/\/i0.wp.com\/www.iceagetv.com\/radiosite\/wp-content\/uploads\/2021\/12\/Coronavirus-en-France-les-annonces-d%C3%A9voil%C3%A9es-apr%C3%A8s-le-Conseil-de-d%C3%A9fense-sanitaire.jpg?fit=920%2C397&ssl=1","jetpack_sharing_enabled":true,"_links":{"self":[{"href":"https:\/\/www.iceagetv.com\/radiosite\/wp-json\/wp\/v2\/posts\/19862","targetHints":{"allow":["GET"]}}],"collection":[{"href":"https:\/\/www.iceagetv.com\/radiosite\/wp-json\/wp\/v2\/posts"}],"about":[{"href":"https:\/\/www.iceagetv.com\/radiosite\/wp-json\/wp\/v2\/types\/post"}],"author":[{"embeddable":true,"href":"https:\/\/www.iceagetv.com\/radiosite\/wp-json\/wp\/v2\/users\/2"}],"replies":[{"embeddable":true,"href":"https:\/\/www.iceagetv.com\/radiosite\/wp-json\/wp\/v2\/comments?post=19862"}],"version-history":[{"count":1,"href":"https:\/\/www.iceagetv.com\/radiosite\/wp-json\/wp\/v2\/posts\/19862\/revisions"}],"predecessor-version":[{"id":19864,"href":"https:\/\/www.iceagetv.com\/radiosite\/wp-json\/wp\/v2\/posts\/19862\/revisions\/19864"}],"wp:featuredmedia":[{"embeddable":true,"href":"https:\/\/www.iceagetv.com\/radiosite\/wp-json\/wp\/v2\/media\/19863"}],"wp:attachment":[{"href":"https:\/\/www.iceagetv.com\/radiosite\/wp-json\/wp\/v2\/media?parent=19862"}],"wp:term":[{"taxonomy":"category","embeddable":true,"href":"https:\/\/www.iceagetv.com\/radiosite\/wp-json\/wp\/v2\/categories?post=19862"},{"taxonomy":"post_tag","embeddable":true,"href":"https:\/\/www.iceagetv.com\/radiosite\/wp-json\/wp\/v2\/tags?post=19862"}],"curies":[{"name":"wp","href":"https:\/\/api.w.org\/{rel}","templated":true}]}}