{"id":19875,"date":"2021-12-29T17:38:20","date_gmt":"2021-12-29T17:38:20","guid":{"rendered":"http:\/\/www.iceagetv.com\/radiosite\/?p=19875"},"modified":"2021-12-29T17:38:20","modified_gmt":"2021-12-29T17:38:20","slug":"pass-vaccinal-controles-didentite-ehpad-hopitaux-le-projet-de-la-loi-detaille-par-olivier-veran","status":"publish","type":"post","link":"https:\/\/www.iceagetv.com\/radiosite\/pass-vaccinal-controles-didentite-ehpad-hopitaux-le-projet-de-la-loi-detaille-par-olivier-veran\/","title":{"rendered":"Pass vaccinal : contr\u00f4les d&rsquo;identit\u00e9, Ehpad, h\u00f4pitaux&#8230; le projet de la loi d\u00e9taill\u00e9 par Olivier V\u00e9ran"},"content":{"rendered":"\n<p>Olivier V\u00e9ran a pr\u00e9sent\u00e9 le projet de loi sur la pass vaccinal devant les d\u00e9put\u00e9s ce mercredi 29 d\u00e9cembre.&nbsp;Le ministre des Solidarit\u00e9s et de la Sant\u00e9 estime que ce nouvel outil nous permettra \u00ab\u00a0de ne pas renier les libert\u00e9s collectives\u00a0\u00bb.&nbsp;<\/p>\n\n\n\n<p>Premi\u00e8re annonce du ministre ce mercredi apr\u00e8s-midi, le pass vaccinal, qui devrait entrer en vigueur d\u00e8s le 15 janvier, ne sera pas exig\u00e9 \u00ab\u00a0pour se rendre \u00e0 l\u2019h\u00f4pital ou dans un Ehpad\u00a0\u00bb. \u00ab\u00a0Nous ne voulons pas interdire l\u2019acc\u00e8s aux soins aux non-vaccin\u00e9s\u00a0\u00bb, assure Olivier V\u00e9ran.<\/p>\n\n\n\n<h2 class=\"wp-block-heading\">Les contr\u00f4les d&rsquo;identit\u00e9 renforc\u00e9s<\/h2>\n\n\n\n<p>Par ailleurs, il assure que \u00ab\u00a0toute personne habilit\u00e9e \u00e0 demander la pr\u00e9sentation d&rsquo;un pass pourra exiger la pr\u00e9sentation d&rsquo;une pi\u00e8ce d&rsquo;identit\u00e9\u00a0\u00bb.<\/p>\n\n\n\n<p>Une nouveaut\u00e9 qui a pour but de combattre les fraudeurs, puisque au moins 182 000 faux pass circuleraient actuellement dans le pays, mais qui fera \u00e9galement peser une nouvelle responsabilit\u00e9 sur les restaurateurs, cafetiers et autres g\u00e9rants de salles de cin\u00e9ma, qui ne voient pas tous d&rsquo;un bon \u0153il ce type de contr\u00f4le habituellement r\u00e9serv\u00e9 aux forces de l&rsquo;ordre.&nbsp;<\/p>\n\n\n\n<h2 class=\"wp-block-heading\">Le remboursement des t\u00e9l\u00e9consultations prolong\u00e9<\/h2>\n\n\n\n<p>Un autre \u00e9l\u00e9ment ajout\u00e9 au projet de loi concerne le prolongement du remboursement de t\u00e9l\u00e9consultations. Le gouvernement souhaite&nbsp;prolonger jusqu&rsquo;\u00e0 l&rsquo;\u00e9t\u00e9 le remboursement \u00e0 100% des t\u00e9l\u00e9consultations par l&rsquo;Assurance maladie, ainsi que la \u00ab\u00a0garantie de financement\u00a0\u00bb pour les h\u00f4pitaux et cliniques.<\/p>\n\n\n\n<p>Le dispositif devait prendre fin le 31 d\u00e9cembre, il sera&nbsp;prorog\u00e9 par d\u00e9cret \u00ab\u00a0au plus tard jusqu&rsquo;au 31 juillet 2022\u00a0\u00bb, selon un des amendements d\u00e9pos\u00e9s par l&rsquo;ex\u00e9cutif.<\/p>\n\n\n\n<p><\/p>\n\n\n\n<p><\/p>\n","protected":false},"excerpt":{"rendered":"<p>Olivier V\u00e9ran a pr\u00e9sent\u00e9 le projet de loi sur la pass vaccinal devant les d\u00e9put\u00e9s ce mercredi 29 d\u00e9cembre.&nbsp;Le ministre des Solidarit\u00e9s et de la Sant\u00e9 estime que ce nouvel outil nous permettra \u00ab\u00a0de ne pas renier les libert\u00e9s collectives\u00a0\u00bb.&nbsp; Premi\u00e8re annonce du ministre ce mercredi apr\u00e8s-midi, le pass vaccinal, qui devrait entrer en vigueur [&hellip;]<\/p>\n","protected":false},"author":2,"featured_media":19876,"comment_status":"open","ping_status":"open","sticky":false,"template":"","format":"standard","meta":{"_jetpack_memberships_contains_paid_content":false,"footnotes":"","jetpack_publicize_message":"","jetpack_publicize_feature_enabled":true,"jetpack_social_post_already_shared":true,"jetpack_social_options":{"image_generator_settings":{"template":"highway","default_image_id":0,"font":"","enabled":false},"version":2},"_wpas_customize_per_network":false},"categories":[405],"tags":[],"class_list":["post-19875","post","type-post","status-publish","format-standard","has-post-thumbnail","hentry","category-actu-france-monde"],"jetpack_publicize_connections":[],"jetpack_featured_media_url":"https:\/\/i0.wp.com\/www.iceagetv.com\/radiosite\/wp-content\/uploads\/2021\/12\/Pass-vaccinal.jpg?fit=885%2C500&ssl=1","jetpack_sharing_enabled":true,"_links":{"self":[{"href":"https:\/\/www.iceagetv.com\/radiosite\/wp-json\/wp\/v2\/posts\/19875","targetHints":{"allow":["GET"]}}],"collection":[{"href":"https:\/\/www.iceagetv.com\/radiosite\/wp-json\/wp\/v2\/posts"}],"about":[{"href":"https:\/\/www.iceagetv.com\/radiosite\/wp-json\/wp\/v2\/types\/post"}],"author":[{"embeddable":true,"href":"https:\/\/www.iceagetv.com\/radiosite\/wp-json\/wp\/v2\/users\/2"}],"replies":[{"embeddable":true,"href":"https:\/\/www.iceagetv.com\/radiosite\/wp-json\/wp\/v2\/comments?post=19875"}],"version-history":[{"count":1,"href":"https:\/\/www.iceagetv.com\/radiosite\/wp-json\/wp\/v2\/posts\/19875\/revisions"}],"predecessor-version":[{"id":19877,"href":"https:\/\/www.iceagetv.com\/radiosite\/wp-json\/wp\/v2\/posts\/19875\/revisions\/19877"}],"wp:featuredmedia":[{"embeddable":true,"href":"https:\/\/www.iceagetv.com\/radiosite\/wp-json\/wp\/v2\/media\/19876"}],"wp:attachment":[{"href":"https:\/\/www.iceagetv.com\/radiosite\/wp-json\/wp\/v2\/media?parent=19875"}],"wp:term":[{"taxonomy":"category","embeddable":true,"href":"https:\/\/www.iceagetv.com\/radiosite\/wp-json\/wp\/v2\/categories?post=19875"},{"taxonomy":"post_tag","embeddable":true,"href":"https:\/\/www.iceagetv.com\/radiosite\/wp-json\/wp\/v2\/tags?post=19875"}],"curies":[{"name":"wp","href":"https:\/\/api.w.org\/{rel}","templated":true}]}}