{"id":19888,"date":"2021-12-30T19:38:17","date_gmt":"2021-12-30T19:38:17","guid":{"rendered":"http:\/\/www.iceagetv.com\/radiosite\/?p=19888"},"modified":"2021-12-30T19:38:17","modified_gmt":"2021-12-30T19:38:17","slug":"calais-des-dizaines-de-migrants-attaquent-des-crs-a-coups-de-pierres-dans-des-affrontements-dune-violence-inouie-15-policiers-hospitalises-avec-des-plaies-des-contusions-et-une-jambe-cassee","status":"publish","type":"post","link":"https:\/\/www.iceagetv.com\/radiosite\/calais-des-dizaines-de-migrants-attaquent-des-crs-a-coups-de-pierres-dans-des-affrontements-dune-violence-inouie-15-policiers-hospitalises-avec-des-plaies-des-contusions-et-une-jambe-cassee\/","title":{"rendered":"Calais : Des dizaines de migrants attaquent des CRS \u00e0 coups de pierres dans des affrontements \u00ab\u00a0d&rsquo;une violence inou\u00efe\u00a0\u00bb &#8211; 15 policiers hospitalis\u00e9s avec des plaies, des contusions et une jambe cass\u00e9e"},"content":{"rendered":"\n<p>Un affrontement \u00ab\u00a0d&rsquo;une violence inou\u00efe\u00a0\u00bb entre des CRS, des gendarmes et des migrants a fait \u00ab\u00a0au moins 15 bless\u00e9s\u00a0\u00bb \u00e0 Calais. Pr\u00e8s de&nbsp;60 CRS et gendarmes qui s\u00e9curisaient la zone ont \u00e9t\u00e9 attaqu\u00e9s par une centaine de migrants. Selon une source polici\u00e8re sur place, l&rsquo;attaque \u00e9tait d&rsquo;une \u00ab\u00a0violence inou\u00efe\u00a0\u00bb. Un CRS raconte que les migrants \u00ab\u00a0avaient des sacs remplis de pierres et de ballast dans leurs tentes\u00a0\u00bb. La bagarre a dur\u00e9 une heure, des t\u00e9moins d\u00e9crivent \u00ab\u00a0une sc\u00e8ne de guerre\u00a0\u00bb avec des migrants qui jetaient des pierres et des CRS qui r\u00e9pliquaient avec du gaz lacrymog\u00e8ne et des tirs de lanceurs de balles de d\u00e9fense.&nbsp;<\/p>\n\n\n\n<p><strong>Au moins 15 CRS ont \u00e9t\u00e9 hospitalis\u00e9s selon une source polici\u00e8re pour des contusions, des plaies et un policier aurait une jambe cass\u00e9e.<\/strong>&nbsp;Plusieurs migrants ont \u00e9galement \u00e9t\u00e9 bless\u00e9s dans l&rsquo;affrontement.<\/p>\n\n\n\n<p>Dans un communiqu\u00e9, la pr\u00e9fecture du Pas-de-Calais \u00ab\u00a0condamne fermement ces violences et apporte son soutien total aux policiers et gendarmes bless\u00e9s\u00a0\u00bb. Elle pr\u00e9cise \u00e9galement qu&rsquo;une \u00ab\u00a0centaine de migrants faisant preuve d&rsquo;une grande agressivit\u00e9\u00a0\u00bb auraient refus\u00e9 de quitter les lieux au moment de l&rsquo;op\u00e9ration d&rsquo;\u00e9vacuation lanc\u00e9e par les forces de l&rsquo;ordre.<\/p>\n\n\n\n<p>La pr\u00e9fecture du Pas-de-Calais rappelle \u00e9galement que \u00ab\u00a0ces op\u00e9rations visent \u00e0 mettre fin aux occupations illicites \u00e0 Calais et ont pour objectifs d\u2019\u00e9viter la reconstitution d\u2019un important campement insalubre et de soustraire les personnes migrantes des r\u00e9seaux mafieux de passeurs\u00a0\u00bb.<\/p>\n\n\n\n<p><strong>De leur c\u00f4t\u00e9 les associations qui soutiennent les migrants comme l&rsquo;Auberge des migrants, association qui vient en aide aux exil\u00e9s, affirment que les migrants \u00e9taient tr\u00e8s en col\u00e8re<\/strong>&nbsp;car les policiers les emp\u00eachaient de r\u00e9cup\u00e9rer des affaires dans les tentes. Une trentaine d&rsquo;abris de fortune auraient \u00e9t\u00e9 saisies.&nbsp;<\/p>\n","protected":false},"excerpt":{"rendered":"<p>Un affrontement \u00ab\u00a0d&rsquo;une violence inou\u00efe\u00a0\u00bb entre des CRS, des gendarmes et des migrants a fait \u00ab\u00a0au moins 15 bless\u00e9s\u00a0\u00bb \u00e0 Calais. Pr\u00e8s de&nbsp;60 CRS et gendarmes qui s\u00e9curisaient la zone ont \u00e9t\u00e9 attaqu\u00e9s par une centaine de migrants. Selon une source polici\u00e8re sur place, l&rsquo;attaque \u00e9tait d&rsquo;une \u00ab\u00a0violence inou\u00efe\u00a0\u00bb. Un CRS raconte que les migrants [&hellip;]<\/p>\n","protected":false},"author":2,"featured_media":19889,"comment_status":"open","ping_status":"open","sticky":false,"template":"","format":"standard","meta":{"_jetpack_memberships_contains_paid_content":false,"footnotes":"","jetpack_publicize_message":"","jetpack_publicize_feature_enabled":true,"jetpack_social_post_already_shared":true,"jetpack_social_options":{"image_generator_settings":{"template":"highway","default_image_id":0,"font":"","enabled":false},"version":2},"_wpas_customize_per_network":false},"categories":[405],"tags":[],"class_list":["post-19888","post","type-post","status-publish","format-standard","has-post-thumbnail","hentry","category-actu-france-monde"],"jetpack_publicize_connections":[],"jetpack_featured_media_url":"https:\/\/i0.wp.com\/www.iceagetv.com\/radiosite\/wp-content\/uploads\/2021\/12\/Des-dizaines-de-migrants-attaquent-des-CRS-%C3%A0-coups-de-pierres-dans-des-affrontements.jpg?fit=920%2C397&ssl=1","jetpack_sharing_enabled":true,"_links":{"self":[{"href":"https:\/\/www.iceagetv.com\/radiosite\/wp-json\/wp\/v2\/posts\/19888","targetHints":{"allow":["GET"]}}],"collection":[{"href":"https:\/\/www.iceagetv.com\/radiosite\/wp-json\/wp\/v2\/posts"}],"about":[{"href":"https:\/\/www.iceagetv.com\/radiosite\/wp-json\/wp\/v2\/types\/post"}],"author":[{"embeddable":true,"href":"https:\/\/www.iceagetv.com\/radiosite\/wp-json\/wp\/v2\/users\/2"}],"replies":[{"embeddable":true,"href":"https:\/\/www.iceagetv.com\/radiosite\/wp-json\/wp\/v2\/comments?post=19888"}],"version-history":[{"count":1,"href":"https:\/\/www.iceagetv.com\/radiosite\/wp-json\/wp\/v2\/posts\/19888\/revisions"}],"predecessor-version":[{"id":19890,"href":"https:\/\/www.iceagetv.com\/radiosite\/wp-json\/wp\/v2\/posts\/19888\/revisions\/19890"}],"wp:featuredmedia":[{"embeddable":true,"href":"https:\/\/www.iceagetv.com\/radiosite\/wp-json\/wp\/v2\/media\/19889"}],"wp:attachment":[{"href":"https:\/\/www.iceagetv.com\/radiosite\/wp-json\/wp\/v2\/media?parent=19888"}],"wp:term":[{"taxonomy":"category","embeddable":true,"href":"https:\/\/www.iceagetv.com\/radiosite\/wp-json\/wp\/v2\/categories?post=19888"},{"taxonomy":"post_tag","embeddable":true,"href":"https:\/\/www.iceagetv.com\/radiosite\/wp-json\/wp\/v2\/tags?post=19888"}],"curies":[{"name":"wp","href":"https:\/\/api.w.org\/{rel}","templated":true}]}}