{"id":19914,"date":"2022-01-02T08:51:39","date_gmt":"2022-01-02T08:51:39","guid":{"rendered":"http:\/\/www.iceagetv.com\/radiosite\/?p=19914"},"modified":"2022-01-02T08:51:39","modified_gmt":"2022-01-02T08:51:39","slug":"coronavirus-des-demain-la-periode-disolement-reduite-a-sept-jours-pour-les-vaccines-testes-positifs-au-covid-19-annonce-le-gouvernement","status":"publish","type":"post","link":"https:\/\/www.iceagetv.com\/radiosite\/coronavirus-des-demain-la-periode-disolement-reduite-a-sept-jours-pour-les-vaccines-testes-positifs-au-covid-19-annonce-le-gouvernement\/","title":{"rendered":"Coronavirus: D\u00e8s demain, la p\u00e9riode d&rsquo;isolement r\u00e9duite \u00e0 sept jours pour les vaccin\u00e9s test\u00e9s positifs au Covid-19, annonce le gouvernement"},"content":{"rendered":"\n<p>Les r\u00e8gles d\u2019isolement des personnes positives au Covid-19 et de leurs contacts seront all\u00e9g\u00e9es en France \u00e0 partir de lundi pour celles ayant un sch\u00e9ma vaccinal complet, afin de pr\u00e9server la vie socio-\u00e9conomique du pays, a annonc\u00e9 le gouvernement. Les personnes positives compl\u00e8tement vaccin\u00e9es devront s\u2019isoler pendant sept jours quel que soit le variant, un isolement qui pourra \u00eatre lev\u00e9 au bout de cinq jours en cas de test antig\u00e9nique ou PCR n\u00e9gatif.<\/p>\n\n\n\n<p>Et il n\u2019y aura plus de quarantaine pour les personnes cas contact disposant d\u2019un sch\u00e9ma vaccinal complet. Celles-ci devront cependant strictement respecter les gestes barri\u00e8res et \u00ab&nbsp;faire des tests r\u00e9guliers&nbsp;\u00bb, a expliqu\u00e9 le ministre de la Sant\u00e9, Olivier V\u00e9ran, dans une interview au journal du dimanche.<\/p>\n\n\n\n<p>Jusqu\u2019ici, en France, les personnes positives devaient s\u2019isoler dix jours, et les cas contacts d\u2019une personne ayant contract\u00e9 le variant Omicron devaient s\u2019isoler au minimum 7 jours. La dur\u00e9e d\u2019isolement pouvait en outre atteindre 17 jours, quel que soit le variant, lorsque l\u2019on partageait le domicile d\u2019une personne positive.<\/p>\n\n\n\n<p>Ce changement de r\u00e8gles r\u00e9pond \u00e0 la n\u00e9cessit\u00e9 de \u00ab&nbsp;tenir compte de l\u2019\u00e9volution extr\u00eamement rapide de la diffusion du variant Omicron en France&nbsp;\u00bb, et doit permettre d\u2019\u00ab&nbsp;avoir une balance b\u00e9n\u00e9fice-risque visant \u00e0 assurer la ma\u00eetrise des contaminations tout en maintenant la vie socio-\u00e9conomique&nbsp;\u00bb, a expliqu\u00e9 le minist\u00e8re de la Sant\u00e9 dans un communiqu\u00e9.<\/p>\n\n\n\n<p>De plus, \u00ab&nbsp;les premi\u00e8res donn\u00e9es virologiques disponibles&nbsp;\u00bb montrent \u00ab&nbsp;une dur\u00e9e d\u2019incubation du variant Omicron plus rapide que pour les pr\u00e9c\u00e9dents variants, allant en faveur d\u2019une r\u00e9duction possible de la dur\u00e9e d\u2019isolement&nbsp;\u00bb. De leur c\u00f4t\u00e9, les personnes test\u00e9es positives et n\u2019ayant pas de sch\u00e9ma vaccinal complet devront s\u2019isoler dix jours, avec une sortie possible au bout de sept jours selon les m\u00eames conditions. La quarantaine de sept jours est \u00e9galement maintenue pour les cas contacts n\u2019ayant pas de sch\u00e9ma vaccinal complet, qui devront obtenir un test n\u00e9gatif \u00e0 l\u2019issue de cette p\u00e9riode pour pouvoir sortir de l\u2019isolement.<\/p>\n","protected":false},"excerpt":{"rendered":"<p>Les r\u00e8gles d\u2019isolement des personnes positives au Covid-19 et de leurs contacts seront all\u00e9g\u00e9es en France \u00e0 partir de lundi pour celles ayant un sch\u00e9ma vaccinal complet, afin de pr\u00e9server la vie socio-\u00e9conomique du pays, a annonc\u00e9 le gouvernement. Les personnes positives compl\u00e8tement vaccin\u00e9es devront s\u2019isoler pendant sept jours quel que soit le variant, un [&hellip;]<\/p>\n","protected":false},"author":2,"featured_media":19915,"comment_status":"open","ping_status":"open","sticky":false,"template":"","format":"standard","meta":{"_jetpack_memberships_contains_paid_content":false,"footnotes":"","jetpack_publicize_message":"","jetpack_publicize_feature_enabled":true,"jetpack_social_post_already_shared":true,"jetpack_social_options":{"image_generator_settings":{"template":"highway","default_image_id":0,"font":"","enabled":false},"version":2},"_wpas_customize_per_network":false},"categories":[405],"tags":[3020,3021],"class_list":["post-19914","post","type-post","status-publish","format-standard","has-post-thumbnail","hentry","category-actu-france-monde","tag-des-demain","tag-la-periode-disolement-reduite-a-sept-jours-pour-les-vaccines-testes-positifs-au-covid-19"],"jetpack_publicize_connections":[],"jetpack_featured_media_url":"https:\/\/i0.wp.com\/www.iceagetv.com\/radiosite\/wp-content\/uploads\/2022\/01\/Des-demain-la-periode-disolement-reduite-a-sept-jours-pour-les-vaccines-testes-positifs-au-Covid-19-annonce-le-gouvernement.jpg?fit=680%2C294&ssl=1","jetpack_sharing_enabled":true,"_links":{"self":[{"href":"https:\/\/www.iceagetv.com\/radiosite\/wp-json\/wp\/v2\/posts\/19914","targetHints":{"allow":["GET"]}}],"collection":[{"href":"https:\/\/www.iceagetv.com\/radiosite\/wp-json\/wp\/v2\/posts"}],"about":[{"href":"https:\/\/www.iceagetv.com\/radiosite\/wp-json\/wp\/v2\/types\/post"}],"author":[{"embeddable":true,"href":"https:\/\/www.iceagetv.com\/radiosite\/wp-json\/wp\/v2\/users\/2"}],"replies":[{"embeddable":true,"href":"https:\/\/www.iceagetv.com\/radiosite\/wp-json\/wp\/v2\/comments?post=19914"}],"version-history":[{"count":1,"href":"https:\/\/www.iceagetv.com\/radiosite\/wp-json\/wp\/v2\/posts\/19914\/revisions"}],"predecessor-version":[{"id":19916,"href":"https:\/\/www.iceagetv.com\/radiosite\/wp-json\/wp\/v2\/posts\/19914\/revisions\/19916"}],"wp:featuredmedia":[{"embeddable":true,"href":"https:\/\/www.iceagetv.com\/radiosite\/wp-json\/wp\/v2\/media\/19915"}],"wp:attachment":[{"href":"https:\/\/www.iceagetv.com\/radiosite\/wp-json\/wp\/v2\/media?parent=19914"}],"wp:term":[{"taxonomy":"category","embeddable":true,"href":"https:\/\/www.iceagetv.com\/radiosite\/wp-json\/wp\/v2\/categories?post=19914"},{"taxonomy":"post_tag","embeddable":true,"href":"https:\/\/www.iceagetv.com\/radiosite\/wp-json\/wp\/v2\/tags?post=19914"}],"curies":[{"name":"wp","href":"https:\/\/api.w.org\/{rel}","templated":true}]}}