{"id":19918,"date":"2022-01-02T10:44:23","date_gmt":"2022-01-02T10:44:23","guid":{"rendered":"http:\/\/www.iceagetv.com\/radiosite\/?p=19918"},"modified":"2022-01-02T10:44:23","modified_gmt":"2022-01-02T10:44:23","slug":"le-drapeau-europeen-accroche-sous-larc-de-triomphe-a-paris-a-ete-retire-mais-il-ny-a-toujours-pas-de-drapeau-francais","status":"publish","type":"post","link":"https:\/\/www.iceagetv.com\/radiosite\/le-drapeau-europeen-accroche-sous-larc-de-triomphe-a-paris-a-ete-retire-mais-il-ny-a-toujours-pas-de-drapeau-francais\/","title":{"rendered":"Le drapeau europ\u00e9en accroch\u00e9 sous l&rsquo;Arc de Triomphe \u00e0 Paris a \u00e9t\u00e9 retir\u00e9 mais&#8230; il n&rsquo;y a toujours pas de drapeau fran\u00e7ais !"},"content":{"rendered":"\n<p><strong>Sur son compte Twitter, Marine Le Pen a r\u00e9agi \u00e0 la d\u00e9cision de retirer le drapeau europ\u00e9en qui \u00e9tait accroch\u00e9 sous l&rsquo;Arc de Triomphe \u00e0 Paris.<\/strong>&nbsp;\u00ab\u00a0Une belle victoire patriotique \u00e0 l\u2019aube de 2022 ! Le gouvernement a \u00e9t\u00e9 oblig\u00e9 de retirer le drapeau de l\u2019Union europ\u00e9enne de l\u2019Arc de Triomphe\u00a0\u00bb, d\u00e9clare ce matin la candidate \u00e0 l&rsquo;\u00e9lection pr\u00e9sidentielle. Et d&rsquo;ajouter : \u00ab\u00a0Merci \u00e0 la mobilisation massive de tous les amoureux de la France et de la R\u00e9publique pour faire reculer Emmanuel Macron\u00a0\u00bb.<\/p>\n\n\n\n<p>Hier dans la journ\u00e9e, Marine Le Pen s\u2019est dite sur Twitter \u00a0\u00bboutr\u00e9e que le drapeau fran\u00e7ais ait \u00e9t\u00e9 remplac\u00e9 par celui de l\u2019Union europ\u00e9enne sous l\u2019Arc de Triomphe, au-dessus de la tombe du soldat inconnu\u00ab\u00a0, d\u00e9non\u00e7ant une \u00a0\u00bbprovocation\u00ab\u00a0. L\u2019autre candidat de l\u2019extr\u00eame-droite \u00e0 la pr\u00e9sidentielle, Eric Zemmour, a aussi parl\u00e9 d\u2019\u00a0\u00bboutrage\u00ab\u00a0.<br>La candidate du Rassemblement national a annonc\u00e9 samedi, dans un communiqu\u00e9, qu\u2019elle allait d\u00e9poser \u00a0\u00bbdans les prochaines jours\u00ab\u00a0 un recours devant le Conseil d\u2019Etat pour contester la d\u00e9cision de faire flotter le drapeau de l\u2019Europe sous l\u2019Arc de Triomphe, accompagn\u00e9 d\u2019une demande \u00a0\u00bbde suspension, en r\u00e9f\u00e9r\u00e9\u00ab\u00a0 de cette d\u00e9cision.<\/p>\n\n\n\n<p><strong>Install\u00e9 vendredi dernier sous l&rsquo;Arc de Triomphe en hommage \u00e0 la pr\u00e9sidence fran\u00e7aise de l&rsquo;Union europ\u00e9enne, le drapeau europ\u00e9en a \u00e9t\u00e9 \u00e9t\u00e9 enlev\u00e9 cette nuit, apr\u00e8s la pol\u00e9mique qui a \u00e9clat\u00e9 dans la journ\u00e9e d&rsquo;hier. Mais, il n&rsquo;y a toujours pas de drapeau fran\u00e7ais !<\/strong><\/p>\n\n\n\n<p>Pour marquer le d\u00e9but de la pr\u00e9sidence fran\u00e7aise du Conseil de l\u2019UE (&nbsp;\u00bbPFUE\u00ab&nbsp;) le 1er janvier pour six mois, la Tour Eiffel a aussi \u00e9t\u00e9 illumin\u00e9e en bleu, couleur de l\u2019Europe. Des dizaines de monuments le seront aussi \u00e0 travers toute la France durant la premi\u00e8re semaine de janvier.&nbsp; \u00bbLe dispositif (\u00e0 l\u2019Arc de Triomphe) a \u00e9t\u00e9 mis en place pour quelques jours, avec les illuminations\u00ab&nbsp;, a soulign\u00e9 Cl\u00e9ment Beaune dans une d\u00e9claration \u00e0 l\u2019AFP, en rappelant que la derni\u00e8re pr\u00e9sidence fran\u00e7aise tournante de l\u2019UE, sous Nicolas Sarkozy, en 2008 avait aussi opt\u00e9 pour ces illuminations.<\/p>\n","protected":false},"excerpt":{"rendered":"<p>Sur son compte Twitter, Marine Le Pen a r\u00e9agi \u00e0 la d\u00e9cision de retirer le drapeau europ\u00e9en qui \u00e9tait accroch\u00e9 sous l&rsquo;Arc de Triomphe \u00e0 Paris.&nbsp;\u00ab\u00a0Une belle victoire patriotique \u00e0 l\u2019aube de 2022 ! Le gouvernement a \u00e9t\u00e9 oblig\u00e9 de retirer le drapeau de l\u2019Union europ\u00e9enne de l\u2019Arc de Triomphe\u00a0\u00bb, d\u00e9clare ce matin la candidate [&hellip;]<\/p>\n","protected":false},"author":2,"featured_media":19919,"comment_status":"open","ping_status":"open","sticky":false,"template":"","format":"standard","meta":{"_jetpack_memberships_contains_paid_content":false,"footnotes":"","jetpack_publicize_message":"","jetpack_publicize_feature_enabled":true,"jetpack_social_post_already_shared":true,"jetpack_social_options":{"image_generator_settings":{"template":"highway","default_image_id":0,"font":"","enabled":false},"version":2},"_wpas_customize_per_network":false},"categories":[405],"tags":[],"class_list":["post-19918","post","type-post","status-publish","format-standard","has-post-thumbnail","hentry","category-actu-france-monde"],"jetpack_publicize_connections":[],"jetpack_featured_media_url":"https:\/\/i0.wp.com\/www.iceagetv.com\/radiosite\/wp-content\/uploads\/2022\/01\/Le-drapeau-europeen-accroche-sous-lArc-de-Triomphe-a-Paris-a-ete-retire.jpg?fit=500%2C261&ssl=1","jetpack_sharing_enabled":true,"_links":{"self":[{"href":"https:\/\/www.iceagetv.com\/radiosite\/wp-json\/wp\/v2\/posts\/19918","targetHints":{"allow":["GET"]}}],"collection":[{"href":"https:\/\/www.iceagetv.com\/radiosite\/wp-json\/wp\/v2\/posts"}],"about":[{"href":"https:\/\/www.iceagetv.com\/radiosite\/wp-json\/wp\/v2\/types\/post"}],"author":[{"embeddable":true,"href":"https:\/\/www.iceagetv.com\/radiosite\/wp-json\/wp\/v2\/users\/2"}],"replies":[{"embeddable":true,"href":"https:\/\/www.iceagetv.com\/radiosite\/wp-json\/wp\/v2\/comments?post=19918"}],"version-history":[{"count":1,"href":"https:\/\/www.iceagetv.com\/radiosite\/wp-json\/wp\/v2\/posts\/19918\/revisions"}],"predecessor-version":[{"id":19920,"href":"https:\/\/www.iceagetv.com\/radiosite\/wp-json\/wp\/v2\/posts\/19918\/revisions\/19920"}],"wp:featuredmedia":[{"embeddable":true,"href":"https:\/\/www.iceagetv.com\/radiosite\/wp-json\/wp\/v2\/media\/19919"}],"wp:attachment":[{"href":"https:\/\/www.iceagetv.com\/radiosite\/wp-json\/wp\/v2\/media?parent=19918"}],"wp:term":[{"taxonomy":"category","embeddable":true,"href":"https:\/\/www.iceagetv.com\/radiosite\/wp-json\/wp\/v2\/categories?post=19918"},{"taxonomy":"post_tag","embeddable":true,"href":"https:\/\/www.iceagetv.com\/radiosite\/wp-json\/wp\/v2\/tags?post=19918"}],"curies":[{"name":"wp","href":"https:\/\/api.w.org\/{rel}","templated":true}]}}