{"id":19932,"date":"2022-01-03T18:23:45","date_gmt":"2022-01-03T18:23:45","guid":{"rendered":"http:\/\/www.iceagetv.com\/radiosite\/?p=19932"},"modified":"2022-01-03T18:23:45","modified_gmt":"2022-01-03T18:23:45","slug":"le-chef-de-la-sante-du-danemark-dit-quomicron-met-fin-a-la-pandemie-et-nous-retrouverons-notre-vie-normale-dans-deux-mois","status":"publish","type":"post","link":"https:\/\/www.iceagetv.com\/radiosite\/le-chef-de-la-sante-du-danemark-dit-quomicron-met-fin-a-la-pandemie-et-nous-retrouverons-notre-vie-normale-dans-deux-mois\/","title":{"rendered":"Le chef de la sant\u00e9 du Danemark dit qu&rsquo;Omicron met fin \u00e0 la pand\u00e9mie et \u00ab\u00a0nous retrouverons notre vie normale dans deux mois\u00a0\u00bb"},"content":{"rendered":"\n<p>Un chef de la sant\u00e9 danois a d\u00e9clar\u00e9 que la variante Covid-19&nbsp;<a href=\"https:\/\/www.dailymail.co.uk\/news\/omicron-variant\/index.html\">Omicron<\/a>&nbsp;mettait&nbsp;fin \u00e0 la pand\u00e9mie, affirmant que \u00ab\u00a0nous retrouverons notre vie normale dans deux mois\u00a0\u00bb.S&rsquo;adressant \u00e0 la t\u00e9l\u00e9vision danoise 2, Tyra Grove Krause \u2013 l&rsquo;\u00e9pid\u00e9miologiste en chef de l&rsquo;Institut national du s\u00e9rum du Danemark \u2013 a d\u00e9clar\u00e9 qu&rsquo;une nouvelle \u00e9tude de l&rsquo;organisation a r\u00e9v\u00e9l\u00e9 que le risque d&rsquo;hospitalisation d&rsquo;Omicron est la moiti\u00e9 de celui observ\u00e9 avec la variante Delta.Cela, a-t-elle dit, a donn\u00e9 aux autorit\u00e9s danoises l&rsquo;espoir que la&nbsp;pand\u00e9mie de&nbsp;<a href=\"https:\/\/www.dailymail.co.uk\/news\/coronavirus\/index.html\">Covid-19<\/a>&nbsp;au Danemark pourrait \u00eatre termin\u00e9e dans deux mois.<\/p>\n\n\n\n<p>Je pense que nous aurons cela dans les deux prochains mois, puis j&rsquo;esp\u00e8re que l&rsquo;infection commencera \u00e0 s&rsquo;att\u00e9nuer et que nous retrouverons notre vie normale\u00a0\u00bb, a-t-elle d\u00e9clar\u00e9&nbsp;<a rel=\"noreferrer noopener\" target=\"_blank\" href=\"https:\/\/nyheder.tv2.dk\/2022-01-03-ssi-vi-kan-have-vores-normale-liv-tilbage-om-to-maaneder\">lundi<\/a>&nbsp;.<\/p>\n\n\n\n<p>Malgr\u00e9 les craintes initiales qu&rsquo;Omicron ne prolonge la pand\u00e9mie en raison de son niveau accru d&rsquo;infection, Mme Krause a d\u00e9clar\u00e9 que cela pourrait en fait sonner le glas de la pand\u00e9mie.<\/p>\n\n\n\n<p>Selon l&rsquo;\u00e9tude : \u00a0\u00bb Omicron est l\u00e0 pour rester, et il entra\u00eenera une propagation massive de l&rsquo;infection au cours du mois \u00e0 venir.&nbsp;Quand c&rsquo;est fini, nous sommes dans un meilleur endroit qu&rsquo;avant.<\/p>\n\n\n\n<p>Mais alors que le nombre d&rsquo;infections dans les pays avec la variante monte en fl\u00e8che, l&rsquo;expert a d\u00e9clar\u00e9 que l&rsquo;Omicron hautement infectieux semble plus doux que la variante Delta, et donc plus de personnes seront infect\u00e9es sans pr\u00e9senter de sympt\u00f4mes graves.<\/p>\n\n\n\n<p>En cons\u00e9quence, a-t-elle d\u00e9clar\u00e9, cela fournira un bon niveau d&rsquo;immunit\u00e9 \u00e0 la population.<\/p>\n\n\n\n<p>Le Danemark a connu une augmentation du nombre de nouveaux cas ces derni\u00e8res semaines et a enregistr\u00e9 dimanche ses infections moyennes les plus \u00e9lev\u00e9es sur sept jours, enregistrant une moyenne de 20 886 au cours de la semaine pr\u00e9c\u00e9dente, soit 3 592,74 par million de personnes \u2013 l&rsquo;un des taux les plus \u00e9lev\u00e9s d&rsquo;Europe.<\/p>\n\n\n\n<p>Il a signal\u00e9 ses nouvelles infections les plus \u00e9lev\u00e9es jamais enregistr\u00e9es le 27 d\u00e9cembre (41&nbsp;035).<\/p>\n\n\n\n<p>\u00c0 titre de comparaison, le nombre moyen quotidien de nouveaux cas confirm\u00e9s de Covid-19 sur sept jours au Royaume-Uni par million de personnes s&rsquo;\u00e9l\u00e8ve \u00e0 2 823,31 comme lundi, tandis qu&rsquo;aux \u00c9tats-Unis, ce nombre est de 1 215,76 \u2013 inf\u00e9rieur \u00e0 celui de nombreux pays d&rsquo;Europe.&nbsp;&nbsp;<\/p>\n\n\n\n<p>Mme Krause a toutefois soulign\u00e9 qu&rsquo;il restait encore du travail \u00e0 faire pour vaincre la pand\u00e9mie dans les mois \u00e0 venir.<\/p>\n\n\n\n<p>\u00ab\u00a0Omicron culminera fin janvier et en f\u00e9vrier, nous assisterons \u00e0 une baisse de la pression infectieuse et \u00e0 une diminution de la pression sur le syst\u00e8me de sant\u00e9\u00a0\u00bb, a-t-elle d\u00e9clar\u00e9.&nbsp;<\/p>\n\n\n\n<p>\u00ab\u00a0Mais nous devons faire un effort en janvier, car ce sera difficile de passer au travers.\u00a0\u00bb<\/p>\n","protected":false},"excerpt":{"rendered":"<p>Un chef de la sant\u00e9 danois a d\u00e9clar\u00e9 que la variante Covid-19&nbsp;Omicron&nbsp;mettait&nbsp;fin \u00e0 la pand\u00e9mie, affirmant que \u00ab\u00a0nous retrouverons notre vie normale dans deux mois\u00a0\u00bb.S&rsquo;adressant \u00e0 la t\u00e9l\u00e9vision danoise 2, Tyra Grove Krause \u2013 l&rsquo;\u00e9pid\u00e9miologiste en chef de l&rsquo;Institut national du s\u00e9rum du Danemark \u2013 a d\u00e9clar\u00e9 qu&rsquo;une nouvelle \u00e9tude de l&rsquo;organisation a r\u00e9v\u00e9l\u00e9 que [&hellip;]<\/p>\n","protected":false},"author":2,"featured_media":0,"comment_status":"open","ping_status":"open","sticky":false,"template":"","format":"standard","meta":{"_jetpack_memberships_contains_paid_content":false,"footnotes":"","jetpack_publicize_message":"","jetpack_publicize_feature_enabled":true,"jetpack_social_post_already_shared":true,"jetpack_social_options":{"image_generator_settings":{"template":"highway","default_image_id":0,"font":"","enabled":false},"version":2},"_wpas_customize_per_network":false},"categories":[405],"tags":[],"class_list":["post-19932","post","type-post","status-publish","format-standard","hentry","category-actu-france-monde"],"jetpack_publicize_connections":[],"jetpack_featured_media_url":"","jetpack_sharing_enabled":true,"_links":{"self":[{"href":"https:\/\/www.iceagetv.com\/radiosite\/wp-json\/wp\/v2\/posts\/19932","targetHints":{"allow":["GET"]}}],"collection":[{"href":"https:\/\/www.iceagetv.com\/radiosite\/wp-json\/wp\/v2\/posts"}],"about":[{"href":"https:\/\/www.iceagetv.com\/radiosite\/wp-json\/wp\/v2\/types\/post"}],"author":[{"embeddable":true,"href":"https:\/\/www.iceagetv.com\/radiosite\/wp-json\/wp\/v2\/users\/2"}],"replies":[{"embeddable":true,"href":"https:\/\/www.iceagetv.com\/radiosite\/wp-json\/wp\/v2\/comments?post=19932"}],"version-history":[{"count":1,"href":"https:\/\/www.iceagetv.com\/radiosite\/wp-json\/wp\/v2\/posts\/19932\/revisions"}],"predecessor-version":[{"id":19933,"href":"https:\/\/www.iceagetv.com\/radiosite\/wp-json\/wp\/v2\/posts\/19932\/revisions\/19933"}],"wp:attachment":[{"href":"https:\/\/www.iceagetv.com\/radiosite\/wp-json\/wp\/v2\/media?parent=19932"}],"wp:term":[{"taxonomy":"category","embeddable":true,"href":"https:\/\/www.iceagetv.com\/radiosite\/wp-json\/wp\/v2\/categories?post=19932"},{"taxonomy":"post_tag","embeddable":true,"href":"https:\/\/www.iceagetv.com\/radiosite\/wp-json\/wp\/v2\/tags?post=19932"}],"curies":[{"name":"wp","href":"https:\/\/api.w.org\/{rel}","templated":true}]}}