{"id":19934,"date":"2022-01-04T19:40:06","date_gmt":"2022-01-04T19:40:06","guid":{"rendered":"http:\/\/www.iceagetv.com\/radiosite\/?p=19934"},"modified":"2022-01-04T19:40:06","modified_gmt":"2022-01-04T19:40:06","slug":"explosion-sur-le-paris-dakar-jeudi-dernier-le-parquet-national-antiterroriste-annonce-avoir-ouvert-une-enquete-preliminaire-pour-tentative-dassassinats-en-relation-avec-une-entreprise-terroriste","status":"publish","type":"post","link":"https:\/\/www.iceagetv.com\/radiosite\/explosion-sur-le-paris-dakar-jeudi-dernier-le-parquet-national-antiterroriste-annonce-avoir-ouvert-une-enquete-preliminaire-pour-tentative-dassassinats-en-relation-avec-une-entreprise-terroriste\/","title":{"rendered":"Explosion sur le Paris-Dakar jeudi dernier : Le parquet national antiterroriste annonce avoir ouvert une enqu\u00eate pr\u00e9liminaire pour \u00ab\u00a0tentative d&rsquo;assassinats en relation avec une entreprise terroriste\u00a0\u00bb"},"content":{"rendered":"\n<p>Le parquet national antiterroriste a annonc\u00e9 avoir ouvert mardi une enqu\u00eate pr\u00e9liminaire pour \u00ab\u00a0tentative d&rsquo;assassinats en relation avec une entreprise terroriste\u00a0\u00bb, apr\u00e8s \u00ab\u00a0l&rsquo;explosion qui a touch\u00e9 le v\u00e9hicule occup\u00e9 par un \u00e9quipage de cinq Fran\u00e7ais\u00a0\u00bb, sur le Dakar-2022 en Arabie Saoudite.<\/p>\n\n\n\n<p>Les investigations sur cette explosion le 30 d\u00e9cembre \u00e0 Djeddah, qui a bless\u00e9 \u00ab\u00a0gri\u00e8vement le conducteur de la voiture\u00a0\u00bb, sont confi\u00e9es \u00e0 la direction de la s\u00e9curit\u00e9 int\u00e9rieure (DGSI), a pr\u00e9cis\u00e9 le Pnat dans un communiqu\u00e9.<\/p>\n\n\n\n<p>Pr\u00e8s d\u2019une semaine apr\u00e8s l\u2019explosion du v\u00e9hicule du pilote du Dakar 2022, Philippe Boutron, les questions autour de l\u2019origine de l\u2019\u00e9v\u00e9nement restent enti\u00e8res.<\/p>\n\n\n\n<p>Bless\u00e9 \u00e0 la jambe, le pr\u00e9sident de l\u2019US Orl\u00e9ans, qui comptait participer \u00e0 son 9e Dakar, a \u00e9t\u00e9 rapatri\u00e9 en urgence en France ce lundi 3 janvier et est hospitalis\u00e9 depuis \u00e0 l\u2019h\u00f4pital militaire de Percy, \u00e0 Clamart (Hauts-de-Seine). Pour son \u00e9curie Sodicars, il s\u2019agit d\u2019un acte terroriste.<\/p>\n\n\n\n<p>\u201cAu d\u00e9but ils ont cru que quelque chose avait tap\u00e9 dans leur voiture, mais il y avait un impact important sous le ch\u00e2ssis de la voiture, a expliqu\u00e9 \u00e0 France Bleu Richard Gonzalez, le patron de l\u2019\u00e9curie.<\/p>\n\n\n\n<p>Arriv\u00e9 rapidement sur place apr\u00e8s l\u2019explosion, qui a eu lieu pr\u00e8s de Jeddah, jeudi 30 d\u00e9cembre, il assure que \u201cc\u2019est bien une charge qu\u2019il y avait sous le longeron de la voiture\u201d. D\u00e9non\u00e7ant \u201cun acte volontaire\u201d, il affirme avoir des photos pour le prouver.<\/p>\n","protected":false},"excerpt":{"rendered":"<p>Le parquet national antiterroriste a annonc\u00e9 avoir ouvert mardi une enqu\u00eate pr\u00e9liminaire pour \u00ab\u00a0tentative d&rsquo;assassinats en relation avec une entreprise terroriste\u00a0\u00bb, apr\u00e8s \u00ab\u00a0l&rsquo;explosion qui a touch\u00e9 le v\u00e9hicule occup\u00e9 par un \u00e9quipage de cinq Fran\u00e7ais\u00a0\u00bb, sur le Dakar-2022 en Arabie Saoudite. Les investigations sur cette explosion le 30 d\u00e9cembre \u00e0 Djeddah, qui a bless\u00e9 \u00ab\u00a0gri\u00e8vement [&hellip;]<\/p>\n","protected":false},"author":2,"featured_media":19935,"comment_status":"open","ping_status":"open","sticky":false,"template":"","format":"standard","meta":{"_jetpack_memberships_contains_paid_content":false,"footnotes":"","jetpack_publicize_message":"","jetpack_publicize_feature_enabled":true,"jetpack_social_post_already_shared":true,"jetpack_social_options":{"image_generator_settings":{"template":"highway","default_image_id":0,"font":"","enabled":false},"version":2},"_wpas_customize_per_network":false},"categories":[405],"tags":[],"class_list":["post-19934","post","type-post","status-publish","format-standard","has-post-thumbnail","hentry","category-actu-france-monde"],"jetpack_publicize_connections":[],"jetpack_featured_media_url":"https:\/\/i0.wp.com\/www.iceagetv.com\/radiosite\/wp-content\/uploads\/2022\/01\/Explosion-sur-le-Paris-Dakar.jpg?fit=750%2C324&ssl=1","jetpack_sharing_enabled":true,"_links":{"self":[{"href":"https:\/\/www.iceagetv.com\/radiosite\/wp-json\/wp\/v2\/posts\/19934","targetHints":{"allow":["GET"]}}],"collection":[{"href":"https:\/\/www.iceagetv.com\/radiosite\/wp-json\/wp\/v2\/posts"}],"about":[{"href":"https:\/\/www.iceagetv.com\/radiosite\/wp-json\/wp\/v2\/types\/post"}],"author":[{"embeddable":true,"href":"https:\/\/www.iceagetv.com\/radiosite\/wp-json\/wp\/v2\/users\/2"}],"replies":[{"embeddable":true,"href":"https:\/\/www.iceagetv.com\/radiosite\/wp-json\/wp\/v2\/comments?post=19934"}],"version-history":[{"count":1,"href":"https:\/\/www.iceagetv.com\/radiosite\/wp-json\/wp\/v2\/posts\/19934\/revisions"}],"predecessor-version":[{"id":19936,"href":"https:\/\/www.iceagetv.com\/radiosite\/wp-json\/wp\/v2\/posts\/19934\/revisions\/19936"}],"wp:featuredmedia":[{"embeddable":true,"href":"https:\/\/www.iceagetv.com\/radiosite\/wp-json\/wp\/v2\/media\/19935"}],"wp:attachment":[{"href":"https:\/\/www.iceagetv.com\/radiosite\/wp-json\/wp\/v2\/media?parent=19934"}],"wp:term":[{"taxonomy":"category","embeddable":true,"href":"https:\/\/www.iceagetv.com\/radiosite\/wp-json\/wp\/v2\/categories?post=19934"},{"taxonomy":"post_tag","embeddable":true,"href":"https:\/\/www.iceagetv.com\/radiosite\/wp-json\/wp\/v2\/tags?post=19934"}],"curies":[{"name":"wp","href":"https:\/\/api.w.org\/{rel}","templated":true}]}}