{"id":19937,"date":"2022-01-05T08:43:40","date_gmt":"2022-01-05T08:43:40","guid":{"rendered":"http:\/\/www.iceagetv.com\/radiosite\/?p=19937"},"modified":"2022-01-05T08:43:40","modified_gmt":"2022-01-05T08:43:40","slug":"emmerder-les-non-vaccines-colere-cette-nuit-a-lassemblee-nationale-ou-lexamen-du-projet-de-loi-a-ete-de-nouveau-suspendu-apres-les-propos-du-president-de-la-republique","status":"publish","type":"post","link":"https:\/\/www.iceagetv.com\/radiosite\/emmerder-les-non-vaccines-colere-cette-nuit-a-lassemblee-nationale-ou-lexamen-du-projet-de-loi-a-ete-de-nouveau-suspendu-apres-les-propos-du-president-de-la-republique\/","title":{"rendered":"Emmerder les non-vaccin\u00e9s\u00a0\u00bb : Col\u00e8re cette nuit \u00e0 l&rsquo;Assembl\u00e9e Nationale o\u00f9 l&rsquo;examen du projet de loi a \u00e9t\u00e9 de nouveau suspendu apr\u00e8s les propos du Pr\u00e9sident de la R\u00e9publique"},"content":{"rendered":"\n<p>L&rsquo;examen du projet de loi sur le pass vaccinal a \u00e9t\u00e9 de nouveau suspendu en pleine nuit mercredi en raison du chaos provoqu\u00e9 dans l&rsquo;h\u00e9micycle par les propos du pr\u00e9sident Macron disant vouloir \u00ab\u00a0emmerder\u00a0\u00bb les non-vaccin\u00e9s. Les oppositions se sont vivement indign\u00e9es de cette sortie pr\u00e9sidentielle, jug\u00e9e \u00ab\u00a0indigne\u00a0\u00bb d&rsquo;un chef de l&rsquo;Etat.<\/p>\n\n\n\n<p>\u00ab\u00a0Les conditions d&rsquo;un travail serein ne sont pas r\u00e9unies\u00a0\u00bb, a d\u00e9clar\u00e9 le pr\u00e9sident de s\u00e9ance, Marc Le Fur (LR), en annon\u00e7ant que les d\u00e9bats reprendraient mercredi \u00e0 15 heures. Un nouveau contre-temps pour l&rsquo;ex\u00e9cutif, qui complique le calendrier pr\u00e9visionnel, qui tablait sur une entr\u00e9e en vigueur du pass vaccinal aux alentours du 15 janvier.\u00a0<\/p>\n\n\n\n<p>Emmanuel Macron a d\u00e9clar\u00e9 mardi, dans un entretien au Parisien, \u00eatre d\u00e9cid\u00e9 \u00e0 \u00ab\u00a0emmerder\u00a0\u00bb les non-vaccin\u00e9s \u00ab\u00a0jusqu&rsquo;au bout\u00a0\u00bb en \u00ab\u00a0limitant pour eux, autant que possible, l&rsquo;acc\u00e8s aux activit\u00e9s de la vie sociale\u00a0\u00bb.<\/p>\n\n\n\n<p>\u00ab\u00a0Les non-vaccin\u00e9s, j&rsquo;ai tr\u00e8s envie de les emmerder. Et donc on va continuer de le faire, jusqu&rsquo;au bout. C&rsquo;est \u00e7a, la strat\u00e9gie\u00a0\u00bb, d\u00e9clare le chef de l&rsquo;Etat, alors que le texte sur le pass vaccinal donne lieu \u00e0 un d\u00e9bat houleux \u00e0 l&rsquo;Assembl\u00e9e.<\/p>\n\n\n\n<p>A une question d&rsquo;une lectrice du Parisien soulignant que les non-vaccin\u00e9s \u00ab\u00a0occupent \u00e0 85% les r\u00e9animations\u00a0\u00bb, ce qui entra\u00eene un report des op\u00e9rations, Emmanuel Macron r\u00e9pond que cette remarque \u00ab\u00a0est le meilleur argument\u00a0\u00bb pour la strat\u00e9gie du gouvernement et que, \u00ab\u00a0en d\u00e9mocratie, le pire ennemi c&rsquo;est le mensonge et la b\u00eatise\u00a0\u00bb.<\/p>\n\n\n\n<p>\u00ab\u00a0La quasi-totalit\u00e9 des gens, plus de 90 %, ont adh\u00e9r\u00e9\u00a0\u00bb \u00e0 la vaccination et \u00ab\u00a0c&rsquo;est une toute petite minorit\u00e9 qui est r\u00e9fractaire\u00a0\u00bb, ajoute-t-il.<\/p>\n\n\n\n<p>\u00ab\u00a0Celle-l\u00e0, comment on la r\u00e9duit? On la r\u00e9duit, pardon de le dire, comme \u00e7a, en l&#8217;emmerdant encore davantage. Moi, je ne suis pas pour emmerder les Fran\u00e7ais. Je peste toute la journ\u00e9e contre l&rsquo;administration quand elle les bloque. Eh bien l\u00e0, les non-vaccin\u00e9s, j&rsquo;ai tr\u00e8s envie de les emmerder\u00a0\u00bb, poursuit-il<\/p>\n","protected":false},"excerpt":{"rendered":"<p>L&rsquo;examen du projet de loi sur le pass vaccinal a \u00e9t\u00e9 de nouveau suspendu en pleine nuit mercredi en raison du chaos provoqu\u00e9 dans l&rsquo;h\u00e9micycle par les propos du pr\u00e9sident Macron disant vouloir \u00ab\u00a0emmerder\u00a0\u00bb les non-vaccin\u00e9s. Les oppositions se sont vivement indign\u00e9es de cette sortie pr\u00e9sidentielle, jug\u00e9e \u00ab\u00a0indigne\u00a0\u00bb d&rsquo;un chef de l&rsquo;Etat. \u00ab\u00a0Les conditions d&rsquo;un [&hellip;]<\/p>\n","protected":false},"author":2,"featured_media":19938,"comment_status":"open","ping_status":"open","sticky":false,"template":"","format":"standard","meta":{"_jetpack_memberships_contains_paid_content":false,"footnotes":"","jetpack_publicize_message":"","jetpack_publicize_feature_enabled":true,"jetpack_social_post_already_shared":true,"jetpack_social_options":{"image_generator_settings":{"template":"highway","default_image_id":0,"font":"","enabled":false},"version":2},"_wpas_customize_per_network":false},"categories":[405],"tags":[],"class_list":["post-19937","post","type-post","status-publish","format-standard","has-post-thumbnail","hentry","category-actu-france-monde"],"jetpack_publicize_connections":[],"jetpack_featured_media_url":"https:\/\/i0.wp.com\/www.iceagetv.com\/radiosite\/wp-content\/uploads\/2022\/01\/Screenshot_20220105_094231.jpg?fit=1080%2C569&ssl=1","jetpack_sharing_enabled":true,"_links":{"self":[{"href":"https:\/\/www.iceagetv.com\/radiosite\/wp-json\/wp\/v2\/posts\/19937","targetHints":{"allow":["GET"]}}],"collection":[{"href":"https:\/\/www.iceagetv.com\/radiosite\/wp-json\/wp\/v2\/posts"}],"about":[{"href":"https:\/\/www.iceagetv.com\/radiosite\/wp-json\/wp\/v2\/types\/post"}],"author":[{"embeddable":true,"href":"https:\/\/www.iceagetv.com\/radiosite\/wp-json\/wp\/v2\/users\/2"}],"replies":[{"embeddable":true,"href":"https:\/\/www.iceagetv.com\/radiosite\/wp-json\/wp\/v2\/comments?post=19937"}],"version-history":[{"count":1,"href":"https:\/\/www.iceagetv.com\/radiosite\/wp-json\/wp\/v2\/posts\/19937\/revisions"}],"predecessor-version":[{"id":19939,"href":"https:\/\/www.iceagetv.com\/radiosite\/wp-json\/wp\/v2\/posts\/19937\/revisions\/19939"}],"wp:featuredmedia":[{"embeddable":true,"href":"https:\/\/www.iceagetv.com\/radiosite\/wp-json\/wp\/v2\/media\/19938"}],"wp:attachment":[{"href":"https:\/\/www.iceagetv.com\/radiosite\/wp-json\/wp\/v2\/media?parent=19937"}],"wp:term":[{"taxonomy":"category","embeddable":true,"href":"https:\/\/www.iceagetv.com\/radiosite\/wp-json\/wp\/v2\/categories?post=19937"},{"taxonomy":"post_tag","embeddable":true,"href":"https:\/\/www.iceagetv.com\/radiosite\/wp-json\/wp\/v2\/tags?post=19937"}],"curies":[{"name":"wp","href":"https:\/\/api.w.org\/{rel}","templated":true}]}}