{"id":19961,"date":"2022-01-06T20:40:48","date_gmt":"2022-01-06T20:40:48","guid":{"rendered":"http:\/\/www.iceagetv.com\/radiosite\/?p=19961"},"modified":"2022-01-06T20:40:48","modified_gmt":"2022-01-06T20:40:48","slug":"coronavirus-hospitalise-karim-non-vaccine-qui-a-temoigne-a-la-tv-et-qui-etait-accuse-detre-un-acteur-par-les-antivax-est-decede-dans-le-service-de-reanimation-a-montreuil","status":"publish","type":"post","link":"https:\/\/www.iceagetv.com\/radiosite\/coronavirus-hospitalise-karim-non-vaccine-qui-a-temoigne-a-la-tv-et-qui-etait-accuse-detre-un-acteur-par-les-antivax-est-decede-dans-le-service-de-reanimation-a-montreuil\/","title":{"rendered":"Coronavirus &#8211; Hospitalis\u00e9, Karim, non vaccin\u00e9, qui a t\u00e9moign\u00e9 \u00e0 la TV et qui \u00e9tait accus\u00e9 d&rsquo;\u00eatre un acteur par les \u00ab\u00a0antivax\u00a0\u00bb est d\u00e9c\u00e9d\u00e9 dans le service de r\u00e9animation \u00e0 Montreuil"},"content":{"rendered":"\n<p>Il avait accus\u00e9 d&rsquo;\u00eatre un acteur et de jouer \u00ab\u00a0au malade\u00a0\u00bb devant les cam\u00e9ras de t\u00e9l\u00e9vision&#8230; Pourtant, Abdelkrim Azzaoui, dit Karim, est d\u00e9c\u00e9d\u00e9 des suites du Covid-19 le 20 d\u00e9cembre 2021, alors que son t\u00e9moignage devant les cam\u00e9ras de l\u2019AFP avait suscit\u00e9 de nombreuses r\u00e9actions chez les anti-vaccins et sur les r\u00e9seaux sociaux&nbsp;Parmi eux,&nbsp;l\u2019essayiste controvers\u00e9 Idriss Aberkane, accusant l&rsquo;homme d&rsquo;\u00eatre un acteur.&nbsp;<\/p>\n\n\n\n<p><strong>A l&rsquo;origine de ces fausses informations, un&nbsp;reportage de&nbsp;BFMTV&nbsp;sur la part des non-vaccin\u00e9s dans les services de r\u00e9animation des h\u00f4pitaux de Nice. La cha\u00eene avait introduit son sujet en diffusant la vid\u00e9o de Karim.<\/strong><em>close<\/em><em>volume_off<\/em>https:\/\/www.dailymotion.com\/embed\/video\/x805o9t?ads_params=main&amp;api=postMessage&amp;autoplay=true&amp;controls=false&amp;id=sw_infeed_v_el_x805o9t&amp;mute=true&amp;origin=https%3A%2F%2Fwww.jeanmarcmorandini.com&amp;sharing-enable=false&amp;syndication=273773https:\/\/www.dailymotion.com\/embed\/video\/x8320hg?ads_params=main&amp;api=postMessage&amp;autoplay=true&amp;controls=false&amp;id=sw_infeed_v_el_x8320hg&amp;mute=true&amp;origin=https%3A%2F%2Fwww.jeanmarcmorandini.com&amp;sharing-enable=false&amp;syndication=273773https:\/\/www.dailymotion.com\/embed\/video\/x7zkpzn?ads_params=main&amp;api=postMessage&amp;autoplay=true&amp;controls=false&amp;id=sw_infeed_v_el_x7zkpzn&amp;mute=true&amp;origin=https%3A%2F%2Fwww.jeanmarcmorandini.com&amp;sharing-enable=false&amp;syndication=273773https:\/\/www.dailymotion.com\/embed\/video\/x7vhq82?ads_params=main&amp;api=postMessage&amp;autoplay=true&amp;controls=false&amp;id=sw_infeed_v_el_x7vhq82&amp;mute=true&amp;origin=https%3A%2F%2Fwww.jeanmarcmorandini.com&amp;sharing-enable=false&amp;syndication=273773https:\/\/www.dailymotion.com\/embed\/video\/x80m9qx?ads_params=main&amp;api=postMessage&amp;autoplay=true&amp;controls=false&amp;id=sw_infeed_v_el_x80m9qx&amp;mute=true&amp;origin=https%3A%2F%2Fwww.jeanmarcmorandini.com&amp;sharing-enable=false&amp;syndication=273773<\/p>\n\n\n\n<p><strong>Et m\u00eame s&rsquo;il \u00e9tait pr\u00e9cis\u00e9 que son t\u00e9moignage avait \u00e9t\u00e9 recueilli depuis un h\u00f4pital de Montreuil, certains ont affirm\u00e9 que ce t\u00e9moignage avait \u00e9t\u00e9 film\u00e9 \u00e0 Nice. Ils y ont vu une preuve de la \u00ab\u00a0manipulation\u00a0\u00bb des m\u00e9dias, et ont fait de Karim un acteur.<\/strong><\/p>\n\n\n\n<p><strong>\u00c2g\u00e9 de 48 ans, il a \u00e9t\u00e9 admis au service de r\u00e9animation du centre hospitalier intercommunal Andr\u00e9-Gr\u00e9goire de Montreuil (Seine-Saint-Denis), o\u00f9 il racontait \u00e0 l\u2019AFP le 14 d\u00e9cembre regretter de ne pas s\u2019\u00eatre fait vacciner.<\/strong><\/p>\n\n\n\n<p>Dans sa vid\u00e9o, il exprimait ses regrets sur le fait de ne pas \u00eatre vaccin\u00e9. \u00ab C\u2019est la peur du vaccin qui m\u2019a fait \u00e7a, avec tout ce qu\u2019on entend, comme quoi il peut y avoir des r\u00e9percussions derri\u00e8re \u00bb, reconnaissait-il.<\/p>\n\n\n\n<p>\u00ab Ces conneries qu\u2019on entend sur Youtube, la th\u00e9orie du complot. Faut que les gens se r\u00e9veillent un peu \u00bb, expliquait-il, en promettant de se faire vacciner \u00e0 sa sortie de l\u2019h\u00f4pital.<\/p>\n\n\n\n<p>La Mairie des Lilas, o\u00f9 il travaillait depuis janvier 2002, a confirm\u00e9 le d\u00e9c\u00e8s de Karim, dans le magazine mensuel de la ville:<\/p>\n\n\n\n<p>\u00ab\u00a0Il nous a quitt\u00e9s le 20 d\u00e9cembre \u00e0 l\u2019\u00e2ge de 48 ans. N\u00e9 le 9 f\u00e9vrier 1973 \u00e0 Oran, il travaillait \u00e0 la mairie des Lilas depuis janvier 2002. Apr\u00e8s avoir d\u00e9but\u00e9 au CCAS, il occupait le poste de magasinier, au service entretien et restauration scolaire depuis 17 ans. Tr\u00e8s serviable, toujours positif, il avait le sens du service public et \u00e9tait tr\u00e8s appr\u00e9ci\u00e9 par ses coll\u00e8gues pour qui sa disparition est un grand choc \u00bb est-il \u00e9crit dans Infos Lilas.<\/p>\n","protected":false},"excerpt":{"rendered":"<p>Il avait accus\u00e9 d&rsquo;\u00eatre un acteur et de jouer \u00ab\u00a0au malade\u00a0\u00bb devant les cam\u00e9ras de t\u00e9l\u00e9vision&#8230; Pourtant, Abdelkrim Azzaoui, dit Karim, est d\u00e9c\u00e9d\u00e9 des suites du Covid-19 le 20 d\u00e9cembre 2021, alors que son t\u00e9moignage devant les cam\u00e9ras de l\u2019AFP avait suscit\u00e9 de nombreuses r\u00e9actions chez les anti-vaccins et sur les r\u00e9seaux sociaux&nbsp;Parmi eux,&nbsp;l\u2019essayiste controvers\u00e9 [&hellip;]<\/p>\n","protected":false},"author":2,"featured_media":19962,"comment_status":"open","ping_status":"open","sticky":false,"template":"","format":"standard","meta":{"_jetpack_memberships_contains_paid_content":false,"footnotes":"","jetpack_publicize_message":"","jetpack_publicize_feature_enabled":true,"jetpack_social_post_already_shared":true,"jetpack_social_options":{"image_generator_settings":{"template":"highway","default_image_id":0,"font":"","enabled":false},"version":2},"_wpas_customize_per_network":false},"categories":[405],"tags":[],"class_list":["post-19961","post","type-post","status-publish","format-standard","has-post-thumbnail","hentry","category-actu-france-monde"],"jetpack_publicize_connections":[],"jetpack_featured_media_url":"https:\/\/i0.wp.com\/www.iceagetv.com\/radiosite\/wp-content\/uploads\/2022\/01\/nwNu3Z2g.jpeg?fit=899%2C388&ssl=1","jetpack_sharing_enabled":true,"_links":{"self":[{"href":"https:\/\/www.iceagetv.com\/radiosite\/wp-json\/wp\/v2\/posts\/19961","targetHints":{"allow":["GET"]}}],"collection":[{"href":"https:\/\/www.iceagetv.com\/radiosite\/wp-json\/wp\/v2\/posts"}],"about":[{"href":"https:\/\/www.iceagetv.com\/radiosite\/wp-json\/wp\/v2\/types\/post"}],"author":[{"embeddable":true,"href":"https:\/\/www.iceagetv.com\/radiosite\/wp-json\/wp\/v2\/users\/2"}],"replies":[{"embeddable":true,"href":"https:\/\/www.iceagetv.com\/radiosite\/wp-json\/wp\/v2\/comments?post=19961"}],"version-history":[{"count":1,"href":"https:\/\/www.iceagetv.com\/radiosite\/wp-json\/wp\/v2\/posts\/19961\/revisions"}],"predecessor-version":[{"id":19963,"href":"https:\/\/www.iceagetv.com\/radiosite\/wp-json\/wp\/v2\/posts\/19961\/revisions\/19963"}],"wp:featuredmedia":[{"embeddable":true,"href":"https:\/\/www.iceagetv.com\/radiosite\/wp-json\/wp\/v2\/media\/19962"}],"wp:attachment":[{"href":"https:\/\/www.iceagetv.com\/radiosite\/wp-json\/wp\/v2\/media?parent=19961"}],"wp:term":[{"taxonomy":"category","embeddable":true,"href":"https:\/\/www.iceagetv.com\/radiosite\/wp-json\/wp\/v2\/categories?post=19961"},{"taxonomy":"post_tag","embeddable":true,"href":"https:\/\/www.iceagetv.com\/radiosite\/wp-json\/wp\/v2\/tags?post=19961"}],"curies":[{"name":"wp","href":"https:\/\/api.w.org\/{rel}","templated":true}]}}