{"id":19981,"date":"2022-01-08T06:22:10","date_gmt":"2022-01-08T06:22:10","guid":{"rendered":"http:\/\/www.iceagetv.com\/radiosite\/?p=19981"},"modified":"2022-01-08T06:22:10","modified_gmt":"2022-01-08T06:22:10","slug":"que-sait-on-de-la-mort-hier-soir-du-depute-du-pas-de-calais-jose-evrard-militant-contre-lobligation-vaccinal-et-decede-du-covid","status":"publish","type":"post","link":"https:\/\/www.iceagetv.com\/radiosite\/que-sait-on-de-la-mort-hier-soir-du-depute-du-pas-de-calais-jose-evrard-militant-contre-lobligation-vaccinal-et-decede-du-covid\/","title":{"rendered":"Que sait-on de la mort hier soir du d\u00e9put\u00e9 du Pas-de-Calais, Jos\u00e9 Evrard, militant contre l&rsquo;obligation vaccinal et d\u00e9c\u00e9d\u00e9 du COVID ?"},"content":{"rendered":"\n<p>Le d\u00e9put\u00e9 du Pas-de-Calais, Jos\u00e9 Evrard, a succomb\u00e9 \u00e0 son infection au Covid-19. C\u2019est le pr\u00e9sident de l\u2019Assembl\u00e9e nationale Richard Ferrand qui a annonc\u00e9 la nouvelle sur Twitter ce vendredi 7 janvier. Le pr\u00e9sident de l\u2019Assembl\u00e9e nationale Richard Ferrand a annonc\u00e9 que le d\u00e9put\u00e9 Jos\u00e9 Evrard \u00e9tait d\u00e9c\u00e9d\u00e9 du Covid-19, ce vendredi 7 janvier.<\/p>\n\n\n\n<p>\u00c2g\u00e9 de 76 ans, il \u00e9tait \u00e9lu de la 3e circonscription du Pas-de-Calais et vice-pr\u00e9sident du parti Debout la France.<\/p>\n\n\n\n<p>\u00abJ\u2019apprends avec \u00e9motion la disparition de Jos\u00e9 Evrard, notre coll\u00e8gue d\u00e9put\u00e9 du Pas-de-Calais des suites du Covid-19 \u00bb, a \u00e9crit le pr\u00e9sident Richard Ferrand qui a ajout\u00e9 : \u00ab \u00c0 sa femme, ses enfants, ses proches, ainsi qu\u2019\u00e0 ses coll\u00e8gues et collaborateurs, j\u2019adresse mes pens\u00e9es \u00e9mues et solidaires dans la peine. \u00bbADVERTISEMENT<\/p>\n\n\n\n<p>Le charg\u00e9 de communication du d\u00e9put\u00e9, Guillaume Kaznowski, a \u00e9galement partag\u00e9 la nouvelle.<\/p>\n\n\n\n<p><strong>Le fils unique du d\u00e9funt, R\u00e9mi Evrard a confirm\u00e9 cette disparition \u00e0 l\u2019AFP, pr\u00e9cisant que son p\u00e8re, hospitalis\u00e9 \u00e0 Arras et qui militait contre l\u2019obligation vaccinale et le passe sanitaire \u00e9tait \u00ab vaccin\u00e9 \u00bb.&nbsp;<\/strong><\/p>\n\n\n\n<p>Le d\u00e9put\u00e9, d\u2019abord militant communiste puis adh\u00e9rent au Front National, avant de rejoindre Florian Philippot puis Nicolas Dupont-Aignan, avait chang\u00e9 plusieurs fois d\u2019\u00e9tiquette politique. Pr\u00e9sidentielle 2022. Et vous, quelles sont vos id\u00e9es pour la France ? Nicolas Dupont-Aignan lui a rendu hommage sur Twitter : \u00ab Un homme courageux, droit, gentil, fid\u00e8le \u00e0 ses convictions sociales et profond\u00e9ment amoureux de la France. Il me manquera terriblement. \u00bb<\/p>\n","protected":false},"excerpt":{"rendered":"<p>Le d\u00e9put\u00e9 du Pas-de-Calais, Jos\u00e9 Evrard, a succomb\u00e9 \u00e0 son infection au Covid-19. C\u2019est le pr\u00e9sident de l\u2019Assembl\u00e9e nationale Richard Ferrand qui a annonc\u00e9 la nouvelle sur Twitter ce vendredi 7 janvier. Le pr\u00e9sident de l\u2019Assembl\u00e9e nationale Richard Ferrand a annonc\u00e9 que le d\u00e9put\u00e9 Jos\u00e9 Evrard \u00e9tait d\u00e9c\u00e9d\u00e9 du Covid-19, ce vendredi 7 janvier. \u00c2g\u00e9 [&hellip;]<\/p>\n","protected":false},"author":2,"featured_media":19982,"comment_status":"open","ping_status":"open","sticky":false,"template":"","format":"standard","meta":{"_jetpack_memberships_contains_paid_content":false,"footnotes":"","jetpack_publicize_message":"","jetpack_publicize_feature_enabled":true,"jetpack_social_post_already_shared":true,"jetpack_social_options":{"image_generator_settings":{"template":"highway","default_image_id":0,"font":"","enabled":false},"version":2},"_wpas_customize_per_network":false},"categories":[405],"tags":[],"class_list":["post-19981","post","type-post","status-publish","format-standard","has-post-thumbnail","hentry","category-actu-france-monde"],"jetpack_publicize_connections":[],"jetpack_featured_media_url":"https:\/\/i0.wp.com\/www.iceagetv.com\/radiosite\/wp-content\/uploads\/2022\/01\/Ix-mkl8K.jpeg?fit=899%2C388&ssl=1","jetpack_sharing_enabled":true,"_links":{"self":[{"href":"https:\/\/www.iceagetv.com\/radiosite\/wp-json\/wp\/v2\/posts\/19981","targetHints":{"allow":["GET"]}}],"collection":[{"href":"https:\/\/www.iceagetv.com\/radiosite\/wp-json\/wp\/v2\/posts"}],"about":[{"href":"https:\/\/www.iceagetv.com\/radiosite\/wp-json\/wp\/v2\/types\/post"}],"author":[{"embeddable":true,"href":"https:\/\/www.iceagetv.com\/radiosite\/wp-json\/wp\/v2\/users\/2"}],"replies":[{"embeddable":true,"href":"https:\/\/www.iceagetv.com\/radiosite\/wp-json\/wp\/v2\/comments?post=19981"}],"version-history":[{"count":1,"href":"https:\/\/www.iceagetv.com\/radiosite\/wp-json\/wp\/v2\/posts\/19981\/revisions"}],"predecessor-version":[{"id":19983,"href":"https:\/\/www.iceagetv.com\/radiosite\/wp-json\/wp\/v2\/posts\/19981\/revisions\/19983"}],"wp:featuredmedia":[{"embeddable":true,"href":"https:\/\/www.iceagetv.com\/radiosite\/wp-json\/wp\/v2\/media\/19982"}],"wp:attachment":[{"href":"https:\/\/www.iceagetv.com\/radiosite\/wp-json\/wp\/v2\/media?parent=19981"}],"wp:term":[{"taxonomy":"category","embeddable":true,"href":"https:\/\/www.iceagetv.com\/radiosite\/wp-json\/wp\/v2\/categories?post=19981"},{"taxonomy":"post_tag","embeddable":true,"href":"https:\/\/www.iceagetv.com\/radiosite\/wp-json\/wp\/v2\/tags?post=19981"}],"curies":[{"name":"wp","href":"https:\/\/api.w.org\/{rel}","templated":true}]}}