{"id":20000,"date":"2022-01-10T06:21:06","date_gmt":"2022-01-10T06:21:06","guid":{"rendered":"http:\/\/www.iceagetv.com\/radiosite\/?p=20000"},"modified":"2022-01-10T06:21:06","modified_gmt":"2022-01-10T06:21:06","slug":"election-presidentielle-2022-qui-sont-les-candidats-declares","status":"publish","type":"post","link":"https:\/\/www.iceagetv.com\/radiosite\/election-presidentielle-2022-qui-sont-les-candidats-declares\/","title":{"rendered":"\u00c9LECTION PR\u00c9SIDENTIELLE 2022: QUI SONT LES CANDIDATS D\u00c9CLAR\u00c9S?"},"content":{"rendered":"\n<p>Poids de la politique ou \u00ab\u00a0simples citoyens\u00a0\u00bb, ils sont au moins une trentaine \u00e0 avoir manifest\u00e9 leurs ambitions \u00e9lys\u00e9ennes. Seuls ceux qui recueilleront 500 parrainages d&rsquo;\u00e9lus &#8211; maires, parlementaires, conseillers r\u00e9gionaux et d\u00e9partementaux\u2026 &#8211; pourront \u00eatre officiellement candidats \u00e0&nbsp;<a href=\"https:\/\/www.bfmtv.com\/politique\/elections\/presidentielle\/\" target=\"_blank\" rel=\"noreferrer noopener\">l&rsquo;\u00e9lection pr\u00e9sidentielle<\/a>,&nbsp;<a href=\"https:\/\/www.bfmtv.com\/politique\/elections\/presidentielle\/2022-les-dates-cle-de-l-election-presidentielle_AD-202201020165.html\">programm\u00e9e les 10 et 24 avril 2022<\/a>.<\/p>\n\n\n\n<p>Les pr\u00e9tendants \u00e0 l&rsquo;\u00c9lys\u00e9e ont jusqu&rsquo;au 4 mars, 18 heures, pour r\u00e9unir ces signatures. C&rsquo;est \u00e9galement la date limite pour les \u00e9lecteurs pour s&rsquo;inscrire sur les listes \u00e9lectorales afin de pouvoir voter au premier tour. La liste officielle des candidats doit \u00eatre publi\u00e9e une semaine plus tard, le 11 mars 2022, apr\u00e8s validation par le Conseil constitutionnel. Voici les principaux candidats d\u00e9clar\u00e9s.<\/p>\n\n\n\n<p><strong><a href=\"https:\/\/www.bfmtv.com\/politique\/nathalie-arthaud_DN-201701010042.html\">Nathalie Arthaud.<\/a><\/strong>&nbsp;Professeure d&rsquo;\u00e9conomie en lyc\u00e9e, ancienne conseill\u00e8re municipale de Vaulx-en-Velin (m\u00e9tropole de Lyon), elle repr\u00e9sentera pour la troisi\u00e8me fois le parti trotskiste et anticapitaliste Lutte ouvri\u00e8re \u00e0 l&rsquo;\u00e9lection pr\u00e9sidentielle. En 2012, pour sa premi\u00e8re tentative, elle avait recueilli 0,56% des suffrages. En 2017, elle avait obtenu 0,64% des voix.<\/p>\n\n\n\n<p><strong><a href=\"https:\/\/www.bfmtv.com\/politique\/francois-asselineau_DN-201612270098.html\">Fran\u00e7ois Asselineau.<\/a>&nbsp;<\/strong>Haut fonctionnaire et membre de diff\u00e9rents cabinets minist\u00e9riels de droite dans les ann\u00e9es 1990, ce souverainiste a fond\u00e9 son propre mouvement, l&rsquo;Union populaire r\u00e9publicaine (UPR), qui pr\u00f4ne notamment le \u00ab\u00a0Frexit\u00a0\u00bb &#8211; la sortie de l&rsquo;Union europ\u00e9enne. Il est candidat pour la seconde fois \u00e0 l&rsquo;\u00e9lection pr\u00e9sidentielle, apr\u00e8s une premi\u00e8re tentative en 2017, o\u00f9 il avait r\u00e9colt\u00e9 0,92% des suffrages. En f\u00e9vrier 2021, il a \u00e9t\u00e9&nbsp;<a href=\"https:\/\/www.bfmtv.com\/police-justice\/francois-asselineau-mis-en-examen-pour-harcelement-et-agressions-sexuelles_AD-202102050306.html\">mis en examen pour \u00ab\u00a0harc\u00e8lement moral\u00a0\u00bb et \u00ab\u00a0agressions sexuelles\u00a0\u00bb<\/a>, apr\u00e8s des plaintes d\u00e9pos\u00e9es par d&rsquo;anciens salari\u00e9s de l\u2019UPR &#8211; des accusations qu&rsquo;il a \u00ab\u00a0r\u00e9fut\u00e9es\u00a0\u00bb.<\/p>\n\n\n\n<p><strong><a href=\"https:\/\/www.bfmtv.com\/politique\/nicolas-dupont-aignan_DN-201701010043.html\">Nicolas Dupont-Aignan.<\/a><\/strong>&nbsp;Ancien de l&rsquo;UMP, ce souverainiste a quitt\u00e9 le mouvement et fond\u00e9 son propre parti, Debout la R\u00e9publique &#8211; devenu depuis Debout la France. D\u00e9put\u00e9 de l&rsquo;Essonne, ancien maire de la ville d&rsquo;Yerres, il a d\u00e9j\u00e0 candidat\u00e9 \u00e0 deux reprises \u00e0 l&rsquo;\u00e9lection pr\u00e9sidentielle. En 2012, il avait recueilli 1,79% des suffrages. En 2017, il avait obtenu 4,70% des voix au premier tour, avant de se rallier au second \u00e0 Marine Le Pen &#8211; dont il a depuis pris ses distances.<\/p>\n\n\n\n<p><strong><a href=\"https:\/\/www.bfmtv.com\/politique\/anne-hidalgo_DN-201304200048.html\">Anne Hidalgo.<\/a><\/strong>\u00a0\u00c9lue maire de Paris en 2014, \u00e0 la suite de Bertrand Delano\u00eb dont elle \u00e9tait jusque l\u00e0 premi\u00e8re adjointe, la socialiste a \u00e9t\u00e9 r\u00e9\u00e9lue dans la capitale lors des \u00e9lections municipales de 2020. C&rsquo;est sa premi\u00e8re candidature \u00e0 l&rsquo;\u00e9lection pr\u00e9sidentielle. Elle plaide pour une union de la gauche derri\u00e8re une candidature unique, via la \u00ab\u00a0primaire populaire\u00a0\u00bb<\/p>\n\n\n\n<p>.<\/p>\n\n\n\n<p><strong><a href=\"https:\/\/www.bfmtv.com\/politique\/valerie-pecresse_DN-202107220461.html\">Val\u00e9rie P\u00e9cresse.<\/a><\/strong>&nbsp;Ancienne ministre &#8211; de l&rsquo;Enseignement sup\u00e9rieur et de la Recherche, puis du Budget &#8211; et porte-parole d&rsquo;un des gouvernements de Fran\u00e7ois Fillon sous le quinquennat de Nicolas Sarkozy, la pr\u00e9sidente de la r\u00e9gion \u00cele-de-France a un temps pris ses distances avec Les R\u00e9publicains (LR) pour fonder sa propre formation, Libres. Elle est depuis revenue dans le giron du parti, pour participer au Congr\u00e8s qu&rsquo;elle a remport\u00e9, devan\u00e7ant ses rivaux Eric Ciotti, Michel Barnier, Xavier Bertrand et Philippe Juvin. C&rsquo;est sa premi\u00e8re candidature \u00e0 l&rsquo;\u00e9lection pr\u00e9sidentielle.<\/p>\n\n\n\n<p><strong><a href=\"https:\/\/www.bfmtv.com\/politique\/florian-philippot_DN-202110310263.html\">Florian Philippot.<\/a><\/strong>&nbsp;Longtemps proche de Marine Le Pen, l&rsquo;ancien vice-pr\u00e9sident du Front national a depuis pris ses distances avec la formation d&rsquo;extr\u00eame droite apr\u00e8s la pr\u00e9sidentielle de 2017 pour fonder son propre mouvement, Les Patriotes. Apr\u00e8s plusieurs \u00e9checs \u00e9lectoraux, aux europ\u00e9ennes de 2019, aux municipales de 2020 et aux r\u00e9gionales de 2021, il s&rsquo;est illustr\u00e9 par sa mobilisation contre la politique vaccinale du gouvernement durant la pand\u00e9mie de Covid-19. C&rsquo;est sa premi\u00e8re candidature \u00e0 l&rsquo;\u00e9lection pr\u00e9sidentielle.<\/p>\n\n\n\n<p><strong><a href=\"https:\/\/www.bfmtv.com\/politique\/philippe-poutou_DN-201701010044.html\">Philippe Poutou.<\/a>&nbsp;<\/strong>Ancien ouvrier et syndicaliste chez Ford, Philippe Poutou est candidat pour la troisi\u00e8me reprise \u00e0 l&rsquo;\u00e9lection pr\u00e9sidentielle sous les couleurs du Nouveau parti anticapitaliste (NPA). En 2012, il avait recueilli 1,15% des suffrages. En 2017, il avait obtenu 1,09% des voix. Depuis, il a \u00e9t\u00e9 \u00e9lu conseiller municipal de Bordeaux, apr\u00e8s avoir r\u00e9uni plus de 11% des suffrages \u00e0 la t\u00eate d&rsquo;une liste soutenue notamment par le NPA et La France insoumise.<\/p>\n\n\n\n<p><strong><a href=\"https:\/\/www.bfmtv.com\/politique\/fabien-roussel_DN-202105090296.html\">Fabien Roussel.<\/a><\/strong>&nbsp;D\u00e9put\u00e9 du Nord, le secr\u00e9taire national du Parti communiste fran\u00e7ais (PCF) a \u00e9t\u00e9 investi candidat par le mouvement &#8211; qui a choisi de ne pas soutenir Jean-Luc M\u00e9lenchon cette fois-ci, contrairement \u00e0 2012 et 2017. C&rsquo;est sa premi\u00e8re candidature \u00e0 l&rsquo;\u00e9lection pr\u00e9sidentielle.<\/p>\n\n\n\n<p><strong>H\u00e9l\u00e8ne Thouy.<\/strong>&nbsp;Cofondatrice du Parti animaliste, l&rsquo;avocate est candidate pour la premi\u00e8re fois \u00e0 l&rsquo;\u00e9lection pr\u00e9sidentielle,&nbsp;<a href=\"https:\/\/www.bfmtv.com\/politique\/qu-est-ce-que-le-parti-animaliste-qui-a-obtenu-2-4-des-voix-aux-elections-europeennes_AV-201905270018.html\">apr\u00e8s la performance surprise de son mouvement aux \u00e9lections europ\u00e9ennes de 2019<\/a>, lors desquelles il avait recueilli 2,2% des suffrages.<\/p>\n\n\n\n<p><strong><a href=\"https:\/\/www.bfmtv.com\/politique\/eric-zemmour_DN-202110270595.html\">Eric Zemmour.<\/a>&nbsp;<\/strong>Apr\u00e8s avoir laiss\u00e9 planer le doute pendant de longues semaines, le pol\u00e9miste d&rsquo;extr\u00eame droite a finalement officialis\u00e9 sa candidature et la cr\u00e9ation de son mouvement politique Reconqu\u00eate. L&rsquo;essayiste \u00e0 succ\u00e8s, longtemps \u00e9ditorialiste pour Le Figaro Magazine et chroniqueur sur CNews, a d\u00fb renoncer \u00e0 ses activit\u00e9s m\u00e9diatiques le temps de la campagne.<\/p>\n","protected":false},"excerpt":{"rendered":"<p>Poids de la politique ou \u00ab\u00a0simples citoyens\u00a0\u00bb, ils sont au moins une trentaine \u00e0 avoir manifest\u00e9 leurs ambitions \u00e9lys\u00e9ennes. Seuls ceux qui recueilleront 500 parrainages d&rsquo;\u00e9lus &#8211; maires, parlementaires, conseillers r\u00e9gionaux et d\u00e9partementaux\u2026 &#8211; pourront \u00eatre officiellement candidats \u00e0&nbsp;l&rsquo;\u00e9lection pr\u00e9sidentielle,&nbsp;programm\u00e9e les 10 et 24 avril 2022. Les pr\u00e9tendants \u00e0 l&rsquo;\u00c9lys\u00e9e ont jusqu&rsquo;au 4 mars, 18 [&hellip;]<\/p>\n","protected":false},"author":2,"featured_media":20001,"comment_status":"open","ping_status":"open","sticky":false,"template":"","format":"standard","meta":{"_jetpack_memberships_contains_paid_content":false,"footnotes":"","jetpack_publicize_message":"","jetpack_publicize_feature_enabled":true,"jetpack_social_post_already_shared":true,"jetpack_social_options":{"image_generator_settings":{"template":"highway","default_image_id":0,"font":"","enabled":false},"version":2},"_wpas_customize_per_network":false},"categories":[405],"tags":[],"class_list":["post-20000","post","type-post","status-publish","format-standard","has-post-thumbnail","hentry","category-actu-france-monde"],"jetpack_publicize_connections":[],"jetpack_featured_media_url":"https:\/\/i0.wp.com\/www.iceagetv.com\/radiosite\/wp-content\/uploads\/2022\/01\/Screenshot_20220110_072014.jpg?fit=1080%2C476&ssl=1","jetpack_sharing_enabled":true,"_links":{"self":[{"href":"https:\/\/www.iceagetv.com\/radiosite\/wp-json\/wp\/v2\/posts\/20000","targetHints":{"allow":["GET"]}}],"collection":[{"href":"https:\/\/www.iceagetv.com\/radiosite\/wp-json\/wp\/v2\/posts"}],"about":[{"href":"https:\/\/www.iceagetv.com\/radiosite\/wp-json\/wp\/v2\/types\/post"}],"author":[{"embeddable":true,"href":"https:\/\/www.iceagetv.com\/radiosite\/wp-json\/wp\/v2\/users\/2"}],"replies":[{"embeddable":true,"href":"https:\/\/www.iceagetv.com\/radiosite\/wp-json\/wp\/v2\/comments?post=20000"}],"version-history":[{"count":1,"href":"https:\/\/www.iceagetv.com\/radiosite\/wp-json\/wp\/v2\/posts\/20000\/revisions"}],"predecessor-version":[{"id":20002,"href":"https:\/\/www.iceagetv.com\/radiosite\/wp-json\/wp\/v2\/posts\/20000\/revisions\/20002"}],"wp:featuredmedia":[{"embeddable":true,"href":"https:\/\/www.iceagetv.com\/radiosite\/wp-json\/wp\/v2\/media\/20001"}],"wp:attachment":[{"href":"https:\/\/www.iceagetv.com\/radiosite\/wp-json\/wp\/v2\/media?parent=20000"}],"wp:term":[{"taxonomy":"category","embeddable":true,"href":"https:\/\/www.iceagetv.com\/radiosite\/wp-json\/wp\/v2\/categories?post=20000"},{"taxonomy":"post_tag","embeddable":true,"href":"https:\/\/www.iceagetv.com\/radiosite\/wp-json\/wp\/v2\/tags?post=20000"}],"curies":[{"name":"wp","href":"https:\/\/api.w.org\/{rel}","templated":true}]}}