{"id":20016,"date":"2022-01-11T06:11:55","date_gmt":"2022-01-11T06:11:55","guid":{"rendered":"http:\/\/www.iceagetv.com\/radiosite\/?p=20016"},"modified":"2022-01-11T06:11:55","modified_gmt":"2022-01-11T06:11:55","slug":"le-president-du-parlement-europeen-le-social-democrate-italien-david-sassoli-est-decede-cette-nuit-en-italie-a-lage-de-65-ans","status":"publish","type":"post","link":"https:\/\/www.iceagetv.com\/radiosite\/le-president-du-parlement-europeen-le-social-democrate-italien-david-sassoli-est-decede-cette-nuit-en-italie-a-lage-de-65-ans\/","title":{"rendered":"Le pr\u00e9sident du Parlement europ\u00e9en, le social-d\u00e9mocrate Italien David Sassoli, est d\u00e9c\u00e9d\u00e9 cette nuit en Italie, \u00e0 l&rsquo;\u00e2ge de 65 ans"},"content":{"rendered":"\n<p>Le pr\u00e9sident du Parlement europ\u00e9en, le social-d\u00e9mocrate Italien David Sassoli, est d\u00e9c\u00e9d\u00e9 dans la nuit de lundi \u00e0 mardi en Italie, \u00e0 l&rsquo;\u00e2ge de 65 ans, a indiqu\u00e9 son porte-parole. \u00ab\u00a0David Sassoli est d\u00e9c\u00e9d\u00e9 le 11 janvier \u00e0 1h15 du matin au CRO (centre de r\u00e9f\u00e9rence d&rsquo;oncologie) d&rsquo;Aviano, Italie, o\u00f9 il \u00e9tait hospitalis\u00e9\u00a0\u00bb depuis fin d\u00e9cembre, a annonc\u00e9 sur Twitter Roberto Cuillo, le porte-parole de David Sassoli.<\/p>\n\n\n\n<p>\u00ab\u00a0La date et le lieu des fun\u00e9railles seront communiqu\u00e9s dans les prochaines heures\u00a0\u00bb, a-t-il ajout\u00e9. Lundi dans l&rsquo;apr\u00e8s-midi, son porte-parole avait annonc\u00e9 l&rsquo;hospitalisation de David Sassoli \u00ab\u00a0en raison d&rsquo;une complication grave due \u00e0 un dysfonctionnement du syst\u00e8me immunitaire\u00a0\u00bb et l&rsquo;annulation de ses activit\u00e9s officielles.<\/p>\n\n\n\n<p>Ayant souffert par le pass\u00e9 d&rsquo;une leuc\u00e9mie, David Sassoli avait d\u00e9j\u00e0 \u00e9t\u00e9 hospitalis\u00e9 cet automne pour une pneumonie qui l&rsquo;avait tenu \u00e9loign\u00e9 du Parlement pendant plusieurs semaines.<\/p>\n\n\n\n<p>Le mandat de cet ancien journaliste pr\u00e9sentateur de journaux t\u00e9l\u00e9vis\u00e9s en Italie, \u00e0 la t\u00eate de l&rsquo;assembl\u00e9e depuis 2019, expirait ce mois-ci, \u00e0 la moiti\u00e9 de la l\u00e9gislature quinquennale.<\/p>\n","protected":false},"excerpt":{"rendered":"<p>Le pr\u00e9sident du Parlement europ\u00e9en, le social-d\u00e9mocrate Italien David Sassoli, est d\u00e9c\u00e9d\u00e9 dans la nuit de lundi \u00e0 mardi en Italie, \u00e0 l&rsquo;\u00e2ge de 65 ans, a indiqu\u00e9 son porte-parole. \u00ab\u00a0David Sassoli est d\u00e9c\u00e9d\u00e9 le 11 janvier \u00e0 1h15 du matin au CRO (centre de r\u00e9f\u00e9rence d&rsquo;oncologie) d&rsquo;Aviano, Italie, o\u00f9 il \u00e9tait hospitalis\u00e9\u00a0\u00bb depuis fin [&hellip;]<\/p>\n","protected":false},"author":2,"featured_media":20017,"comment_status":"open","ping_status":"open","sticky":false,"template":"","format":"standard","meta":{"_jetpack_memberships_contains_paid_content":false,"footnotes":"","jetpack_publicize_message":"","jetpack_publicize_feature_enabled":true,"jetpack_social_post_already_shared":true,"jetpack_social_options":{"image_generator_settings":{"template":"highway","default_image_id":0,"font":"","enabled":false},"version":2},"_wpas_customize_per_network":false},"categories":[405],"tags":[],"class_list":["post-20016","post","type-post","status-publish","format-standard","has-post-thumbnail","hentry","category-actu-france-monde"],"jetpack_publicize_connections":[],"jetpack_featured_media_url":"https:\/\/i0.wp.com\/www.iceagetv.com\/radiosite\/wp-content\/uploads\/2022\/01\/david_sassoli_0.jpg?fit=680%2C294&ssl=1","jetpack_sharing_enabled":true,"_links":{"self":[{"href":"https:\/\/www.iceagetv.com\/radiosite\/wp-json\/wp\/v2\/posts\/20016","targetHints":{"allow":["GET"]}}],"collection":[{"href":"https:\/\/www.iceagetv.com\/radiosite\/wp-json\/wp\/v2\/posts"}],"about":[{"href":"https:\/\/www.iceagetv.com\/radiosite\/wp-json\/wp\/v2\/types\/post"}],"author":[{"embeddable":true,"href":"https:\/\/www.iceagetv.com\/radiosite\/wp-json\/wp\/v2\/users\/2"}],"replies":[{"embeddable":true,"href":"https:\/\/www.iceagetv.com\/radiosite\/wp-json\/wp\/v2\/comments?post=20016"}],"version-history":[{"count":1,"href":"https:\/\/www.iceagetv.com\/radiosite\/wp-json\/wp\/v2\/posts\/20016\/revisions"}],"predecessor-version":[{"id":20018,"href":"https:\/\/www.iceagetv.com\/radiosite\/wp-json\/wp\/v2\/posts\/20016\/revisions\/20018"}],"wp:featuredmedia":[{"embeddable":true,"href":"https:\/\/www.iceagetv.com\/radiosite\/wp-json\/wp\/v2\/media\/20017"}],"wp:attachment":[{"href":"https:\/\/www.iceagetv.com\/radiosite\/wp-json\/wp\/v2\/media?parent=20016"}],"wp:term":[{"taxonomy":"category","embeddable":true,"href":"https:\/\/www.iceagetv.com\/radiosite\/wp-json\/wp\/v2\/categories?post=20016"},{"taxonomy":"post_tag","embeddable":true,"href":"https:\/\/www.iceagetv.com\/radiosite\/wp-json\/wp\/v2\/tags?post=20016"}],"curies":[{"name":"wp","href":"https:\/\/api.w.org\/{rel}","templated":true}]}}