{"id":20032,"date":"2022-01-12T09:20:04","date_gmt":"2022-01-12T09:20:04","guid":{"rendered":"http:\/\/www.iceagetv.com\/radiosite\/?p=20032"},"modified":"2022-01-12T09:20:04","modified_gmt":"2022-01-12T09:20:04","slug":"jean-michel-blanquer-aux-enseignants-on-ne-fait-pas-une-greve-contre-un-virus","status":"publish","type":"post","link":"https:\/\/www.iceagetv.com\/radiosite\/jean-michel-blanquer-aux-enseignants-on-ne-fait-pas-une-greve-contre-un-virus\/","title":{"rendered":"Jean-Michel Blanquer aux enseignants : \u00ab\u00a0On ne fait pas une gr\u00e8ve contre un virus"},"content":{"rendered":"\n<p>Deux jours avant un appel \u00e0 la gr\u00e8ve des enseignants qui s&rsquo;annonce tr\u00e8s suivi, Jean-Michel Blanquer a appel\u00e9 ce mardi \u00e0 \u00ab\u00a0l&rsquo;unit\u00e9 de la Nation autour de son \u00e9cole\u00a0\u00bb, arguant qu'\u00a0\u00bbon ne fait pas une gr\u00e8ve contre un virus\u00a0\u00bb.Apr\u00e8s Jean Castex, lundi soir, qui a annonc\u00e9 un nouvel assouplissement du protocole sanitaire dans les \u00e9coles afin de rassurer les parents d\u2019\u00e9l\u00e8ves et les personnels submerg\u00e9s par la vague Omicron, Jean-Michel Blanquer a tent\u00e9 \u00e0 son tour d&rsquo;\u00e9teindre l&rsquo;incendie. Alors que les syndicats enseignants maintiennent leur appel \u00e0 la gr\u00e8ve du jeudi 13 janvier, l\u2019estimant d\u2019autant plus l\u00e9gitime apr\u00e8s ce troisi\u00e8me changement de protocole en l\u2019espace d\u2019une dizaine de jours.<\/p>\n\n\n\n<p><em>Je sais qu&rsquo;il y a beaucoup de fatigue, beaucoup de nervosit\u00e9, donc moi j&rsquo;en appelle \u00e0 la fois au sang-froid, \u00e0 l&rsquo;unit\u00e9 de la Nation autour de son \u00e9cole, mais aussi \u00e0 ne pas confondre les sujets, on est en campagne pr\u00e9sidentielle, certains opposants essaient d&rsquo;en faire un th\u00e8me\u00a0\u00bb,<\/em>&nbsp;a regrett\u00e9 ce mardi matin le ministre de l&rsquo;\u00c9ducation sur BFMTV.<\/p>\n\n\n\n<p>Quelques heures plus tard \u00e0 l&rsquo;Assembl\u00e9e, Jean-Michel Blanquer s&rsquo;est d\u00e9fendu d&rsquo;avoir pris des mesures trop l\u00e9g\u00e8res :\u00a0<em>\u00ab\u00a0Nous avons transpos\u00e9 ce que nous demandait le Haut conseil pour la sant\u00e9 publique\u00a0\u00bb<\/em>, a-t-il soulign\u00e9, pointant du doigt ceux qui veulent faire de la pol\u00e9mique.\u00a0<em>\u00ab\u00a0Dans une situation de crise, on voit ceux \u00a0qui ont le sens des responsabilit\u00e9s et ceux qui cherchent \u00e0 les exploiter\u00a0\u00bb,<\/em>\u00a0a-t-il poursuivi.<\/p>\n\n\n\n<p>L&rsquo;ensemble des syndicats repr\u00e9sentatifs d\u00e9noncent&nbsp;<em>\u00ab\u00a0une pagaille indescriptible\u00a0\u00bb<\/em>&nbsp;dans les \u00e9coles en raison du protocole Covid-19 mis en place et&nbsp;<em>\u00ab\u00a0un sentiment fort d&rsquo;abandon et de col\u00e8re parmi les personnels\u00a0\u00bb.&nbsp;<\/em>Mais pour Jean-Michel Blanquer,<em>&nbsp;\u00ab\u00a0c&rsquo;est dommage d&rsquo;avoir une journ\u00e9e qui va perturber davantage le syst\u00e8me\u00a0\u00bb<\/em>, a-t-il dit.&nbsp;<em>\u00ab\u00a0Il y a des probl\u00e8mes, je suis le premier \u00e0 le reconna\u00eetre, c&rsquo;est difficile, mais c&rsquo;est difficile dans tous les pays\u00a0\u00bb.<\/em><\/p>\n\n\n\n<p><em>\u00ab\u00a0Comme je formule l&rsquo;espoir que c&rsquo;est notre derni\u00e8re vague, \u00e7a serait dommage de se diviser dans cette derni\u00e8re ligne droite qui est tr\u00e8s dure, tr\u00e8s compliqu\u00e9e pour tous les acteurs\u00a0\u00bb<\/em>, a-t-il ajout\u00e9, avant de lancer :&nbsp;<em>\u00ab\u00a0C&rsquo;est pas une gr\u00e8ve qui r\u00e9sout les probl\u00e8mes, on ne fait pas une gr\u00e8ve contre un virus\u00a0\u00bb.&nbsp;<\/em><\/p>\n\n\n\n<p>D\u00e9sormais, trois simples autotests sont demand\u00e9s pour les cas contact \u00e0 l&rsquo;\u00e9cole, sans obligation de test antig\u00e9nique ou PCR. Jean-Michel Blanquer voit dans cette&nbsp;<em>\u00ab\u00a0adaptation\u00a0\u00bb<\/em>&nbsp;du protocole une fa\u00e7on de<em>&nbsp;\u00ab\u00a0simplifier la vie des familles, mais aussi la vie des professeurs et des directeurs d&rsquo;\u00e9cole, essentiellement \u00e0 l&rsquo;\u00e9cole primaire\u00a0\u00bb.&nbsp;<\/em>L&rsquo;id\u00e9e est&nbsp;<em>\u00ab\u00a0de simplifier la vie de tout le monde, des familles, pour \u00e9viter les queues \u00e0 la pharmacie et des directions d&rsquo;\u00e9coles primaires qui sont beaucoup concern\u00e9es (&#8230;), tout en maintenant une exigence sur le sujet des tests. C&rsquo;est donc une responsabilisation de tout le monde, pour des contraintes le plus faible possible\u00a0\u00bb<\/em>, a-t-il estim\u00e9.<\/p>\n","protected":false},"excerpt":{"rendered":"<p>Deux jours avant un appel \u00e0 la gr\u00e8ve des enseignants qui s&rsquo;annonce tr\u00e8s suivi, Jean-Michel Blanquer a appel\u00e9 ce mardi \u00e0 \u00ab\u00a0l&rsquo;unit\u00e9 de la Nation autour de son \u00e9cole\u00a0\u00bb, arguant qu&rsquo;\u00a0\u00bbon ne fait pas une gr\u00e8ve contre un virus\u00a0\u00bb.Apr\u00e8s Jean Castex, lundi soir, qui a annonc\u00e9 un nouvel assouplissement du protocole sanitaire dans les \u00e9coles [&hellip;]<\/p>\n","protected":false},"author":2,"featured_media":19951,"comment_status":"open","ping_status":"open","sticky":false,"template":"","format":"standard","meta":{"_jetpack_memberships_contains_paid_content":false,"footnotes":"","jetpack_publicize_message":"","jetpack_publicize_feature_enabled":true,"jetpack_social_post_already_shared":true,"jetpack_social_options":{"image_generator_settings":{"template":"highway","default_image_id":0,"font":"","enabled":false},"version":2},"_wpas_customize_per_network":false},"categories":[405],"tags":[],"class_list":["post-20032","post","type-post","status-publish","format-standard","has-post-thumbnail","hentry","category-actu-france-monde"],"jetpack_publicize_connections":[],"jetpack_featured_media_url":"https:\/\/i0.wp.com\/www.iceagetv.com\/radiosite\/wp-content\/uploads\/2022\/01\/2kTRw7v5.jpeg?fit=899%2C388&ssl=1","jetpack_sharing_enabled":true,"_links":{"self":[{"href":"https:\/\/www.iceagetv.com\/radiosite\/wp-json\/wp\/v2\/posts\/20032","targetHints":{"allow":["GET"]}}],"collection":[{"href":"https:\/\/www.iceagetv.com\/radiosite\/wp-json\/wp\/v2\/posts"}],"about":[{"href":"https:\/\/www.iceagetv.com\/radiosite\/wp-json\/wp\/v2\/types\/post"}],"author":[{"embeddable":true,"href":"https:\/\/www.iceagetv.com\/radiosite\/wp-json\/wp\/v2\/users\/2"}],"replies":[{"embeddable":true,"href":"https:\/\/www.iceagetv.com\/radiosite\/wp-json\/wp\/v2\/comments?post=20032"}],"version-history":[{"count":1,"href":"https:\/\/www.iceagetv.com\/radiosite\/wp-json\/wp\/v2\/posts\/20032\/revisions"}],"predecessor-version":[{"id":20033,"href":"https:\/\/www.iceagetv.com\/radiosite\/wp-json\/wp\/v2\/posts\/20032\/revisions\/20033"}],"wp:featuredmedia":[{"embeddable":true,"href":"https:\/\/www.iceagetv.com\/radiosite\/wp-json\/wp\/v2\/media\/19951"}],"wp:attachment":[{"href":"https:\/\/www.iceagetv.com\/radiosite\/wp-json\/wp\/v2\/media?parent=20032"}],"wp:term":[{"taxonomy":"category","embeddable":true,"href":"https:\/\/www.iceagetv.com\/radiosite\/wp-json\/wp\/v2\/categories?post=20032"},{"taxonomy":"post_tag","embeddable":true,"href":"https:\/\/www.iceagetv.com\/radiosite\/wp-json\/wp\/v2\/tags?post=20032"}],"curies":[{"name":"wp","href":"https:\/\/api.w.org\/{rel}","templated":true}]}}