{"id":20044,"date":"2022-01-13T09:41:13","date_gmt":"2022-01-13T09:41:13","guid":{"rendered":"http:\/\/www.iceagetv.com\/radiosite\/?p=20044"},"modified":"2022-01-13T09:41:13","modified_gmt":"2022-01-13T09:41:13","slug":"coronavirus-pourquoi-la-greve-des-enseignants-risque-detre-tres-suivie-ce-jeudi","status":"publish","type":"post","link":"https:\/\/www.iceagetv.com\/radiosite\/coronavirus-pourquoi-la-greve-des-enseignants-risque-detre-tres-suivie-ce-jeudi\/","title":{"rendered":"Coronavirus : Pourquoi la gr\u00e8ve des enseignants risque d\u2019\u00eatre tr\u00e8s suivie ce jeudi"},"content":{"rendered":"\n<p>Le mois de janvier est dur&nbsp;\u00bb, a reconnu lundi Jean-Michel Blanquer&nbsp;<a href=\"https:\/\/www.france.tv\/france-2\/telematin\/2558343-les-4-verites-michel-blanquer.html\" target=\"_blank\" rel=\"noreferrer noopener\">sur France 2<\/a>&nbsp;en \u00e9voquant la situation sanitaire dans les \u00e9tablissements. Il faut dire que lundi, le&nbsp;minist\u00e8re de l\u2019Education d\u00e9nombrait 50.000 cas&nbsp;d\u2019\u00e9l\u00e8ves positifs sur les derniers jours&nbsp;et&nbsp;10.553 classes ferm\u00e9es, soit 2&nbsp;% des classes en primaire.&nbsp;Des chiffres qui pourraient empirer les prochaines semaines.<\/p>\n\n\n\n<p>Face \u00e0 la flamb\u00e9e de cas d\u2019<a href=\"https:\/\/www.20minutes.fr\/sante\/variant-omicron\/\">Omicron<\/a>, les \u00e9quipes p\u00e9dagogiques ont eu droit \u00e0 deux&nbsp;changements de protocole la&nbsp;semaine derni\u00e8re *. Et un autre ce lundi, annonc\u00e9&nbsp;par le Premier ministre au&nbsp;JT de 20h de France 2 **. Ce qui a entra\u00een\u00e9 pour les directeurs d\u2019\u00e9cole, les principaux de coll\u00e8ge et les proviseurs un surcro\u00eet de travail et un nouvel exercice de p\u00e9dagogie pour briefer les personnels et les parents d\u2019\u00e9l\u00e8ves. \u00ab&nbsp;Ce changement permanent est&nbsp;li\u00e9 \u00e0 l\u2019\u00e9volution du virus&nbsp;\u00bb, a justifi\u00e9 Jean-Michel Blanquer sur France 2, rappelant que son objectif est de \u00ab&nbsp;laisser les \u00e9coles ouvertes&nbsp;\u00bb.<\/p>\n\n\n\n<h2 class=\"wp-block-heading\">Un front uni<\/h2>\n\n\n\n<p>Il n\u2019emp\u00eache que sur le terrain, l\u2019exasp\u00e9ration semble \u00e0 son comble. \u00ab&nbsp;La situation depuis la rentr\u00e9e de janvier engendre une pagaille indescriptible et un fort sentiment d\u2019abandon et de col\u00e8re parmi les personnels des \u00e9coles&nbsp;\u00bb, a d\u00e9nonc\u00e9&nbsp;le SNUipp-FSU dans&nbsp;<a href=\"https:\/\/www.20minutes.fr\/societe\/3213263-20220108-coronavirus-face-pagaille-indescriptible-plupart-syndicats-enseignants-appellent-greve-jeudi-13-janvier\">un communiqu\u00e9<\/a>. \u00ab&nbsp;Face \u00e0 l\u2019augmentation des cas \u00e0 traiter, nos coll\u00e8gues sont \u00e0 un niveau de fatigue et d\u2019exasp\u00e9ration&nbsp;\u00e9lev\u00e9. Ils ont le sentiment de ne pas pouvoir bien faire leur travail&nbsp;\u00bb, indique \u00e0&nbsp;<em>20 Minutes&nbsp;<\/em>Bruno Bobkiewicz, proviseur de la cit\u00e9 scolaire Berlioz \u00e0 Vincennes (Val-de-Marne) et secr\u00e9taire g\u00e9n\u00e9ral du SNPDEN-UNSA.<\/p>\n\n\n\n<p>Et les annonces de Jean Castex n\u2019ont pas fait retomber la col\u00e8re. Bien au contraire. \u00ab&nbsp;Apr\u00e8s cette intervention au 20h de France 2, ceux qui h\u00e9sitaient vont avoir encore plus de raison de faire gr\u00e8ve&nbsp;\u00bb\u200b, a r\u00e9agi sur Twitter Guislaine David, secr\u00e9taire g\u00e9n\u00e9rale&nbsp;du SNUipp, estimant que les personnels et les \u00e9l\u00e8ves seraient encore moins bien prot\u00e9g\u00e9s avec ces mesures. \u00ab&nbsp;Le gouvernement vise-t-il la lutte contre l\u2019\u00e9pid\u00e9mie ou la gestion de la diffusion du virus pour une immunit\u00e9 collective&nbsp;?&nbsp;\u00bb, interroge de son c\u00f4t\u00e9 St\u00e9phane Crochet, secr\u00e9taire g\u00e9n\u00e9ral du Se-Unsa.<\/p>\n\n\n\n<p>Une lassitude&nbsp;qui a pouss\u00e9 la plupart des syndicats d\u2019enseignants \u00e0 lancer un<a href=\"https:\/\/www.20minutes.fr\/sante\/3212931-20220107-coronavirus-protocole-ecole-foutoir-parents-syndicats-enseignants-appellent-greve-13-janvier\">&nbsp;appel \u00e0 la gr\u00e8ve<\/a>&nbsp;pour ce jeudi, dans les premier et second degr\u00e9s. S\u2019il n\u2019est pas \u00e9tonnant que le&nbsp;Snes-FSU, le Snalc, la CGT Educ\u2019action, Sud Education,<em>&nbsp;<\/em>SNE et FO soient en premi\u00e8re ligne dans cette contestation, le fait que le Se-Unsa appelle \u00e0 la gr\u00e8ve est moins attendu. \u00ab&nbsp;Ce syndicat s\u2019adresse \u00e0 des enseignants qui sont habituellement moins gr\u00e9vistes que leurs confr\u00e8res. Le fait qu\u2019il appelle \u00e0 la mobilisation&nbsp;montre qu\u2019il est m\u00fb par un m\u00e9contentement fort de sa base&nbsp;\u00bb, explique&nbsp;Laurent Frajerman, chercheur au centre d\u2019histoire sociale de Paris I et \u00e0 l\u2019Institut de recherches de la F\u00e9d\u00e9ration syndicale unitaire (FSU). Et&nbsp;le Sgen-CFDT, qui avait d\u2019abord communiqu\u00e9 sur son intention de ne pas faire gr\u00e8ve, a pour finir d\u00e9cid\u00e9 dimanche&nbsp;de rallier le mouvement \u00ab&nbsp;faute de r\u00e9ponse satisfaisante \u00e0 ses revendications&nbsp;\u00bb. \u00ab&nbsp;Ces derni\u00e8res ann\u00e9es, ce syndicat a particip\u00e9 une fois au mouvement contre les retraites en 2019. Il n\u2019est pas coutumier de ce mode d\u2019action&nbsp;\u00bb, souligne le chercheur.<\/p>\n\n\n\n<h2 class=\"wp-block-heading\">Les cadres de l\u2019Education nationale s\u2019y mettent<\/h2>\n\n\n\n<p>Fait encore plus rarissime&nbsp;:&nbsp;trois syndicats de&nbsp;cadres de l\u2019Education nationale s\u2019associent au mouvement&nbsp;:&nbsp;le Sui-Fsu, le&nbsp;SI.EN Unsa (qui repr\u00e9sente les&nbsp;inspecteurs de l\u2019Education nationale) et le&nbsp;SNPDEN (qui r\u00e9unit des&nbsp;chefs d\u2019\u00e9tablissement). \u00ab&nbsp;Nous souhaitons manifester notre fatigue et notre difficult\u00e9 \u00e0 faire ce qui nous est demand\u00e9. Mais il ne s\u2019agit pas de faire de l\u2019anti-Blanquer ou de l\u2019anti-Macron&nbsp;\u00bb, pr\u00e9cise&nbsp;Bruno Bobkiewicz. \u00ab&nbsp;C\u2019est la grosse surprise de ce mouvement. M\u00eame si depuis presque trois ans, les directeurs d\u2019\u00e9cole et chefs d\u2019\u00e9tablissements subissent de plein fouet les cons\u00e9quences de la crise sanitaire et ont l\u2019impression d\u2019une improvisation du minist\u00e8re&nbsp;\u00bb, commente&nbsp;Laurent Frajerman.<\/p>\n","protected":false},"excerpt":{"rendered":"<p>Le mois de janvier est dur&nbsp;\u00bb, a reconnu lundi Jean-Michel Blanquer&nbsp;sur France 2&nbsp;en \u00e9voquant la situation sanitaire dans les \u00e9tablissements. Il faut dire que lundi, le&nbsp;minist\u00e8re de l\u2019Education d\u00e9nombrait 50.000 cas&nbsp;d\u2019\u00e9l\u00e8ves positifs sur les derniers jours&nbsp;et&nbsp;10.553 classes ferm\u00e9es, soit 2&nbsp;% des classes en primaire.&nbsp;Des chiffres qui pourraient empirer les prochaines semaines. Face \u00e0 la flamb\u00e9e [&hellip;]<\/p>\n","protected":false},"author":2,"featured_media":20045,"comment_status":"open","ping_status":"open","sticky":false,"template":"","format":"standard","meta":{"_jetpack_memberships_contains_paid_content":false,"footnotes":"","jetpack_publicize_message":"","jetpack_publicize_feature_enabled":true,"jetpack_social_post_already_shared":true,"jetpack_social_options":{"image_generator_settings":{"template":"highway","default_image_id":0,"font":"","enabled":false},"version":2},"_wpas_customize_per_network":false},"categories":[405],"tags":[],"class_list":["post-20044","post","type-post","status-publish","format-standard","has-post-thumbnail","hentry","category-actu-france-monde"],"jetpack_publicize_connections":[],"jetpack_featured_media_url":"https:\/\/i0.wp.com\/www.iceagetv.com\/radiosite\/wp-content\/uploads\/2022\/01\/590x378_rentree-des-eleves-en-classe-avec-le-masque-obligatoire-a-l-ecole-primaire-ronchese-de-nice-le-04-01.jpg?fit=590%2C378&ssl=1","jetpack_sharing_enabled":true,"_links":{"self":[{"href":"https:\/\/www.iceagetv.com\/radiosite\/wp-json\/wp\/v2\/posts\/20044","targetHints":{"allow":["GET"]}}],"collection":[{"href":"https:\/\/www.iceagetv.com\/radiosite\/wp-json\/wp\/v2\/posts"}],"about":[{"href":"https:\/\/www.iceagetv.com\/radiosite\/wp-json\/wp\/v2\/types\/post"}],"author":[{"embeddable":true,"href":"https:\/\/www.iceagetv.com\/radiosite\/wp-json\/wp\/v2\/users\/2"}],"replies":[{"embeddable":true,"href":"https:\/\/www.iceagetv.com\/radiosite\/wp-json\/wp\/v2\/comments?post=20044"}],"version-history":[{"count":1,"href":"https:\/\/www.iceagetv.com\/radiosite\/wp-json\/wp\/v2\/posts\/20044\/revisions"}],"predecessor-version":[{"id":20046,"href":"https:\/\/www.iceagetv.com\/radiosite\/wp-json\/wp\/v2\/posts\/20044\/revisions\/20046"}],"wp:featuredmedia":[{"embeddable":true,"href":"https:\/\/www.iceagetv.com\/radiosite\/wp-json\/wp\/v2\/media\/20045"}],"wp:attachment":[{"href":"https:\/\/www.iceagetv.com\/radiosite\/wp-json\/wp\/v2\/media?parent=20044"}],"wp:term":[{"taxonomy":"category","embeddable":true,"href":"https:\/\/www.iceagetv.com\/radiosite\/wp-json\/wp\/v2\/categories?post=20044"},{"taxonomy":"post_tag","embeddable":true,"href":"https:\/\/www.iceagetv.com\/radiosite\/wp-json\/wp\/v2\/tags?post=20044"}],"curies":[{"name":"wp","href":"https:\/\/api.w.org\/{rel}","templated":true}]}}