{"id":20049,"date":"2022-01-13T16:51:57","date_gmt":"2022-01-13T16:51:57","guid":{"rendered":"http:\/\/www.iceagetv.com\/radiosite\/?p=20049"},"modified":"2022-01-13T16:51:57","modified_gmt":"2022-01-13T16:51:57","slug":"tuerie-de-chevaline-lhomme-interroge-depuis-hier-matin-a-ete-remis-en-liberte-sa-garde-a-vue-vient-detre-levee-annonce-son-avocat","status":"publish","type":"post","link":"https:\/\/www.iceagetv.com\/radiosite\/tuerie-de-chevaline-lhomme-interroge-depuis-hier-matin-a-ete-remis-en-liberte-sa-garde-a-vue-vient-detre-levee-annonce-son-avocat\/","title":{"rendered":"Tuerie de Chevaline: L\u2019homme interrog\u00e9 depuis hier matin a \u00e9t\u00e9 remis en libert\u00e9 &#8211; Sa garde \u00e0 vue vient d&rsquo;\u00eatre lev\u00e9e, annonce son avocat"},"content":{"rendered":"\n<p>L\u2019homme interrog\u00e9 depuis hier matin dans l\u2019enqu\u00eate sur le quadruple meurtre de 2012 \u00e0 Chevaline, en Haute-Savoie, a \u00e9t\u00e9 remis en libert\u00e9. Sa garde \u00e0 vue, qui avait \u00e9t\u00e9 prolong\u00e9e de 24h ce matin, vient d&rsquo;\u00eatre lev\u00e9e, annonce son avocat. \u00ab&nbsp;On ne met pas, en droit, quelqu\u2019un en garde \u00e0 vue de cette mani\u00e8re&nbsp;\u00bb, a-t-il d\u00e9clar\u00e9 en pr\u00e9cisant que \u00ab\u00a0[son] client est soulag\u00e9\u00a0\u00bb. \u00ab\u00a0Mon client a dit la v\u00e9rit\u00e9 et les zones d\u2019ombre qui existaient vont persister\u00a0\u00bb, a continu\u00e9 l&rsquo;avocat.<\/p>\n\n\n\n<p>La garde \u00e0 vue de l\u2019homme avait \u00e9t\u00e9 prolong\u00e9e ce matin, avait d\u00e9clar\u00e9 la procureure d\u2019Annecy dans la nuit de mercredi \u00e0 jeudi. \u00ab&nbsp;#Chevaline Le juge d\u2019instruction a d\u00e9cid\u00e9 de la prolongation de la garde \u00e0 vue actuellement en cours depuis ce matin (mercredi) 8h05&nbsp;\u00bb, a tweet\u00e9 la procureure d\u2019Annecy Line Bonnet tard dans la nuit. Celle-ci avait indiqu\u00e9 mercredi matin que la garde \u00e0 vue visait \u00ab&nbsp;\u00e0 proc\u00e9der \u00e0 des v\u00e9rifications d\u2019emploi du temps&nbsp;\u00bb et \u00e0 \u00ab&nbsp;des perquisitions&nbsp;\u00bb chez cette personne, dont l\u2019identit\u00e9 n\u2019a pas \u00e9t\u00e9 r\u00e9v\u00e9l\u00e9e.<br>Le 5 septembre 2012, un Britannique d\u2019origine irakienne de 50 ans, Saad al-Hilli, son \u00e9pouse de 47 ans et sa belle-m\u00e8re de 74 ans avaient \u00e9t\u00e9 retrouv\u00e9s morts, avec plusieurs balles dans la t\u00eate, dans leur voiture sur une route de campagne pr\u00e8s de Chevaline, non loin du lac d\u2019Annecy.<\/p>\n","protected":false},"excerpt":{"rendered":"<p>L\u2019homme interrog\u00e9 depuis hier matin dans l\u2019enqu\u00eate sur le quadruple meurtre de 2012 \u00e0 Chevaline, en Haute-Savoie, a \u00e9t\u00e9 remis en libert\u00e9. Sa garde \u00e0 vue, qui avait \u00e9t\u00e9 prolong\u00e9e de 24h ce matin, vient d&rsquo;\u00eatre lev\u00e9e, annonce son avocat. \u00ab&nbsp;On ne met pas, en droit, quelqu\u2019un en garde \u00e0 vue de cette mani\u00e8re&nbsp;\u00bb, a-t-il [&hellip;]<\/p>\n","protected":false},"author":2,"featured_media":20050,"comment_status":"open","ping_status":"open","sticky":false,"template":"","format":"standard","meta":{"_jetpack_memberships_contains_paid_content":false,"footnotes":"","jetpack_publicize_message":"","jetpack_publicize_feature_enabled":true,"jetpack_social_post_already_shared":true,"jetpack_social_options":{"image_generator_settings":{"template":"highway","default_image_id":0,"font":"","enabled":false},"version":2},"_wpas_customize_per_network":false},"categories":[405],"tags":[],"class_list":["post-20049","post","type-post","status-publish","format-standard","has-post-thumbnail","hentry","category-actu-france-monde"],"jetpack_publicize_connections":[],"jetpack_featured_media_url":"https:\/\/i0.wp.com\/www.iceagetv.com\/radiosite\/wp-content\/uploads\/2022\/01\/capture_decran_2022-01-13_a_11.43.38_0.jpg?fit=920%2C397&ssl=1","jetpack_sharing_enabled":true,"_links":{"self":[{"href":"https:\/\/www.iceagetv.com\/radiosite\/wp-json\/wp\/v2\/posts\/20049","targetHints":{"allow":["GET"]}}],"collection":[{"href":"https:\/\/www.iceagetv.com\/radiosite\/wp-json\/wp\/v2\/posts"}],"about":[{"href":"https:\/\/www.iceagetv.com\/radiosite\/wp-json\/wp\/v2\/types\/post"}],"author":[{"embeddable":true,"href":"https:\/\/www.iceagetv.com\/radiosite\/wp-json\/wp\/v2\/users\/2"}],"replies":[{"embeddable":true,"href":"https:\/\/www.iceagetv.com\/radiosite\/wp-json\/wp\/v2\/comments?post=20049"}],"version-history":[{"count":1,"href":"https:\/\/www.iceagetv.com\/radiosite\/wp-json\/wp\/v2\/posts\/20049\/revisions"}],"predecessor-version":[{"id":20051,"href":"https:\/\/www.iceagetv.com\/radiosite\/wp-json\/wp\/v2\/posts\/20049\/revisions\/20051"}],"wp:featuredmedia":[{"embeddable":true,"href":"https:\/\/www.iceagetv.com\/radiosite\/wp-json\/wp\/v2\/media\/20050"}],"wp:attachment":[{"href":"https:\/\/www.iceagetv.com\/radiosite\/wp-json\/wp\/v2\/media?parent=20049"}],"wp:term":[{"taxonomy":"category","embeddable":true,"href":"https:\/\/www.iceagetv.com\/radiosite\/wp-json\/wp\/v2\/categories?post=20049"},{"taxonomy":"post_tag","embeddable":true,"href":"https:\/\/www.iceagetv.com\/radiosite\/wp-json\/wp\/v2\/tags?post=20049"}],"curies":[{"name":"wp","href":"https:\/\/api.w.org\/{rel}","templated":true}]}}