{"id":20054,"date":"2022-01-13T17:01:56","date_gmt":"2022-01-13T17:01:56","guid":{"rendered":"http:\/\/www.iceagetv.com\/radiosite\/?p=20054"},"modified":"2022-01-13T17:01:56","modified_gmt":"2022-01-13T17:01:56","slug":"coronavirus-le-ministre-de-la-sante-olivier-veran-annonce-avoir-ete-teste-positif-au-covid-19-je-me-mets-a-lisolement-et-continue-dassurer-mes-fonctions-a-distance","status":"publish","type":"post","link":"https:\/\/www.iceagetv.com\/radiosite\/coronavirus-le-ministre-de-la-sante-olivier-veran-annonce-avoir-ete-teste-positif-au-covid-19-je-me-mets-a-lisolement-et-continue-dassurer-mes-fonctions-a-distance\/","title":{"rendered":"Coronavirus &#8211; Le ministre de la Sant\u00e9 Olivier V\u00e9ran annonce avoir \u00e9t\u00e9 test\u00e9 positif au Covid-19: \u00ab\u00a0Je me mets \u00e0 l\u2019isolement et continue d\u2019assurer mes fonctions \u00e0 distance\u00a0\u00bb"},"content":{"rendered":"\n<p>Le ministre de la Sant\u00e9, Olivier V\u00e9ran, a \u00e9t\u00e9 test\u00e9 positif au Covid jeudi \u00e0 la mi-journ\u00e9e apr\u00e8s \u00ab&nbsp;l\u2019apparition de sympt\u00f4mes l\u00e9gers&nbsp;\u00bb, a annonc\u00e9 son entourage \u00e0 l\u2019AFP. \u00ab&nbsp;Comme le protocole le veut, \u00e9tant vaccin\u00e9 trois doses, il respectera un isolement et continuera \u00e0 travailler depuis les quartiers priv\u00e9s de son minist\u00e8re, o\u00f9 il r\u00e9side&nbsp;\u00bb, ont ajout\u00e9 ses services. \u00ab\u00a0Je viens d\u2019\u00eatre test\u00e9 positif au Covid. En cons\u00e9quence, je me mets \u00e0 l\u2019isolement et continue d\u2019assurer mes fonctions \u00e0 distance\u00a0\u00bb, explique-t-il Olivier V\u00e9ran sur Twitter.<\/p>\n\n\n\n<p>Selon son entourage, M. V\u00e9ran, pr\u00e9sent mercredi dans la matin\u00e9e au Conseil des ministres, avait \u00e9t\u00e9 averti dans l\u2019apr\u00e8s-midi \u00eatre cas contact via l\u2019application \u00ab&nbsp;Tous Anti Covid&nbsp;\u00bb et avait subi un premier test n\u00e9gatif. \u00ab&nbsp;Compte tenu de l\u2019apparition de sympt\u00f4mes l\u00e9gers ce midi, il s\u2019est \u00e0 nouveau test\u00e9, positif cette fois. Il a confirm\u00e9 son autotest par un test antig\u00e9nique positif \u00e9galement&nbsp;\u00bb, pr\u00e9cise-t-on de m\u00eame source<\/p>\n","protected":false},"excerpt":{"rendered":"<p>Le ministre de la Sant\u00e9, Olivier V\u00e9ran, a \u00e9t\u00e9 test\u00e9 positif au Covid jeudi \u00e0 la mi-journ\u00e9e apr\u00e8s \u00ab&nbsp;l\u2019apparition de sympt\u00f4mes l\u00e9gers&nbsp;\u00bb, a annonc\u00e9 son entourage \u00e0 l\u2019AFP. \u00ab&nbsp;Comme le protocole le veut, \u00e9tant vaccin\u00e9 trois doses, il respectera un isolement et continuera \u00e0 travailler depuis les quartiers priv\u00e9s de son minist\u00e8re, o\u00f9 il r\u00e9side&nbsp;\u00bb, [&hellip;]<\/p>\n","protected":false},"author":2,"featured_media":20055,"comment_status":"open","ping_status":"open","sticky":false,"template":"","format":"standard","meta":{"_jetpack_memberships_contains_paid_content":false,"footnotes":"","jetpack_publicize_message":"","jetpack_publicize_feature_enabled":true,"jetpack_social_post_already_shared":true,"jetpack_social_options":{"image_generator_settings":{"template":"highway","default_image_id":0,"font":"","enabled":false},"version":2},"_wpas_customize_per_network":false},"categories":[405],"tags":[],"class_list":["post-20054","post","type-post","status-publish","format-standard","has-post-thumbnail","hentry","category-actu-france-monde"],"jetpack_publicize_connections":[],"jetpack_featured_media_url":"https:\/\/i0.wp.com\/www.iceagetv.com\/radiosite\/wp-content\/uploads\/2022\/01\/capture_decran_2021-11-10_a_20.29.35_0.jpg?fit=360%2C155&ssl=1","jetpack_sharing_enabled":true,"_links":{"self":[{"href":"https:\/\/www.iceagetv.com\/radiosite\/wp-json\/wp\/v2\/posts\/20054","targetHints":{"allow":["GET"]}}],"collection":[{"href":"https:\/\/www.iceagetv.com\/radiosite\/wp-json\/wp\/v2\/posts"}],"about":[{"href":"https:\/\/www.iceagetv.com\/radiosite\/wp-json\/wp\/v2\/types\/post"}],"author":[{"embeddable":true,"href":"https:\/\/www.iceagetv.com\/radiosite\/wp-json\/wp\/v2\/users\/2"}],"replies":[{"embeddable":true,"href":"https:\/\/www.iceagetv.com\/radiosite\/wp-json\/wp\/v2\/comments?post=20054"}],"version-history":[{"count":1,"href":"https:\/\/www.iceagetv.com\/radiosite\/wp-json\/wp\/v2\/posts\/20054\/revisions"}],"predecessor-version":[{"id":20056,"href":"https:\/\/www.iceagetv.com\/radiosite\/wp-json\/wp\/v2\/posts\/20054\/revisions\/20056"}],"wp:featuredmedia":[{"embeddable":true,"href":"https:\/\/www.iceagetv.com\/radiosite\/wp-json\/wp\/v2\/media\/20055"}],"wp:attachment":[{"href":"https:\/\/www.iceagetv.com\/radiosite\/wp-json\/wp\/v2\/media?parent=20054"}],"wp:term":[{"taxonomy":"category","embeddable":true,"href":"https:\/\/www.iceagetv.com\/radiosite\/wp-json\/wp\/v2\/categories?post=20054"},{"taxonomy":"post_tag","embeddable":true,"href":"https:\/\/www.iceagetv.com\/radiosite\/wp-json\/wp\/v2\/tags?post=20054"}],"curies":[{"name":"wp","href":"https:\/\/api.w.org\/{rel}","templated":true}]}}