{"id":20079,"date":"2022-01-15T11:23:23","date_gmt":"2022-01-15T11:23:23","guid":{"rendered":"http:\/\/www.iceagetv.com\/radiosite\/?p=20079"},"modified":"2022-01-15T11:23:23","modified_gmt":"2022-01-15T11:23:23","slug":"christiane-taubira-je-suis-candidate-a-la-presidence-de-la-republique","status":"publish","type":"post","link":"https:\/\/www.iceagetv.com\/radiosite\/christiane-taubira-je-suis-candidate-a-la-presidence-de-la-republique\/","title":{"rendered":"Christiane Taubira : \u00abJe suis candidate \u00e0 la pr\u00e9sidence de la R\u00e9publique\u00bb"},"content":{"rendered":"\n<p>Elle avait promis de clarifier sa position \u00e0 la mi-janvier, c\u2019est chose faite.&nbsp;<a href=\"https:\/\/www.leparisien.fr\/elections\/presidentielle\/presidentielle-comment-christiane-taubira-peaufine-ses-equipes-24-12-2021-TWP6YZRU2JABDPA2QBKQ4IAEXQ.php\" target=\"_blank\" rel=\"noreferrer noopener\">Christiane Taubira<\/a>&nbsp;a annonc\u00e9 ce samedi depuis Lyon se lancer \u00e0 son tour dans la pr\u00e9sidentielle, avec pour objectif ambitieux de rassembler une gauche plus que jamais divis\u00e9e. Et a promis de&nbsp;<a href=\"https:\/\/www.leparisien.fr\/elections\/presidentielle\/presidentielle-christiane-taubira-annonce-quelle-se-soumettra-au-resultat-de-la-primaire-populaire-09-01-2022-2SZPHVTJN5EBJDIE6FAEDM4FQE.php\" target=\"_blank\" rel=\"noreferrer noopener\">se soumettre \u00e0 l\u2019initiative citoyenne de la primaire populaire,<\/a>&nbsp;une \u00ab investiture \u00bb par des \u00e9lecteurs de gauche -, quel que soit le r\u00e9sultat.<\/p>\n\n\n\n<p>\u00abJe suis candidate \u00e0 la pr\u00e9sidence de la R\u00e9publique\u00bb, a-t-elle annonc\u00e9 ce samedi midi \u00e0 la tribune d\u2019un rassemblement militant pour l\u2019union de la gauche dans le quartier de la Croix-Rousse \u00e0 Lyon, d\u00e9clenchant les applaudissements.<\/p>\n\n\n\n<h2 class=\"wp-block-heading\">\u00ab Chers amis, j\u2019ai besoin de vous \u00bb<\/h2>\n\n\n\n<p>\u00ab Partout, les Fran\u00e7ais m\u2019ont dit leur exasp\u00e9ration, et aussi parfois, leur espoir \u00bb, a-t-elle avanc\u00e9, \u00e0 propos de ses r\u00e9cents d\u00e9placements en France. \u00ab C\u2019est pour \u00e7a que je veux prendre toute ma part \u00bb, a-t-elle appuy\u00e9. \u00ab Nous voulons un gouvernement qui sache mobiliser nos capacit\u00e9s au lieu de nous infantiliser \u00bb, a-t-elle aussi attaqu\u00e9, critiquant \u00ab verticalit\u00e9 du pouvoir \u00bb ou encore \u00ab absence de dialogue social \u00bb, avant de d\u00e9rouler les lignes fortes de son programme, ax\u00e9 sur la jeunesse, la justice sociale avec notamment une \u00ab conf\u00e9rence sur les salaires \u00bb, l\u2019\u00e9cologie et l\u2019\u00e9cole de la R\u00e9publique. \u00ab Chers amis, j\u2019ai besoin de vous \u00bb, a-t-elle encourag\u00e9<\/p>\n","protected":false},"excerpt":{"rendered":"<p>Elle avait promis de clarifier sa position \u00e0 la mi-janvier, c\u2019est chose faite.&nbsp;Christiane Taubira&nbsp;a annonc\u00e9 ce samedi depuis Lyon se lancer \u00e0 son tour dans la pr\u00e9sidentielle, avec pour objectif ambitieux de rassembler une gauche plus que jamais divis\u00e9e. Et a promis de&nbsp;se soumettre \u00e0 l\u2019initiative citoyenne de la primaire populaire,&nbsp;une \u00ab investiture \u00bb par [&hellip;]<\/p>\n","protected":false},"author":2,"featured_media":20080,"comment_status":"open","ping_status":"open","sticky":false,"template":"","format":"standard","meta":{"_jetpack_memberships_contains_paid_content":false,"footnotes":"","jetpack_publicize_message":"","jetpack_publicize_feature_enabled":true,"jetpack_social_post_already_shared":true,"jetpack_social_options":{"image_generator_settings":{"template":"highway","default_image_id":0,"font":"","enabled":false},"version":2},"_wpas_customize_per_network":false},"categories":[405],"tags":[],"class_list":["post-20079","post","type-post","status-publish","format-standard","has-post-thumbnail","hentry","category-actu-france-monde"],"jetpack_publicize_connections":[],"jetpack_featured_media_url":"https:\/\/i0.wp.com\/www.iceagetv.com\/radiosite\/wp-content\/uploads\/2022\/01\/Screenshot_20220115_122140.jpg?fit=892%2C591&ssl=1","jetpack_sharing_enabled":true,"_links":{"self":[{"href":"https:\/\/www.iceagetv.com\/radiosite\/wp-json\/wp\/v2\/posts\/20079","targetHints":{"allow":["GET"]}}],"collection":[{"href":"https:\/\/www.iceagetv.com\/radiosite\/wp-json\/wp\/v2\/posts"}],"about":[{"href":"https:\/\/www.iceagetv.com\/radiosite\/wp-json\/wp\/v2\/types\/post"}],"author":[{"embeddable":true,"href":"https:\/\/www.iceagetv.com\/radiosite\/wp-json\/wp\/v2\/users\/2"}],"replies":[{"embeddable":true,"href":"https:\/\/www.iceagetv.com\/radiosite\/wp-json\/wp\/v2\/comments?post=20079"}],"version-history":[{"count":1,"href":"https:\/\/www.iceagetv.com\/radiosite\/wp-json\/wp\/v2\/posts\/20079\/revisions"}],"predecessor-version":[{"id":20081,"href":"https:\/\/www.iceagetv.com\/radiosite\/wp-json\/wp\/v2\/posts\/20079\/revisions\/20081"}],"wp:featuredmedia":[{"embeddable":true,"href":"https:\/\/www.iceagetv.com\/radiosite\/wp-json\/wp\/v2\/media\/20080"}],"wp:attachment":[{"href":"https:\/\/www.iceagetv.com\/radiosite\/wp-json\/wp\/v2\/media?parent=20079"}],"wp:term":[{"taxonomy":"category","embeddable":true,"href":"https:\/\/www.iceagetv.com\/radiosite\/wp-json\/wp\/v2\/categories?post=20079"},{"taxonomy":"post_tag","embeddable":true,"href":"https:\/\/www.iceagetv.com\/radiosite\/wp-json\/wp\/v2\/tags?post=20079"}],"curies":[{"name":"wp","href":"https:\/\/api.w.org\/{rel}","templated":true}]}}