{"id":20082,"date":"2022-01-15T16:04:25","date_gmt":"2022-01-15T16:04:25","guid":{"rendered":"http:\/\/www.iceagetv.com\/radiosite\/?p=20082"},"modified":"2022-01-15T16:04:25","modified_gmt":"2022-01-15T16:04:25","slug":"la-baisse-de-frequentation-des-centres-commerciaux-depuis-le-debut-de-la-pandemie-continue-de-vivement-inquieter-les-professionnels-du-secteur","status":"publish","type":"post","link":"https:\/\/www.iceagetv.com\/radiosite\/la-baisse-de-frequentation-des-centres-commerciaux-depuis-le-debut-de-la-pandemie-continue-de-vivement-inquieter-les-professionnels-du-secteur\/","title":{"rendered":"La baisse de fr\u00e9quentation des centres commerciaux depuis le d\u00e9but de la pand\u00e9mie continue de vivement inqui\u00e9ter les professionnels du secteur"},"content":{"rendered":"\n<p>La fr\u00e9quentation des commerces sp\u00e9cialis\u00e9s des m\u00e9tropoles reste loin de son niveau pr\u00e9-\u00e9pid\u00e9mique, d&rsquo;apr\u00e8s la f\u00e9d\u00e9ration d&rsquo;enseignes Procos, qui s&rsquo;inqui\u00e8te des cons\u00e9quences du t\u00e9l\u00e9travail obligatoire sur la fr\u00e9quentation des magasins et des restaurants.<\/p>\n\n\n\n<p>A l&rsquo;approche de la p\u00e9riode des soldes, qui d\u00e9butent le 12 janvier, Procos estime que \u00ab\u00a0tous les centres commerciaux, les grandes rues marchandes situ\u00e9es \u00e0 proximit\u00e9 de lieux \u00e0 forte concentration de bureaux, ainsi que les gares des grandes villes sont tr\u00e8s fortement touch\u00e9s, avec une fr\u00e9quentation en baisse de -30 \u00e0 -40%\u00a0\u00bb depuis la propagation de la vague du variant Omicron, par rapport \u00e0 son niveau de 2019.<\/p>\n\n\n\n<p>Depuis la rentr\u00e9e des cong\u00e9s de fin d&rsquo;ann\u00e9e, le recours au t\u00e9l\u00e9travail est obligatoire \u00ab\u00a0pour tous les salari\u00e9s pour lesquels il est possible\u00a0\u00bb, \u00e0 raison de \u00ab\u00a0trois jours minimum par semaine et quatre quand cela est possible\u00a0\u00bb, avait pr\u00e9cis\u00e9 le Premier ministre Jean Castex le 27 d\u00e9cembre.<\/p>\n\n\n\n<p>Pour compenser la baisse de la fr\u00e9quentation des consommateurs, le secteur juge que \u00ab\u00a0l&rsquo;acc\u00e8s au ch\u00f4mage partiel est la premi\u00e8re urgence pour adapter les effectifs \u00e0 la r\u00e9alit\u00e9 de l&rsquo;activit\u00e9\u00a0\u00bb.<\/p>\n\n\n\n<p>Depuis le d\u00e9but de la crise sanitaire li\u00e9e au Covid-19, les commerces ont souffert des fermetures impos\u00e9es par les restrictions sanitaires.<\/p>\n\n\n\n<p>En cons\u00e9quence, par rapport \u00e0 2019, l&rsquo;activit\u00e9 des magasins reste en 2021 en recul dans l&rsquo;ensemble du commerce sp\u00e9cialis\u00e9 (-8,7%), avec des r\u00e9sultats in\u00e9gaux selon les secteurs.<\/p>\n\n\n\n<p>La chaussure a chut\u00e9 de 20,3%, le secteur des jouets, des jeux, de la culture et des loisirs de 13,6%. Pour la beaut\u00e9 et la sant\u00e9 la baisse est de 14,4% quand l&rsquo;habillement a vu ses r\u00e9sultats baisser de 12,5%.<\/p>\n\n\n\n<p>La branche qui a le mieux r\u00e9sist\u00e9 \u00e0 la crise est l&rsquo;\u00e9quipement pour la maison (+11,4%).<\/p>\n\n\n\n<p>En outre, la f\u00e9d\u00e9ration tire la sonnette d&rsquo;alarme pour la deuxi\u00e8me fois depuis d\u00e9cembre sur \u00ab\u00a0les \u00e9volutions de l&rsquo;indice des loyers commerciaux (ILC), qui, sans d\u00e9cision de r\u00e9duction de son impact, augmentera les loyers 2022 des commer\u00e7ants entre 2,6% et 3,46% selon les dates d&rsquo;indexation des baux\u00a0\u00bb, estime Procos.<\/p>\n\n\n\n<p>Cet indice est calcul\u00e9 en fonction de trois param\u00e8tres: l&rsquo;\u00e9volution des prix \u00e0 la consommation, celle des prix de la construction neuve et celle du chiffre d&rsquo;affaires du commerce de d\u00e9tail, qui comprend aussi bien les ventes en magasin que sur internet. Dans un contexte d&rsquo;inflation, l&rsquo;ILC augmente donc.<\/p>\n","protected":false},"excerpt":{"rendered":"<p>La fr\u00e9quentation des commerces sp\u00e9cialis\u00e9s des m\u00e9tropoles reste loin de son niveau pr\u00e9-\u00e9pid\u00e9mique, d&rsquo;apr\u00e8s la f\u00e9d\u00e9ration d&rsquo;enseignes Procos, qui s&rsquo;inqui\u00e8te des cons\u00e9quences du t\u00e9l\u00e9travail obligatoire sur la fr\u00e9quentation des magasins et des restaurants. A l&rsquo;approche de la p\u00e9riode des soldes, qui d\u00e9butent le 12 janvier, Procos estime que \u00ab\u00a0tous les centres commerciaux, les grandes rues [&hellip;]<\/p>\n","protected":false},"author":2,"featured_media":20083,"comment_status":"open","ping_status":"open","sticky":false,"template":"","format":"standard","meta":{"_jetpack_memberships_contains_paid_content":false,"footnotes":"","jetpack_publicize_message":"","jetpack_publicize_feature_enabled":true,"jetpack_social_post_already_shared":true,"jetpack_social_options":{"image_generator_settings":{"template":"highway","default_image_id":0,"font":"","enabled":false},"version":2},"_wpas_customize_per_network":false},"categories":[405],"tags":[],"class_list":["post-20082","post","type-post","status-publish","format-standard","has-post-thumbnail","hentry","category-actu-france-monde"],"jetpack_publicize_connections":[],"jetpack_featured_media_url":"https:\/\/i0.wp.com\/www.iceagetv.com\/radiosite\/wp-content\/uploads\/2022\/01\/Screenshot_20220115_170325.jpg?fit=1080%2C526&ssl=1","jetpack_sharing_enabled":true,"_links":{"self":[{"href":"https:\/\/www.iceagetv.com\/radiosite\/wp-json\/wp\/v2\/posts\/20082","targetHints":{"allow":["GET"]}}],"collection":[{"href":"https:\/\/www.iceagetv.com\/radiosite\/wp-json\/wp\/v2\/posts"}],"about":[{"href":"https:\/\/www.iceagetv.com\/radiosite\/wp-json\/wp\/v2\/types\/post"}],"author":[{"embeddable":true,"href":"https:\/\/www.iceagetv.com\/radiosite\/wp-json\/wp\/v2\/users\/2"}],"replies":[{"embeddable":true,"href":"https:\/\/www.iceagetv.com\/radiosite\/wp-json\/wp\/v2\/comments?post=20082"}],"version-history":[{"count":1,"href":"https:\/\/www.iceagetv.com\/radiosite\/wp-json\/wp\/v2\/posts\/20082\/revisions"}],"predecessor-version":[{"id":20084,"href":"https:\/\/www.iceagetv.com\/radiosite\/wp-json\/wp\/v2\/posts\/20082\/revisions\/20084"}],"wp:featuredmedia":[{"embeddable":true,"href":"https:\/\/www.iceagetv.com\/radiosite\/wp-json\/wp\/v2\/media\/20083"}],"wp:attachment":[{"href":"https:\/\/www.iceagetv.com\/radiosite\/wp-json\/wp\/v2\/media?parent=20082"}],"wp:term":[{"taxonomy":"category","embeddable":true,"href":"https:\/\/www.iceagetv.com\/radiosite\/wp-json\/wp\/v2\/categories?post=20082"},{"taxonomy":"post_tag","embeddable":true,"href":"https:\/\/www.iceagetv.com\/radiosite\/wp-json\/wp\/v2\/tags?post=20082"}],"curies":[{"name":"wp","href":"https:\/\/api.w.org\/{rel}","templated":true}]}}