{"id":20115,"date":"2022-01-18T06:31:47","date_gmt":"2022-01-18T06:31:47","guid":{"rendered":"http:\/\/www.iceagetv.com\/radiosite\/?p=20115"},"modified":"2022-01-18T06:31:47","modified_gmt":"2022-01-18T06:31:47","slug":"lopposition-reclame-la-demission-de-blanquer-en-vacances-a-ibiza-lors-de-lannonce-du-protocole-sanitaire","status":"publish","type":"post","link":"https:\/\/www.iceagetv.com\/radiosite\/lopposition-reclame-la-demission-de-blanquer-en-vacances-a-ibiza-lors-de-lannonce-du-protocole-sanitaire\/","title":{"rendered":"L\u2019opposition r\u00e9clame la d\u00e9mission de Blanquer, en vacances \u00e0 Ibiza lors de l\u2019annonce du protocole sanitaire"},"content":{"rendered":"\n<p>D\u2019apr\u00e8s Mediapart, le ministre de l\u2019\u00c9ducation nationale se trouvait \u00e0 Ibiza lorsqu\u2019il a d\u00e9voil\u00e9 le protocole sanitaire \u00e0 l\u2019\u00e9cole, \u00e0 la veille de la rentr\u00e9e scolaire. De quoi susciter l\u2019indignation dans l\u2019opposition, qui a r\u00e9clam\u00e9 sa d\u00e9mission ce lundi soir.<\/p>\n\n\n\n<p>D\u00e9cid\u00e9ment, la rentr\u00e9e s\u2019av\u00e8re tr\u00e8s compliqu\u00e9e pour Jean-Michel Blanquer. Le ministre de l\u2019\u00c9ducation nationale &#8211; qui \u00e9prouve&nbsp;<a href=\"https:\/\/www.leparisien.fr\/politique\/protocole-sanitaire-a-lecole-greve-des-enseignants-jean-michel-blanquer-refuse-de-passer-pour-le-pere-fouettard-11-01-2022-GGO5BBMR5VGKNFHDDKUTJUOAD4.php\" target=\"_blank\" rel=\"noreferrer noopener\">bien des difficult\u00e9s \u00e0 donner des consignes sanitaires \u00e0 l\u2019\u00e9cole<\/a>&nbsp;aussi bien applicables aux chefs d\u2019\u00e9tablissements, aux parents et aux \u00e9l\u00e8ves &#8211; fait d\u00e9sormais face \u00e0 un toll\u00e9 depuis que&nbsp;<a href=\"https:\/\/www.mediapart.fr\/journal\/france\/170122\/omicron-blanquer-annonce-le-nouveau-protocole-dans-les-ecoles-depuis-ibiza?utm_source=global&amp;utm_medium=social&amp;utm_campaign=SharingApp&amp;xtor=CS3-5\" target=\"_blank\" rel=\"noreferrer noopener\">Mediapart&nbsp;<\/a>a r\u00e9v\u00e9l\u00e9 qu\u2019il se trouvait en vacances \u00e0 Ibiza lorsqu\u2019il a d\u00e9voil\u00e9 le nouveau protocole sanitaire \u00e0 l\u2019\u00e9cole dans&nbsp;<a href=\"https:\/\/www.leparisien.fr\/societe\/covid-19-a-lecole-tests-capteurs-co2-le-protocole-sanitaire-devoile-par-jean-michel-blanquer-02-01-2022-AHXD7DWDPJC7FIQJLUZT25I5VY.php?ts=1642441422336\" target=\"_blank\" rel=\"noreferrer noopener\">une interview au Parisien<\/a>, dimanche 2 janvier.<\/p>\n\n\n\n<p>Ce jour-l\u00e0, il d\u00e9taillait, depuis les Bal\u00e9ares donc, le nouveau protocole sanitaire \u00e0 suivre dans les \u00e9coles face \u00e0 la vague Omicron &#8211; une information confirm\u00e9e lundi soir par le minist\u00e8re qui indique que Jean-Michel Blanquer a \u00ab travaill\u00e9 \u00e0 distance \u00bb. Des consignes jug\u00e9es trop tardives pour les parents d\u2019\u00e9l\u00e8ves et le professorat, qui ont exprim\u00e9 leur col\u00e8re \u00e0 l\u2019occasion d\u2019une journ\u00e9e de&nbsp;<a href=\"https:\/\/www.leparisien.fr\/societe\/on-veut-des-actes-apres-la-greve-du-13-janvier-les-profs-maintiennent-la-pression-17-01-2022-BCPKXKSTNBC3DJ3IYLROAKEXVE.php\" target=\"_blank\" rel=\"noreferrer noopener\">gr\u00e8ve massive du corps enseignant<\/a>, jeudi dernier.<\/p>\n\n\n\n<h2 class=\"wp-block-heading\">Un \u00ab coup m\u00e9diatique les pieds dans le sable \u00bb<\/h2>\n\n\n\n<p>D\u00e8s ce lundi soir, les repr\u00e9sentants de l\u2019opposition, de gauche comme de droite, ont multipli\u00e9 les appels \u00e0 la d\u00e9mission du ministre sur les r\u00e9seaux sociaux. \u00ab Trop c\u2019est trop. Jean-Michel Blanquer doit d\u00e9missionner \u00bb, a par exemple fustig\u00e9 la d\u00e9put\u00e9e Mathilde Panot, pr\u00e9sidente du groupe France Insoumise \u00e0 l\u2019Assembl\u00e9e nationale<\/p>\n","protected":false},"excerpt":{"rendered":"<p>D\u2019apr\u00e8s Mediapart, le ministre de l\u2019\u00c9ducation nationale se trouvait \u00e0 Ibiza lorsqu\u2019il a d\u00e9voil\u00e9 le protocole sanitaire \u00e0 l\u2019\u00e9cole, \u00e0 la veille de la rentr\u00e9e scolaire. De quoi susciter l\u2019indignation dans l\u2019opposition, qui a r\u00e9clam\u00e9 sa d\u00e9mission ce lundi soir. D\u00e9cid\u00e9ment, la rentr\u00e9e s\u2019av\u00e8re tr\u00e8s compliqu\u00e9e pour Jean-Michel Blanquer. Le ministre de l\u2019\u00c9ducation nationale &#8211; [&hellip;]<\/p>\n","protected":false},"author":2,"featured_media":20116,"comment_status":"open","ping_status":"open","sticky":false,"template":"","format":"standard","meta":{"_jetpack_memberships_contains_paid_content":false,"footnotes":"","jetpack_publicize_message":"","jetpack_publicize_feature_enabled":true,"jetpack_social_post_already_shared":true,"jetpack_social_options":{"image_generator_settings":{"template":"highway","default_image_id":0,"font":"","enabled":false},"version":2},"_wpas_customize_per_network":false},"categories":[405],"tags":[],"class_list":["post-20115","post","type-post","status-publish","format-standard","has-post-thumbnail","hentry","category-actu-france-monde"],"jetpack_publicize_connections":[],"jetpack_featured_media_url":"https:\/\/i0.wp.com\/www.iceagetv.com\/radiosite\/wp-content\/uploads\/2022\/01\/Screenshot_20220118_073044.jpg?fit=904%2C598&ssl=1","jetpack_sharing_enabled":true,"_links":{"self":[{"href":"https:\/\/www.iceagetv.com\/radiosite\/wp-json\/wp\/v2\/posts\/20115","targetHints":{"allow":["GET"]}}],"collection":[{"href":"https:\/\/www.iceagetv.com\/radiosite\/wp-json\/wp\/v2\/posts"}],"about":[{"href":"https:\/\/www.iceagetv.com\/radiosite\/wp-json\/wp\/v2\/types\/post"}],"author":[{"embeddable":true,"href":"https:\/\/www.iceagetv.com\/radiosite\/wp-json\/wp\/v2\/users\/2"}],"replies":[{"embeddable":true,"href":"https:\/\/www.iceagetv.com\/radiosite\/wp-json\/wp\/v2\/comments?post=20115"}],"version-history":[{"count":1,"href":"https:\/\/www.iceagetv.com\/radiosite\/wp-json\/wp\/v2\/posts\/20115\/revisions"}],"predecessor-version":[{"id":20117,"href":"https:\/\/www.iceagetv.com\/radiosite\/wp-json\/wp\/v2\/posts\/20115\/revisions\/20117"}],"wp:featuredmedia":[{"embeddable":true,"href":"https:\/\/www.iceagetv.com\/radiosite\/wp-json\/wp\/v2\/media\/20116"}],"wp:attachment":[{"href":"https:\/\/www.iceagetv.com\/radiosite\/wp-json\/wp\/v2\/media?parent=20115"}],"wp:term":[{"taxonomy":"category","embeddable":true,"href":"https:\/\/www.iceagetv.com\/radiosite\/wp-json\/wp\/v2\/categories?post=20115"},{"taxonomy":"post_tag","embeddable":true,"href":"https:\/\/www.iceagetv.com\/radiosite\/wp-json\/wp\/v2\/tags?post=20115"}],"curies":[{"name":"wp","href":"https:\/\/api.w.org\/{rel}","templated":true}]}}