{"id":20118,"date":"2022-01-18T16:52:47","date_gmt":"2022-01-18T16:52:47","guid":{"rendered":"http:\/\/www.iceagetv.com\/radiosite\/?p=20118"},"modified":"2022-01-18T16:52:47","modified_gmt":"2022-01-18T16:52:47","slug":"le-parquet-ouvre-une-enquete-sur-jean-jacques-bourdin-valerie-pecresse-fera-une-declaration-ce-soir-en-debut-demission-face-au-journaliste","status":"publish","type":"post","link":"https:\/\/www.iceagetv.com\/radiosite\/le-parquet-ouvre-une-enquete-sur-jean-jacques-bourdin-valerie-pecresse-fera-une-declaration-ce-soir-en-debut-demission-face-au-journaliste\/","title":{"rendered":"Le parquet ouvre une enqu\u00eate sur Jean-Jacques Bourdin: Val\u00e9rie P\u00e9cresse fera une d\u00e9claration ce soir en d\u00e9but d&rsquo;\u00e9mission face au journaliste"},"content":{"rendered":"\n<p><strong>La candidate LR \u00e0 la pr\u00e9sidentielle a conditionn\u00e9 sa participation \u00e0 un \u00ab\u00a0propos introductif\u00a0\u00bb qu&rsquo;elle fera en d\u00e9but d&rsquo;\u00e9mission, \u00ab\u00a0ce que BFM a accept\u00e9\u00a0\u00bb, a-t-on appris dans son entourage, sans plus de pr\u00e9cisions sur le contenu.<\/strong><\/p>\n\n\n\n<p><strong>13h32:\u00a0<\/strong>Le groupe Altice Media, propri\u00e9taire de RMC et BFMTV, a annonc\u00e9 dimanche lancer une enqu\u00eate interne \u00ab\u00a0pour s&rsquo;assurer qu&rsquo;aucun fait de ce type n&rsquo;a \u00e9t\u00e9 port\u00e9 \u00e0 la connaissance des managers ou coll\u00e8gues des int\u00e9ress\u00e9s (plaignante et mis en cause)\u00a0\u00bb. \u00ab\u00a0Nous ne minimisons pas cette accusation ni lui donnons une dimension disproportionn\u00e9e\u00a0\u00bb, avait d\u00e9clar\u00e9 au Parisien Marc-Olivier Fogiel, directeur g\u00e9n\u00e9ral de BFMTV, assurant qu'\u00a0\u00bbil n&rsquo;y a rien qui emp\u00eache Jean-Jacques Bourdin de faire son travail\u00a0\u00bb.Les SDJ de BFMTV, RMC et RMC Sport se sont pour leur part interrog\u00e9es \u00ab\u00a0sur la pertinence du maintien \u00e0 l&rsquo;antenne de Jean-Jacques Bourdin le temps de l&rsquo;enqu\u00eate\u00a0\u00bb. La direction d&rsquo;Altice Media avait pr\u00e9cis\u00e9 suivre \u00ab\u00a0avec la plus grande attention les \u00e9ventuels d\u00e9veloppements de cette affaire\u00a0\u00bb et s&rsquo;\u00e9tait dit pr\u00eate \u00e0 prendre \u00ab\u00a0toutes les mesures qui pourraient s&rsquo;imposer en fonction de son \u00e9volution\u00a0\u00bb. Jean-Jacques Bourdin s&rsquo;appr\u00eate \u00e0 lancer sa nouvelle \u00e9mission politique \u00ab\u00a0La France dans les yeux\u00a0\u00bb, un entretien men\u00e9 en r\u00e9gion et en direct avec les principaux candidats \u00e0 l&rsquo;Elys\u00e9e, inaugur\u00e9e mardi soir par Val\u00e9rie P\u00e9cresse en Corr\u00e8ze.<\/p>\n\n\n\n<p><strong>Une enqu\u00eate pour des soup\u00e7ons d&rsquo;agression sexuelle a \u00e9t\u00e9 ouverte apr\u00e8s la plainte qu&rsquo;a d\u00e9pos\u00e9e une ancienne journaliste de BFMTV\/RMC contre le journaliste Jean-Jacques Bourdin, a indiqu\u00e9 mardi le parquet de Paris, sollicit\u00e9 par l&rsquo;AFP. Les investigations ont \u00e9t\u00e9 confi\u00e9es au commissariat du XVIe arrondissement, a-t-on pr\u00e9cis\u00e9 de m\u00eame source.<\/strong><\/p>\n\n\n\n<p>La plaignante est une ancienne journaliste de BFMTV et RMC qui a d\u00e9pos\u00e9 une plainte, re\u00e7ue le 14 janvier par le parquet de Paris, au commissariat du XVIe arrondissement. Cette femme aujourd&rsquo;hui \u00e2g\u00e9e de 33 ans, qui a travaill\u00e9 \u00ab\u00a0pendant plusieurs ann\u00e9es\u00a0\u00bb avec le journaliste \u00e0 la matinale de BFMTV\/RMC, affirme que celui-ci \u00ab\u00a0l&rsquo;a saisie par le cou et tent\u00e9 de l&#8217;embrasser \u00e0 plusieurs reprises\u00a0\u00bb dans une piscine d&rsquo;un h\u00f4tel de Calvi (Haute-Corse) en 2013, lors d&rsquo;un d\u00e9placement professionnel, selon le r\u00e9cit du journal Le Parisien publi\u00e9 samedi confirm\u00e9 par Me Laure Heinich, avocate de la plaignante. Cette journaliste se serait \u00ab\u00a0d\u00e9battue\u00a0\u00bb et serait parvenue \u00e0 sortir de la piscine. M. Bourdin aurait alors dit : \u00ab\u00a0J&rsquo;obtiens toujours ce que je veux\u00a0\u00bb. Puis il lui aurait envoy\u00e9, toujours selon ce r\u00e9cit, \u00ab\u00a0pendant plusieurs mois des mails et des SMS insistants\u00a0\u00bb.<\/p>\n\n\n\n<p>Ces faits sont possiblement prescrits. L&rsquo;animateur a d\u00e9menti de son c\u00f4t\u00e9 ces accusations. \u00ab\u00a0Je connais cette personne, et j&rsquo;ai travaill\u00e9 avec elle. Je reconnais m&rsquo;\u00eatre baign\u00e9 avec elle dans la piscine de cet h\u00f4tel. Mais je n&rsquo;ai jamais tent\u00e9 de l&#8217;embrasser de force, ni elle, ni jamais personne d&rsquo;autre\u00a0\u00bb, a-t-il r\u00e9pondu au quotidien Le Parisien.<\/p>\n","protected":false},"excerpt":{"rendered":"<p>La candidate LR \u00e0 la pr\u00e9sidentielle a conditionn\u00e9 sa participation \u00e0 un \u00ab\u00a0propos introductif\u00a0\u00bb qu&rsquo;elle fera en d\u00e9but d&rsquo;\u00e9mission, \u00ab\u00a0ce que BFM a accept\u00e9\u00a0\u00bb, a-t-on appris dans son entourage, sans plus de pr\u00e9cisions sur le contenu. 13h32:\u00a0Le groupe Altice Media, propri\u00e9taire de RMC et BFMTV, a annonc\u00e9 dimanche lancer une enqu\u00eate interne \u00ab\u00a0pour s&rsquo;assurer qu&rsquo;aucun [&hellip;]<\/p>\n","protected":false},"author":2,"featured_media":20119,"comment_status":"open","ping_status":"open","sticky":false,"template":"","format":"standard","meta":{"_jetpack_memberships_contains_paid_content":false,"footnotes":"","jetpack_publicize_message":"","jetpack_publicize_feature_enabled":true,"jetpack_social_post_already_shared":true,"jetpack_social_options":{"image_generator_settings":{"template":"highway","default_image_id":0,"font":"","enabled":false},"version":2},"_wpas_customize_per_network":false},"categories":[405],"tags":[],"class_list":["post-20118","post","type-post","status-publish","format-standard","has-post-thumbnail","hentry","category-actu-france-monde"],"jetpack_publicize_connections":[],"jetpack_featured_media_url":"https:\/\/i0.wp.com\/www.iceagetv.com\/radiosite\/wp-content\/uploads\/2022\/01\/Le-parquet-ouvre-une-enquete-sur-Jean-Jacques-Bourdin.jpg?fit=920%2C397&ssl=1","jetpack_sharing_enabled":true,"_links":{"self":[{"href":"https:\/\/www.iceagetv.com\/radiosite\/wp-json\/wp\/v2\/posts\/20118","targetHints":{"allow":["GET"]}}],"collection":[{"href":"https:\/\/www.iceagetv.com\/radiosite\/wp-json\/wp\/v2\/posts"}],"about":[{"href":"https:\/\/www.iceagetv.com\/radiosite\/wp-json\/wp\/v2\/types\/post"}],"author":[{"embeddable":true,"href":"https:\/\/www.iceagetv.com\/radiosite\/wp-json\/wp\/v2\/users\/2"}],"replies":[{"embeddable":true,"href":"https:\/\/www.iceagetv.com\/radiosite\/wp-json\/wp\/v2\/comments?post=20118"}],"version-history":[{"count":1,"href":"https:\/\/www.iceagetv.com\/radiosite\/wp-json\/wp\/v2\/posts\/20118\/revisions"}],"predecessor-version":[{"id":20120,"href":"https:\/\/www.iceagetv.com\/radiosite\/wp-json\/wp\/v2\/posts\/20118\/revisions\/20120"}],"wp:featuredmedia":[{"embeddable":true,"href":"https:\/\/www.iceagetv.com\/radiosite\/wp-json\/wp\/v2\/media\/20119"}],"wp:attachment":[{"href":"https:\/\/www.iceagetv.com\/radiosite\/wp-json\/wp\/v2\/media?parent=20118"}],"wp:term":[{"taxonomy":"category","embeddable":true,"href":"https:\/\/www.iceagetv.com\/radiosite\/wp-json\/wp\/v2\/categories?post=20118"},{"taxonomy":"post_tag","embeddable":true,"href":"https:\/\/www.iceagetv.com\/radiosite\/wp-json\/wp\/v2\/tags?post=20118"}],"curies":[{"name":"wp","href":"https:\/\/api.w.org\/{rel}","templated":true}]}}