{"id":20137,"date":"2022-01-19T16:01:27","date_gmt":"2022-01-19T16:01:27","guid":{"rendered":"http:\/\/www.iceagetv.com\/radiosite\/?p=20137"},"modified":"2022-01-19T16:01:27","modified_gmt":"2022-01-19T16:01:27","slug":"avortement-russie-etat-de-droit-ce-quil-faut-retenir-du-discours-de-macron-au-parlement-europeen","status":"publish","type":"post","link":"https:\/\/www.iceagetv.com\/radiosite\/avortement-russie-etat-de-droit-ce-quil-faut-retenir-du-discours-de-macron-au-parlement-europeen\/","title":{"rendered":"AVORTEMENT, RUSSIE, \u00c9TAT DE DROIT: CE QU&rsquo;IL FAUT RETENIR DU DISCOURS DE MACRON AU PARLEMENT EUROP\u00c9EN"},"content":{"rendered":"\n<p>Le chef de l&rsquo;\u00c9tat s&rsquo;est exprim\u00e9 devant les d\u00e9put\u00e9s europ\u00e9ens \u00e0 Strasbourg ce mercredi, \u00e0 l&rsquo;or\u00e9e de la pr\u00e9sidence fran\u00e7aise de l&rsquo;Union europ\u00e9enne.<\/p>\n\n\n\n<p>Pr\u00e9vu pour durer une vingtaine de minutes, Emmanuel Macron s&rsquo;est exprim\u00e9 pendant pr\u00e8s d&rsquo;une demi-heure devant l&rsquo;h\u00e9micycle du Parlement europ\u00e9en ce mercredi, \u00e0 l&rsquo;occasion du d\u00e9but de&nbsp;<a href=\"https:\/\/www.bfmtv.com\/politique\/tout-comprendre-a-quoi-sert-la-presidence-du-conseil-de-l-ue-que-la-france-prendra-au-1er-janvier_AN-202112090291.html\">la pr\u00e9sidence fran\u00e7aise de l&rsquo;Union europ\u00e9enne<\/a>. Un \u00e9v\u00e9nement qui se produit toutes les 13 ann\u00e9es, qui a commenc\u00e9 le 1er janvier et durera jusqu&rsquo;au 30 juin prochain.<\/p>\n\n\n\n<p>A Strasbourg, face \u00e0 des bancs clairsem\u00e9s en raison du Covid-19 et de jauges \u00e9tablies dans l&rsquo;institution europ\u00e9enne, Emmanuel Macron s&rsquo;est attach\u00e9 \u00e0 parler d&rsquo;Europe, dans un discours qui intervient \u00e0 quelques semaines de l&rsquo;\u00e9lection pr\u00e9sidentielle fran\u00e7aise, \u00e0 laquelle il n&rsquo;est pas officiellement candidat \u00e0 ce stade.<\/p>\n\n\n\n<h2 class=\"wp-block-heading\">L&rsquo;Europe a tenu la barre durant la pand\u00e9mie\u00a0\u00bb<\/h2>\n\n\n\n<p>Saluant ce Parlement \u00ab\u00a0qui exprime \u00e0 Strasbourg la volont\u00e9 de nos peuples rassembl\u00e9s\u00a0\u00bb, Emmanuel Macron a soulign\u00e9 d&#8217;embl\u00e9e le r\u00f4le de l&rsquo;Union europ\u00e9enne durant la pand\u00e9mie de Covid-19, toujours en cours,<\/p>\n\n\n\n<blockquote class=\"wp-block-quote is-layout-flow wp-block-quote-is-layout-flow\"><p>\u00ab\u00a0Cette Europe qui a tenu fermement la barre pendant la pand\u00e9mie, qu&rsquo;il s&rsquo;agisse des vaccins ou de la relance \u00e9conomique\u00a0\u00bb, a d\u00e9fendu le pr\u00e9sident fran\u00e7ais.<\/p><\/blockquote>\n\n\n\n<p>\u00ab\u00a0C&rsquo;est aussi un rapport \u00e0 la solidarit\u00e9 unique au monde\u00a0\u00bb, a salu\u00e9 plus tard dans son discours Emmanuel Macron. \u00ab\u00a0C&rsquo;est la solidarit\u00e9 qui nous a permis depuis deux ans de sauver des vies\u00a0\u00bb, a-t-il ajout\u00e9.<\/p>\n\n\n\n<h2 class=\"wp-block-heading\">L&rsquo;\u00c9tat de droit est notre tr\u00e9sor\u00a0\u00bb<\/h2>\n\n\n\n<blockquote class=\"wp-block-quote is-layout-flow wp-block-quote-is-layout-flow\"><p>\u00ab\u00a0Notre construction europ\u00e9enne repose sur trois grandes promesses: une promesse de d\u00e9mocratie, qui est n\u00e9e sur notre continent, r\u00e9invent\u00e9e sur notre continent et revivifi\u00e9e ces 70 derni\u00e8res ann\u00e9es, une promesse de progr\u00e8s partag\u00e9e par tous, et une promesse de paix. Elle a tenu cette promesse durant sept d\u00e9cennies\u00a0\u00bb, a fait valoir Emmanuel Macron ce mercredi, mettant en garde contre \u00ab\u00a0le retour du tragique dans l&rsquo;Histoire\u00a0\u00bb.<\/p><\/blockquote>\n\n\n\n<p>Saluant le mod\u00e8le d\u00e9mocrate, \u00ab\u00a0notre singularit\u00e9 d&rsquo;Europ\u00e9ens\u00a0\u00bb, Emmanuel Macron a soulign\u00e9 que \u00ab\u00a0nous sommes cette g\u00e9n\u00e9ration qui red\u00e9couvre la pr\u00e9carit\u00e9 de l&rsquo;\u00c9tat de droit et des valeurs d\u00e9mocratiques\u00a0\u00bb.<\/p>\n","protected":false},"excerpt":{"rendered":"<p>Le chef de l&rsquo;\u00c9tat s&rsquo;est exprim\u00e9 devant les d\u00e9put\u00e9s europ\u00e9ens \u00e0 Strasbourg ce mercredi, \u00e0 l&rsquo;or\u00e9e de la pr\u00e9sidence fran\u00e7aise de l&rsquo;Union europ\u00e9enne. Pr\u00e9vu pour durer une vingtaine de minutes, Emmanuel Macron s&rsquo;est exprim\u00e9 pendant pr\u00e8s d&rsquo;une demi-heure devant l&rsquo;h\u00e9micycle du Parlement europ\u00e9en ce mercredi, \u00e0 l&rsquo;occasion du d\u00e9but de&nbsp;la pr\u00e9sidence fran\u00e7aise de l&rsquo;Union europ\u00e9enne. [&hellip;]<\/p>\n","protected":false},"author":2,"featured_media":20138,"comment_status":"open","ping_status":"open","sticky":false,"template":"","format":"standard","meta":{"_jetpack_memberships_contains_paid_content":false,"footnotes":"","jetpack_publicize_message":"","jetpack_publicize_feature_enabled":true,"jetpack_social_post_already_shared":true,"jetpack_social_options":{"image_generator_settings":{"template":"highway","default_image_id":0,"font":"","enabled":false},"version":2},"_wpas_customize_per_network":false},"categories":[405],"tags":[],"class_list":["post-20137","post","type-post","status-publish","format-standard","has-post-thumbnail","hentry","category-actu-france-monde"],"jetpack_publicize_connections":[],"jetpack_featured_media_url":"https:\/\/i0.wp.com\/www.iceagetv.com\/radiosite\/wp-content\/uploads\/2022\/01\/CE-QUIL-FAUT-RETENIR-DU-DISCOURS-DE-MACRON-AU-PARLEMENT-EUROPEEN.jpg?fit=800%2C450&ssl=1","jetpack_sharing_enabled":true,"_links":{"self":[{"href":"https:\/\/www.iceagetv.com\/radiosite\/wp-json\/wp\/v2\/posts\/20137","targetHints":{"allow":["GET"]}}],"collection":[{"href":"https:\/\/www.iceagetv.com\/radiosite\/wp-json\/wp\/v2\/posts"}],"about":[{"href":"https:\/\/www.iceagetv.com\/radiosite\/wp-json\/wp\/v2\/types\/post"}],"author":[{"embeddable":true,"href":"https:\/\/www.iceagetv.com\/radiosite\/wp-json\/wp\/v2\/users\/2"}],"replies":[{"embeddable":true,"href":"https:\/\/www.iceagetv.com\/radiosite\/wp-json\/wp\/v2\/comments?post=20137"}],"version-history":[{"count":1,"href":"https:\/\/www.iceagetv.com\/radiosite\/wp-json\/wp\/v2\/posts\/20137\/revisions"}],"predecessor-version":[{"id":20139,"href":"https:\/\/www.iceagetv.com\/radiosite\/wp-json\/wp\/v2\/posts\/20137\/revisions\/20139"}],"wp:featuredmedia":[{"embeddable":true,"href":"https:\/\/www.iceagetv.com\/radiosite\/wp-json\/wp\/v2\/media\/20138"}],"wp:attachment":[{"href":"https:\/\/www.iceagetv.com\/radiosite\/wp-json\/wp\/v2\/media?parent=20137"}],"wp:term":[{"taxonomy":"category","embeddable":true,"href":"https:\/\/www.iceagetv.com\/radiosite\/wp-json\/wp\/v2\/categories?post=20137"},{"taxonomy":"post_tag","embeddable":true,"href":"https:\/\/www.iceagetv.com\/radiosite\/wp-json\/wp\/v2\/tags?post=20137"}],"curies":[{"name":"wp","href":"https:\/\/api.w.org\/{rel}","templated":true}]}}