{"id":20143,"date":"2022-01-19T16:20:05","date_gmt":"2022-01-19T16:20:05","guid":{"rendered":"http:\/\/www.iceagetv.com\/radiosite\/?p=20143"},"modified":"2022-01-19T16:20:05","modified_gmt":"2022-01-19T16:20:05","slug":"lacteur-gaspard-ulliel-victime-dun-grave-accident-de-ski-hier-en-savoie-est-decede-a-lage-de-37-ans-annonce-son-agent-il-avait-recu-un-cesar-en-2005-et-en-2017","status":"publish","type":"post","link":"https:\/\/www.iceagetv.com\/radiosite\/lacteur-gaspard-ulliel-victime-dun-grave-accident-de-ski-hier-en-savoie-est-decede-a-lage-de-37-ans-annonce-son-agent-il-avait-recu-un-cesar-en-2005-et-en-2017\/","title":{"rendered":"L&rsquo;acteur Gaspard Ulliel, victime d\u2019un grave accident de ski hier en Savoie, est d\u00e9c\u00e9d\u00e9 \u00e0 l\u2019\u00e2ge de 37 ans, annonce son agent &#8211; Il avait re\u00e7u un C\u00e9sar en 2005 et en 2017"},"content":{"rendered":"\n<p>Sa sensibilit\u00e9 et l\u2019intensit\u00e9 de son jeu faisaient de Gaspard Ulliel un acteur d\u2019exception. Le cin\u00e9ma perd aujourd\u2019hui un immense talent. J\u2019adresse mes condol\u00e9ances \u00e0 ses proches et mes pens\u00e9es affectueuses \u00e0 tous ceux qui le pleurent aujourd\u2019hui\u00a0\u00bb, a r\u00e9agi la ministre de la Culture, Roselyne Bachelot, sur son compte Twitter.<\/p>\n\n\n\n<p><strong>Le point sur ce que l&rsquo;on sait<\/strong><\/p>\n\n\n\n<p>L&rsquo;acteur c\u00e9saris\u00e9 Gaspard Ulliel, connu pour son interpr\u00e9tation de Yves Saint Laurent, est d\u00e9c\u00e9d\u00e9 brutalement mercredi \u00e0 37 ans, apr\u00e8s un accident de ski en Savoie, a annonc\u00e9 sa famille dans un communiqu\u00e9 transmis \u00e0 l\u2019AFP par son agent. \u00ab\u00a0Victime d\u2019un accident de ski\u00a0\u00bb mardi, l&rsquo;acteur \u00ab\u00a0est d\u00e9c\u00e9d\u00e9\u00a0\u00bb, indique ce bref communiqu\u00e9.<\/p>\n\n\n\n<p>\u00ab\u00a0Gaspard Ulliel a grandi avec le cin\u00e9ma et le cin\u00e9ma a grandi avec lui. Ils s&rsquo;aimaient \u00e9perdument. C&rsquo;est le c\u0153ur serr\u00e9 que nous reverrons d\u00e9sormais ses plus belles interpr\u00e9tations et croiserons ce certain regard. Nous perdons un acteur fran\u00e7ais\u00a0\u00bb, a imm\u00e9diatement r\u00e9agi le Premier ministre Jean Castex sur Twitter.<\/p>\n\n\n\n<p>Il \u00e9tait connu du grand public pour des films comme \u00ab\u00a0Un long dimanche de fian\u00e7ailles\u00a0\u00bb (2004) de Jean-Pierre Jeunet, \u00ab\u00a0Saint Laurent\u00a0\u00bb (2014) de Bertrand Bonello et \u00ab\u00a0Juste la fin du monde\u00a0\u00bb (2016) de Xavier Dolan, qui lui avait valu le C\u00e9sar du meilleur acteur en 2017. Il y incarnait un \u00e9crivain retrouvant sa famille apr\u00e8s douze ans d&rsquo;absence, \u00e0 qui il venait annoncer sa mort prochaine.<\/p>\n\n\n\n<p>Au cours d&rsquo;une carri\u00e8re \u00e9clectique, il avait tourn\u00e9 aux c\u00f4t\u00e9s de grands noms du cin\u00e9ma fran\u00e7ais, comme Isabelle Huppert et G\u00e9rard Depardieu. Gueule d&rsquo;ange et l\u00e9g\u00e8re balafre li\u00e9e \u00e0 une griffure de chien dans l&rsquo;enfance, il \u00e9tait \u00e9galement le visage d&rsquo;un parfum Chanel. Menant une carri\u00e8re en France mais aussi \u00e0 l&rsquo;international, il devait bient\u00f4t \u00eatre \u00e0 l&rsquo;affiche de la s\u00e9rie Marvel \u00ab\u00a0Moon Knight\u00a0\u00bb diffus\u00e9e sur Disney+. L&rsquo;acteur a \u00e9t\u00e9 gravement bless\u00e9 mardi dans un accident de ski \u00e0 La Rosi\u00e8re (Savoie), avait-on appris de sources concordantes, confirmant une information de BFMTV.Gaspard Ulliel nous quitte, et c\u2019est tout un pan du cin\u00e9ma fran\u00e7ais qui dispara\u00eet avec lui. Son talent extraordinaire, son regard et la justesse de son jeu nous manqueront\u00a0\u00bb, a d\u00e9clar\u00e9 Franck Riester, Ministre d\u00e9l\u00e9gu\u00e9 charg\u00e9 du Commerce ext\u00e9rieur et de l\u2019Attractivit\u00e9, sur son compte Twitter.Le ministre de l&rsquo;Economie, Bruno Le Maire, s&rsquo;est \u00e9galement exprim\u00e9 sur son compte Twitter pour rendre hommage \u00e0 Gaspard Ulliel. \u00ab\u00a0Le cin\u00e9ma fran\u00e7ais perd un grand talent, plein de charme et d\u2019\u00e9nergie\u00a0\u00bb, a-t-il d\u00e9clar\u00e9.Sur son compte Twitter, Jean Castex s&rsquo;est exprim\u00e9 apr\u00e8s l&rsquo;annonce du d\u00e9c\u00e8s de Gaspard Ulliel. \u00ab\u00a0Gaspard Ulliel a grandi avec le cin\u00e9ma et le cin\u00e9ma a grandi avec lui. Ils s&rsquo;aimaient \u00e9perdument. C&rsquo;est le c\u0153ur serr\u00e9 que nous reverrons d\u00e9sormais ses plus belles interpr\u00e9tations et croiserons ce certain regard. Nous perdons un acteur fran\u00e7ais\u00a0\u00bb, a-t-il d\u00e9clar\u00e9.<\/p>\n","protected":false},"excerpt":{"rendered":"<p>Sa sensibilit\u00e9 et l\u2019intensit\u00e9 de son jeu faisaient de Gaspard Ulliel un acteur d\u2019exception. Le cin\u00e9ma perd aujourd\u2019hui un immense talent. J\u2019adresse mes condol\u00e9ances \u00e0 ses proches et mes pens\u00e9es affectueuses \u00e0 tous ceux qui le pleurent aujourd\u2019hui\u00a0\u00bb, a r\u00e9agi la ministre de la Culture, Roselyne Bachelot, sur son compte Twitter. Le point sur ce [&hellip;]<\/p>\n","protected":false},"author":2,"featured_media":20144,"comment_status":"open","ping_status":"open","sticky":false,"template":"","format":"standard","meta":{"_jetpack_memberships_contains_paid_content":false,"footnotes":"","jetpack_publicize_message":"","jetpack_publicize_feature_enabled":true,"jetpack_social_post_already_shared":true,"jetpack_social_options":{"image_generator_settings":{"template":"highway","default_image_id":0,"font":"","enabled":false},"version":2},"_wpas_customize_per_network":false},"categories":[68],"tags":[],"class_list":["post-20143","post","type-post","status-publish","format-standard","has-post-thumbnail","hentry","category-actu-culturelle"],"jetpack_publicize_connections":[],"jetpack_featured_media_url":"https:\/\/i0.wp.com\/www.iceagetv.com\/radiosite\/wp-content\/uploads\/2022\/01\/Lacteur-Gaspard-Ulliel.jpg?fit=680%2C530&ssl=1","jetpack_sharing_enabled":true,"_links":{"self":[{"href":"https:\/\/www.iceagetv.com\/radiosite\/wp-json\/wp\/v2\/posts\/20143","targetHints":{"allow":["GET"]}}],"collection":[{"href":"https:\/\/www.iceagetv.com\/radiosite\/wp-json\/wp\/v2\/posts"}],"about":[{"href":"https:\/\/www.iceagetv.com\/radiosite\/wp-json\/wp\/v2\/types\/post"}],"author":[{"embeddable":true,"href":"https:\/\/www.iceagetv.com\/radiosite\/wp-json\/wp\/v2\/users\/2"}],"replies":[{"embeddable":true,"href":"https:\/\/www.iceagetv.com\/radiosite\/wp-json\/wp\/v2\/comments?post=20143"}],"version-history":[{"count":1,"href":"https:\/\/www.iceagetv.com\/radiosite\/wp-json\/wp\/v2\/posts\/20143\/revisions"}],"predecessor-version":[{"id":20145,"href":"https:\/\/www.iceagetv.com\/radiosite\/wp-json\/wp\/v2\/posts\/20143\/revisions\/20145"}],"wp:featuredmedia":[{"embeddable":true,"href":"https:\/\/www.iceagetv.com\/radiosite\/wp-json\/wp\/v2\/media\/20144"}],"wp:attachment":[{"href":"https:\/\/www.iceagetv.com\/radiosite\/wp-json\/wp\/v2\/media?parent=20143"}],"wp:term":[{"taxonomy":"category","embeddable":true,"href":"https:\/\/www.iceagetv.com\/radiosite\/wp-json\/wp\/v2\/categories?post=20143"},{"taxonomy":"post_tag","embeddable":true,"href":"https:\/\/www.iceagetv.com\/radiosite\/wp-json\/wp\/v2\/tags?post=20143"}],"curies":[{"name":"wp","href":"https:\/\/api.w.org\/{rel}","templated":true}]}}