{"id":20155,"date":"2022-01-20T19:23:58","date_gmt":"2022-01-20T19:23:58","guid":{"rendered":"http:\/\/www.iceagetv.com\/radiosite\/?p=20155"},"modified":"2022-01-20T19:23:58","modified_gmt":"2022-01-20T19:23:58","slug":"coronavirus-jean-castex-lundi-mise-en-place-du-pass-vaccinal-le-2-fevrier-plus-de-masque-obligatoire-a-lexterieur-plus-de-teletravail-obligatoire-le-16-fevrier-reouverture-des-discotheq","status":"publish","type":"post","link":"https:\/\/www.iceagetv.com\/radiosite\/coronavirus-jean-castex-lundi-mise-en-place-du-pass-vaccinal-le-2-fevrier-plus-de-masque-obligatoire-a-lexterieur-plus-de-teletravail-obligatoire-le-16-fevrier-reouverture-des-discotheq\/","title":{"rendered":"Coronavirus &#8211; Jean Castex : \u00ab\u00a0Lundi, mise en place du pass vaccinal &#8211; Le 2 f\u00e9vrier plus de masque obligatoire \u00e0 l&rsquo;ext\u00e9rieur, plus de t\u00e9l\u00e9travail obligatoire &#8211; Le 16 f\u00e9vrier, r\u00e9ouverture des discoth\u00e8ques avec ou sans masque"},"content":{"rendered":"\n<p><strong>Jean Castex prend la parole pour annoncer le calendrier des fins des restrictions :<\/strong><\/p>\n\n\n\n<p>\u00ab\u00a0Je veux faire un nouveau point de situation et faire un bilan des mesures que je vous avais annonc\u00e9 \u00e0 la fin du mois de d\u00e9cembre. Voici le calendrier dans lequel nous allons nous inscrire sachant que<strong>\u00a0le pass vaccinal entrera en vigueur d\u00e8s lundi prochain<\/strong>. Cette vague n&rsquo;est pas termin\u00e9e mais les choses \u00e9voluent positivement. La vague Delta est en net reflux. La vague provoqu\u00e9e par Omicron commence \u00e0 marquer le pas dans certaines r\u00e9gions comme en IDF. Nous avons pris les bonnes d\u00e9cisions et nous sommes massivement vaccin\u00e9s pour lutter contre Omicron. Nous sommes gr\u00e2ce au vaccin un des pays les plus vaccin\u00e9s au monde.<\/p>\n\n\n\n<p><strong>A compter de lundi prochain, le rappel vaccinal pour les 12\/17 ans sera ouvert.<\/strong><\/p>\n\n\n\n<p>Gr\u00e2ce \u00e0 la vaccination et le pass sanitaire, nous n&rsquo;avons pas eu \u00e0 prendre des mesures sanitaires aussi fortes que nos voisins. Le protocole sanitaire \u00e0 l&rsquo;\u00e9cole n&rsquo;a pas \u00e9t\u00e9 simple a appliqu\u00e9, j&rsquo;en ai conscience, mais nous avons su adapter ce protocole. Je suis convaincu que notre choix a \u00e9t\u00e9 le bon. Pr\u00e8s de 12 millions de personnes se sont faites test\u00e9es la semaine derni\u00e8res, c&rsquo;est un record absolu.<\/p>\n\n\n\n<p>L&rsquo;ensemble de ces \u00e9l\u00e9ments nous permet de dresser des perspectives.<\/p>\n\n\n\n<p><strong>Il faudra d\u00e8s lundi un sch\u00e9ma vaccinal complet pour les plus de 16 ans pour aller au cin\u00e9ma, au th\u00e9\u00e2tre, au cin\u00e9ma ou prendre un TGV. C&rsquo;est une \u00e9volution n\u00e9cessaire et coh\u00e9rente pour aujourd&rsquo;hui ou pour demain. La contrainte est sur les non vaccin\u00e9s.<\/strong><\/p>\n\n\n\n<p><strong>.<\/strong><\/p>\n\n\n\n<p><strong>Mercredi 2 f\u00e9vrier<\/strong><\/p>\n\n\n\n<p><strong>&#8211; Le public pourra \u00eatre \u00e0 nouveau debout avec masque et fin des jauges<\/strong><\/p>\n\n\n\n<p><strong>&#8211; L\u00e9 t\u00e9l\u00e9travail ne sera plus obligatoire&nbsp;<\/strong><\/p>\n\n\n\n<p><strong>&#8211; Plus de masque \u00e0 l&rsquo;ext\u00e9rieur<\/strong><\/p>\n\n\n\n<p><strong>Mercredi 16 f\u00e9vrier<\/strong><\/p>\n\n\n\n<p><strong>&#8211; Consommation debout dans les bars autoris\u00e9e&nbsp;<\/strong><\/p>\n\n\n\n<p><strong>&#8211; R\u00e9ouverture des discoth\u00e8ques avec ou sans masque cela reste \u00e0 d\u00e9cider<\/strong><\/p>\n\n\n\n<p><strong>.<\/strong><\/p>\n\n\n\n<p><strong>A l&rsquo;\u00e9cole, le protocole pourrait \u00eatre all\u00e9g\u00e9 au retour des vacances de f\u00e9vrier o\u00f9 nous allons regarder comment le virus \u00e9volue.<\/strong>&nbsp;Le pass pourrait tout \u00e0 fait \u00eatre&nbsp;suspendu si la pression \u00e9pid\u00e9mique et surtout hospitali\u00e8re venait \u00e0 se r\u00e9duire fortement et durablement.&nbsp;Si nos services de r\u00e9animation ne voyaient plus arriver de nouveaux malades pendant plusieurs semaines, si nos h\u00f4pitaux n&rsquo;\u00e9taient plus oblig\u00e9s de d\u00e9programmer des soins, si la pression sanitaire redescendait au plus bas.<\/p>\n","protected":false},"excerpt":{"rendered":"<p>Jean Castex prend la parole pour annoncer le calendrier des fins des restrictions : \u00ab\u00a0Je veux faire un nouveau point de situation et faire un bilan des mesures que je vous avais annonc\u00e9 \u00e0 la fin du mois de d\u00e9cembre. Voici le calendrier dans lequel nous allons nous inscrire sachant que\u00a0le pass vaccinal entrera en [&hellip;]<\/p>\n","protected":false},"author":2,"featured_media":20156,"comment_status":"open","ping_status":"open","sticky":false,"template":"","format":"standard","meta":{"_jetpack_memberships_contains_paid_content":false,"footnotes":"","jetpack_publicize_message":"","jetpack_publicize_feature_enabled":true,"jetpack_social_post_already_shared":true,"jetpack_social_options":{"image_generator_settings":{"template":"highway","default_image_id":0,"font":"","enabled":false},"version":2},"_wpas_customize_per_network":false},"categories":[405],"tags":[],"class_list":["post-20155","post","type-post","status-publish","format-standard","has-post-thumbnail","hentry","category-actu-france-monde"],"jetpack_publicize_connections":[],"jetpack_featured_media_url":"https:\/\/i0.wp.com\/www.iceagetv.com\/radiosite\/wp-content\/uploads\/2022\/01\/Lundi-mise-en-place-du-pass-vaccinal.jpg?fit=920%2C397&ssl=1","jetpack_sharing_enabled":true,"_links":{"self":[{"href":"https:\/\/www.iceagetv.com\/radiosite\/wp-json\/wp\/v2\/posts\/20155","targetHints":{"allow":["GET"]}}],"collection":[{"href":"https:\/\/www.iceagetv.com\/radiosite\/wp-json\/wp\/v2\/posts"}],"about":[{"href":"https:\/\/www.iceagetv.com\/radiosite\/wp-json\/wp\/v2\/types\/post"}],"author":[{"embeddable":true,"href":"https:\/\/www.iceagetv.com\/radiosite\/wp-json\/wp\/v2\/users\/2"}],"replies":[{"embeddable":true,"href":"https:\/\/www.iceagetv.com\/radiosite\/wp-json\/wp\/v2\/comments?post=20155"}],"version-history":[{"count":1,"href":"https:\/\/www.iceagetv.com\/radiosite\/wp-json\/wp\/v2\/posts\/20155\/revisions"}],"predecessor-version":[{"id":20157,"href":"https:\/\/www.iceagetv.com\/radiosite\/wp-json\/wp\/v2\/posts\/20155\/revisions\/20157"}],"wp:featuredmedia":[{"embeddable":true,"href":"https:\/\/www.iceagetv.com\/radiosite\/wp-json\/wp\/v2\/media\/20156"}],"wp:attachment":[{"href":"https:\/\/www.iceagetv.com\/radiosite\/wp-json\/wp\/v2\/media?parent=20155"}],"wp:term":[{"taxonomy":"category","embeddable":true,"href":"https:\/\/www.iceagetv.com\/radiosite\/wp-json\/wp\/v2\/categories?post=20155"},{"taxonomy":"post_tag","embeddable":true,"href":"https:\/\/www.iceagetv.com\/radiosite\/wp-json\/wp\/v2\/tags?post=20155"}],"curies":[{"name":"wp","href":"https:\/\/api.w.org\/{rel}","templated":true}]}}