{"id":20161,"date":"2022-01-21T09:28:04","date_gmt":"2022-01-21T09:28:04","guid":{"rendered":"http:\/\/www.iceagetv.com\/radiosite\/?p=20161"},"modified":"2022-01-21T09:28:04","modified_gmt":"2022-01-21T09:28:04","slug":"accident-mortel-de-gaspard-ulliel-la-procureure-de-la-republique-revele-les-circonstances-precises-du-drame-les-deux-skieurs-evoluaient-cote-a-cote-et-se-sont-rentres-dedans-alors-que-lacteur","status":"publish","type":"post","link":"https:\/\/www.iceagetv.com\/radiosite\/accident-mortel-de-gaspard-ulliel-la-procureure-de-la-republique-revele-les-circonstances-precises-du-drame-les-deux-skieurs-evoluaient-cote-a-cote-et-se-sont-rentres-dedans-alors-que-lacteur\/","title":{"rendered":"Accident mortel de Gaspard Ulliel : La procureure de la R\u00e9publique r\u00e9v\u00e8le les circonstances pr\u00e9cises du drame : \u00ab\u00a0Les deux skieurs \u00e9voluaient c\u00f4te \u00e0 c\u00f4te et se sont rentr\u00e9s dedans alors que l&rsquo;acteur a bifurqu\u00e9 pour rejoindre des amis\u00a0\u00bb"},"content":{"rendered":"\n<p>On ne sait un peu plus ce matin sur les circonstances du drame squi a provoqu\u00e9 la mort de l&rsquo;acteur Gaspard Ulliel. Pr\u00e8s de quarante-huit heures apr\u00e8s l\u2019accident, la procureure de la R\u00e9publique d\u2019Albertville a livr\u00e9 les premiers r\u00e9sultats de l\u2019enqu\u00eate pour \u00abrecherches des causes de la mort\u00bb confi\u00e9e aux enqu\u00eateurs de la CRS Alpes d\u2019Albertville.<\/p>\n\n\n\n<p>Selon le parquet, aucune responsabilit\u00e9 ne serait engag\u00e9e. Ni du c\u00f4t\u00e9 de la victime ni du c\u00f4t\u00e9 du skieur impliqu\u00e9\u2009: \u00abAu vu des premiers \u00e9l\u00e9ments, il n\u2019a pas \u00e9t\u00e9 relev\u00e9 de vitesse excessive, de comportement inadapt\u00e9 ou de faute de l\u2019un des deux skieurs.\u00bb<\/p>\n\n\n\n<p>A priori, le parquet semble se diriger vers un classement de l\u2019enqu\u00eate dans les prochains jours, une fois tous les \u00e9l\u00e9ments r\u00e9unis. L\u2019autre skieur impliqu\u00e9, d\u2019origine lituanienne, \u00e9tait \u00e9quip\u00e9 d\u2019un casque au moment de la collision. Ce qui n\u2019\u00e9tait pas le cas de la victime. \u00abSi Monsieur Ulliel avait port\u00e9 un casque, est-ce que \u00e7a lui aurait sauv\u00e9 la vie\u2009? Je ne peux absolument pas l\u2019affirmer\u00bb, a d\u00e9clar\u00e9 au Dauphin\u00e9 Lib\u00e9r\u00e9 la procureure de la R\u00e9publique Anne Gaches, qui souligne qu\u2019aucune autopsie ne sera r\u00e9alis\u00e9e sur le corps de la victime.<\/p>\n\n\n\n<p>\u00abLe skieur impliqu\u00e9 dans la collision a \u00e9t\u00e9 entendu, ainsi que deux t\u00e9moins de la sc\u00e8ne, explique-t-elle. D\u2019apr\u00e8s ces premiers t\u00e9moignages et les constatations r\u00e9alis\u00e9es sur place, les deux skieurs \u00e9voluaient c\u00f4te \u00e0 c\u00f4te et se sont rentr\u00e9s dedans. Pour le moment, il est difficile de dire si c\u2019est le choc ou la chute qui a entra\u00een\u00e9 la mort de Monsieur Ulliel. Cet accident est tr\u00e8s triste mais les circonstances sont assez simples, il n\u2019y a pas de complexit\u00e9\u00a0\u00bb.<\/p>\n\n\n\n<p>C\u2019est au croisement de deux pistes bleues, sur un secteur peu dangereux du domaine skiable de La Rosi\u00e8re, que la collision est survenue ce mardi 18 janvier vers 16 heures, \u00abalors que Gaspard Ulliel venait de bifurquer vers la gauche, vraisemblablement pour rejoindre ses amis qui se trouvaient sur la piste \u201cGelinotte\u201d\u00bb a pr\u00e9cis\u00e9 hier soir la procureure de la R\u00e9publique d\u2019Albertville dans un communiqu\u00e9.<\/p>\n\n\n\n<p>A l\u2019arriv\u00e9e des secours, l\u2019acteur \u00e9tait immobile, inconscient dans la neige. Apr\u00e8s plus d\u2019une heure d\u2019intervention sur la piste, avec les premiers soins prodigu\u00e9s par des membres de l\u2019unit\u00e9 de montagne de la police nationale CRS Alpes, l\u2019acteur a \u00e9t\u00e9 transport\u00e9 par h\u00e9licopt\u00e8re au CHU de Grenoble.<\/p>\n\n\n\n<p>Son d\u00e9c\u00e8s a \u00e9t\u00e9 constat\u00e9 le lendemain de l\u2019accident, dans l\u2019apr\u00e8s-midi.<\/p>\n\n\n\n<p>Un soutien psychologique a \u00e9t\u00e9 mis en place au niveau de la station et une association d\u2019aide aux victimes (l\u2019Avij des Savoie) a \u00e9t\u00e9 sollicit\u00e9e pour la famille et les proches de Gaspard Ulliel.<\/p>\n\n\n\n<p>Tr\u00e8s choqu\u00e9, le skieur lituanien, qui n\u2019a pas \u00e9t\u00e9 bless\u00e9 dans l\u2019accident, a \u00e9galement \u00e9t\u00e9 pris en charge psychologiquement.<\/p>\n","protected":false},"excerpt":{"rendered":"<p>On ne sait un peu plus ce matin sur les circonstances du drame squi a provoqu\u00e9 la mort de l&rsquo;acteur Gaspard Ulliel. Pr\u00e8s de quarante-huit heures apr\u00e8s l\u2019accident, la procureure de la R\u00e9publique d\u2019Albertville a livr\u00e9 les premiers r\u00e9sultats de l\u2019enqu\u00eate pour \u00abrecherches des causes de la mort\u00bb confi\u00e9e aux enqu\u00eateurs de la CRS Alpes [&hellip;]<\/p>\n","protected":false},"author":2,"featured_media":20162,"comment_status":"open","ping_status":"open","sticky":false,"template":"","format":"standard","meta":{"_jetpack_memberships_contains_paid_content":false,"footnotes":"","jetpack_publicize_message":"","jetpack_publicize_feature_enabled":true,"jetpack_social_post_already_shared":true,"jetpack_social_options":{"image_generator_settings":{"template":"highway","default_image_id":0,"font":"","enabled":false},"version":2},"_wpas_customize_per_network":false},"categories":[405],"tags":[],"class_list":["post-20161","post","type-post","status-publish","format-standard","has-post-thumbnail","hentry","category-actu-france-monde"],"jetpack_publicize_connections":[],"jetpack_featured_media_url":"https:\/\/i0.wp.com\/www.iceagetv.com\/radiosite\/wp-content\/uploads\/2022\/01\/Accident-mortel-de-Gaspard-Ulliel.jpg?fit=920%2C397&ssl=1","jetpack_sharing_enabled":true,"_links":{"self":[{"href":"https:\/\/www.iceagetv.com\/radiosite\/wp-json\/wp\/v2\/posts\/20161","targetHints":{"allow":["GET"]}}],"collection":[{"href":"https:\/\/www.iceagetv.com\/radiosite\/wp-json\/wp\/v2\/posts"}],"about":[{"href":"https:\/\/www.iceagetv.com\/radiosite\/wp-json\/wp\/v2\/types\/post"}],"author":[{"embeddable":true,"href":"https:\/\/www.iceagetv.com\/radiosite\/wp-json\/wp\/v2\/users\/2"}],"replies":[{"embeddable":true,"href":"https:\/\/www.iceagetv.com\/radiosite\/wp-json\/wp\/v2\/comments?post=20161"}],"version-history":[{"count":1,"href":"https:\/\/www.iceagetv.com\/radiosite\/wp-json\/wp\/v2\/posts\/20161\/revisions"}],"predecessor-version":[{"id":20163,"href":"https:\/\/www.iceagetv.com\/radiosite\/wp-json\/wp\/v2\/posts\/20161\/revisions\/20163"}],"wp:featuredmedia":[{"embeddable":true,"href":"https:\/\/www.iceagetv.com\/radiosite\/wp-json\/wp\/v2\/media\/20162"}],"wp:attachment":[{"href":"https:\/\/www.iceagetv.com\/radiosite\/wp-json\/wp\/v2\/media?parent=20161"}],"wp:term":[{"taxonomy":"category","embeddable":true,"href":"https:\/\/www.iceagetv.com\/radiosite\/wp-json\/wp\/v2\/categories?post=20161"},{"taxonomy":"post_tag","embeddable":true,"href":"https:\/\/www.iceagetv.com\/radiosite\/wp-json\/wp\/v2\/tags?post=20161"}],"curies":[{"name":"wp","href":"https:\/\/api.w.org\/{rel}","templated":true}]}}