{"id":20168,"date":"2022-01-21T14:37:16","date_gmt":"2022-01-21T14:37:16","guid":{"rendered":"http:\/\/www.iceagetv.com\/radiosite\/?p=20168"},"modified":"2022-01-21T14:37:16","modified_gmt":"2022-01-21T14:37:16","slug":"affaire-des-sondages-de-lelysee-lex-secretaire-general-de-lelysee-claude-gueant-declare-coupable-de-favoritisme-condamne-a-un-an-de-prison-dont-4-mois-avec-sursis","status":"publish","type":"post","link":"https:\/\/www.iceagetv.com\/radiosite\/affaire-des-sondages-de-lelysee-lex-secretaire-general-de-lelysee-claude-gueant-declare-coupable-de-favoritisme-condamne-a-un-an-de-prison-dont-4-mois-avec-sursis\/","title":{"rendered":"Affaire des sondages de l\u2019Elys\u00e9e : L\u2019ex-secr\u00e9taire g\u00e9n\u00e9ral de l\u2019Elys\u00e9e Claude Gu\u00e9ant, d\u00e9clar\u00e9 coupable de favoritisme, condamn\u00e9 \u00e0 un an de prison, dont 4 mois avec sursis"},"content":{"rendered":"\n<p>L&rsquo;ancien secr\u00e9taire g\u00e9n\u00e9ral de la pr\u00e9sidence sous Nicolas Sarkozy, Claude Gu\u00e9ant, actuellement emprisonn\u00e9 du fait d&rsquo;une pr\u00e9c\u00e9dente condamnation, s&rsquo;est vu infliger vendredi un an de prison dont 8 mois ferme, avec un mandat de d\u00e9p\u00f4t diff\u00e9r\u00e9, dans l&rsquo;affaire des sondages de l&rsquo;Elys\u00e9e. Patrick Buisson, alors proche conseiller du chef de l&rsquo;Etat, a \u00e9t\u00e9 condamn\u00e9 \u00e0 deux ans de prison avec sursis ainsi que 150.000 euros d&rsquo;amende et l&rsquo;ex-sondeur Pierre Giacometti \u00e0 6 mois avec sursis et 70.000 euros d&rsquo;amende.<\/p>\n\n\n\n<p>A l&rsquo;\u00e9poque directrice de cabinet, Emmanuelle Mignon a \u00e9t\u00e9 sanctionn\u00e9e de 6 mois avec sursis. En revanche, l&rsquo;ancien charg\u00e9 de l&rsquo;opinion Julien Vaulpr\u00e9 a \u00e9t\u00e9 relax\u00e9.\u00a0 Il est\u00a0d\u00e9j\u00e0 incarc\u00e9r\u00e9 depuis le 13 d\u00e9cembre\u00a0\u00e0 la prison de la Sant\u00e9, la justice ayant estim\u00e9 qu&rsquo;il ne r\u00e9glait pas dans les temps les sommes qu&rsquo;il a \u00e9t\u00e9 condamn\u00e9 \u00e0 payer dans l&rsquo;affaire des primes en liquide du minist\u00e8re de l&rsquo;Int\u00e9rieur.<\/p>\n\n\n\n<p>Premi\u00e8re pour un ancien locataire de Beauvau, Claude Gu\u00e9ant a \u00e9t\u00e9 \u00e9crou\u00e9 le 13 d\u00e9cembre. La cour d&rsquo;appel de Paris a estim\u00e9 d\u00e9but novembre qu&rsquo;il ne r\u00e9glait pas dans les temps l&rsquo;amende et les dommages et int\u00e9r\u00eats qu&rsquo;il s&rsquo;est vu infliger en 2017 dans l&rsquo;affaire des primes en liquide du minist\u00e8re de l&rsquo;Int\u00e9rieur. Il a fait une demande de remise en libert\u00e9 qui a \u00e9t\u00e9 examin\u00e9e mercredi et sera tranch\u00e9e le 7 f\u00e9vrier.<\/p>\n\n\n\n<p>Ce pass\u00e9 judiciaire a t\u00e9lescop\u00e9 le proc\u00e8s des sondages de l\u2019\u00c9lys\u00e9e, qui s&rsquo;est d\u00e9roul\u00e9 en octobre et novembre, entra\u00eenant une r\u00e9ouverture rarissime des d\u00e9bats, plus de trois semaines apr\u00e8s la fin des audiences. Il a aussi conduit le parquet national financier (PNF) \u00e0 alourdir ses r\u00e9quisitions contre Claude Gu\u00e9ant: estimant qu&rsquo;il ne \u00ab\u00a0respecte pas les d\u00e9cisions de justice\u00a0\u00bb, l&rsquo;accusation a demand\u00e9 un an d&#8217;emprisonnement, contre six mois auparavant, ainsi que 10.000 euros d&rsquo;amende pour favoritisme et d\u00e9tournement de fonds publics par n\u00e9gligence.<\/p>\n","protected":false},"excerpt":{"rendered":"<p>L&rsquo;ancien secr\u00e9taire g\u00e9n\u00e9ral de la pr\u00e9sidence sous Nicolas Sarkozy, Claude Gu\u00e9ant, actuellement emprisonn\u00e9 du fait d&rsquo;une pr\u00e9c\u00e9dente condamnation, s&rsquo;est vu infliger vendredi un an de prison dont 8 mois ferme, avec un mandat de d\u00e9p\u00f4t diff\u00e9r\u00e9, dans l&rsquo;affaire des sondages de l&rsquo;Elys\u00e9e. Patrick Buisson, alors proche conseiller du chef de l&rsquo;Etat, a \u00e9t\u00e9 condamn\u00e9 \u00e0 [&hellip;]<\/p>\n","protected":false},"author":2,"featured_media":20169,"comment_status":"open","ping_status":"open","sticky":false,"template":"","format":"standard","meta":{"_jetpack_memberships_contains_paid_content":false,"footnotes":"","jetpack_publicize_message":"","jetpack_publicize_feature_enabled":true,"jetpack_social_post_already_shared":true,"jetpack_social_options":{"image_generator_settings":{"template":"highway","default_image_id":0,"font":"","enabled":false},"version":2},"_wpas_customize_per_network":false},"categories":[405],"tags":[],"class_list":["post-20168","post","type-post","status-publish","format-standard","has-post-thumbnail","hentry","category-actu-france-monde"],"jetpack_publicize_connections":[],"jetpack_featured_media_url":"https:\/\/i0.wp.com\/www.iceagetv.com\/radiosite\/wp-content\/uploads\/2022\/01\/Affaire-des-sondages-de-lElysee.jpg?fit=680%2C294&ssl=1","jetpack_sharing_enabled":true,"_links":{"self":[{"href":"https:\/\/www.iceagetv.com\/radiosite\/wp-json\/wp\/v2\/posts\/20168","targetHints":{"allow":["GET"]}}],"collection":[{"href":"https:\/\/www.iceagetv.com\/radiosite\/wp-json\/wp\/v2\/posts"}],"about":[{"href":"https:\/\/www.iceagetv.com\/radiosite\/wp-json\/wp\/v2\/types\/post"}],"author":[{"embeddable":true,"href":"https:\/\/www.iceagetv.com\/radiosite\/wp-json\/wp\/v2\/users\/2"}],"replies":[{"embeddable":true,"href":"https:\/\/www.iceagetv.com\/radiosite\/wp-json\/wp\/v2\/comments?post=20168"}],"version-history":[{"count":1,"href":"https:\/\/www.iceagetv.com\/radiosite\/wp-json\/wp\/v2\/posts\/20168\/revisions"}],"predecessor-version":[{"id":20170,"href":"https:\/\/www.iceagetv.com\/radiosite\/wp-json\/wp\/v2\/posts\/20168\/revisions\/20170"}],"wp:featuredmedia":[{"embeddable":true,"href":"https:\/\/www.iceagetv.com\/radiosite\/wp-json\/wp\/v2\/media\/20169"}],"wp:attachment":[{"href":"https:\/\/www.iceagetv.com\/radiosite\/wp-json\/wp\/v2\/media?parent=20168"}],"wp:term":[{"taxonomy":"category","embeddable":true,"href":"https:\/\/www.iceagetv.com\/radiosite\/wp-json\/wp\/v2\/categories?post=20168"},{"taxonomy":"post_tag","embeddable":true,"href":"https:\/\/www.iceagetv.com\/radiosite\/wp-json\/wp\/v2\/tags?post=20168"}],"curies":[{"name":"wp","href":"https:\/\/api.w.org\/{rel}","templated":true}]}}