{"id":20179,"date":"2022-01-22T17:27:28","date_gmt":"2022-01-22T17:27:28","guid":{"rendered":"http:\/\/www.iceagetv.com\/radiosite\/?p=20179"},"modified":"2022-01-22T17:27:28","modified_gmt":"2022-01-22T17:27:28","slug":"urgent-le-corps-de-laventurier-francais-jean-jacques-savin-parti-le-1er-janvier-pour-traverser-latlantique-a-la-rame-a-ete-retrouve-dans-son-bateau","status":"publish","type":"post","link":"https:\/\/www.iceagetv.com\/radiosite\/urgent-le-corps-de-laventurier-francais-jean-jacques-savin-parti-le-1er-janvier-pour-traverser-latlantique-a-la-rame-a-ete-retrouve-dans-son-bateau\/","title":{"rendered":"URGENT : Le corps de l\u2019aventurier Fran\u00e7ais Jean-Jacques Savin, parti le 1er janvier pour traverser l\u2019Atlantique \u00e0 la rame, a \u00e9t\u00e9 retrouv\u00e9 dans son bateau"},"content":{"rendered":"\n<p><strong>Selon Sud Ouest, le corps de Jean-Jacques Savin retrouv\u00e9 \u00e0 l\u2019int\u00e9rieur de son bateau. Son bateau avait \u00e9t\u00e9 rep\u00e9r\u00e9 hier par les secours de la marine portugaise. Mais aucun plongeur n\u2019avait pu descendre \u00e0 bord. Ce samedi, la m\u00e9t\u00e9o \u00e9tait meilleure et les secours ont pu visiter le bateau retourn\u00e9. C\u2019est \u00e0 l\u2019int\u00e9rieur de la cabine qu\u2019ils ont retrouv\u00e9 le corps sans vie de Jean-Jacques Savin.<\/strong><\/p>\n\n\n\n<p>Vendredi, l\u2019aventurier Jean-Jacques Savin, 75 ans, parti le 1er janvier pour traverser l\u2019Atlantique \u00e0 la rame, a d\u00e9clench\u00e9 ses balises de d\u00e9tresse. Depuis, son \u00e9quipe attend un signe de lui. \u00ab Malheureusement, depuis 00h34 (vendredi) matin, nous n\u2019avons plus aucun contact ni aucune manifestation de sa part \u00bb, indique-t-elle ce samedi. \u00ab Notre inqui\u00e9tude est grande \u00bb, confie l\u2019\u00e9quipe, qui pr\u00e9cise que l\u2019aventurier, habitu\u00e9 des d\u00e9fis de taille, a d\u00e9clench\u00e9 \u00ab ses deux balises de d\u00e9tresse nous indiquant \u00eatre en grande difficult\u00e9 \u00bb.<\/p>\n\n\n\n<p>Nous sommes bien s\u00fbr tr\u00e8s inquiets \u00bb, ajoute Manon, la fille de Jean-Jacques Savin qui pr\u00e9cise, dans un texte destin\u00e9 \u00e0 ses amis et \u00e0 l\u2019AFP, que \u00ab tout a \u00e9t\u00e9 mis imm\u00e9diatement en \u0153uvre en coordination avec les services de secours en mer fran\u00e7ais, portugais et am\u00e9ricains \u00bb.<\/p>\n\n\n\n<p>L\u2019\u00e9quipe de Jean-Jacques Savin est notamment en contact avec le CROSS Gris-Nez (Pas-de-Calais), en charge des secours en mer des marins fran\u00e7ais.<\/p>\n\n\n\n<p>Selon le responsable de la communication de l\u2019\u00e9quipe de b\u00e9n\u00e9voles, le navigateur se trouvait au moment des derniers contacts, au large du nord de Mad\u00e8re et faisait route vers la petite \u00eele de Ponta Delgada, dans l\u2019archipel des A\u00e7ores, pour r\u00e9parer.<\/p>\n\n\n\n<p>Apr\u00e8s avoir \u00e9t\u00e9 d\u00e9rout\u00e9 en raison de mauvais vents et avoir consid\u00e9rablement rallong\u00e9 son parcours pr\u00e9vu, le septuag\u00e9naire rencontrait de graves probl\u00e8mes avec des pannes de batteries \u00e9lectriques et de capteurs solaires.<\/p>\n\n\n\n<p>Habitant d\u2019Ar\u00e8s sur le bassin d\u2019Arcachon, Jean-Jacques Savin avait quitt\u00e9 Sagres (sud du Portugal) le 1er janvier pour tenter de traverser l\u2019Atlantique \u00e0 la rame en canot et devenir \u00ab le doyen de l\u2019Atlantique<\/p>\n","protected":false},"excerpt":{"rendered":"<p>Selon Sud Ouest, le corps de Jean-Jacques Savin retrouv\u00e9 \u00e0 l\u2019int\u00e9rieur de son bateau. Son bateau avait \u00e9t\u00e9 rep\u00e9r\u00e9 hier par les secours de la marine portugaise. Mais aucun plongeur n\u2019avait pu descendre \u00e0 bord. Ce samedi, la m\u00e9t\u00e9o \u00e9tait meilleure et les secours ont pu visiter le bateau retourn\u00e9. C\u2019est \u00e0 l\u2019int\u00e9rieur de la [&hellip;]<\/p>\n","protected":false},"author":2,"featured_media":20180,"comment_status":"open","ping_status":"open","sticky":false,"template":"","format":"standard","meta":{"_jetpack_memberships_contains_paid_content":false,"footnotes":"","jetpack_publicize_message":"","jetpack_publicize_feature_enabled":true,"jetpack_social_post_already_shared":true,"jetpack_social_options":{"image_generator_settings":{"template":"highway","default_image_id":0,"font":"","enabled":false},"version":2},"_wpas_customize_per_network":false},"categories":[405],"tags":[],"class_list":["post-20179","post","type-post","status-publish","format-standard","has-post-thumbnail","hentry","category-actu-france-monde"],"jetpack_publicize_connections":[],"jetpack_featured_media_url":"https:\/\/i0.wp.com\/www.iceagetv.com\/radiosite\/wp-content\/uploads\/2022\/01\/Le-corps-de-laventurier-Francais-Jean-Jacques-Savin.jpg?fit=680%2C294&ssl=1","jetpack_sharing_enabled":true,"_links":{"self":[{"href":"https:\/\/www.iceagetv.com\/radiosite\/wp-json\/wp\/v2\/posts\/20179","targetHints":{"allow":["GET"]}}],"collection":[{"href":"https:\/\/www.iceagetv.com\/radiosite\/wp-json\/wp\/v2\/posts"}],"about":[{"href":"https:\/\/www.iceagetv.com\/radiosite\/wp-json\/wp\/v2\/types\/post"}],"author":[{"embeddable":true,"href":"https:\/\/www.iceagetv.com\/radiosite\/wp-json\/wp\/v2\/users\/2"}],"replies":[{"embeddable":true,"href":"https:\/\/www.iceagetv.com\/radiosite\/wp-json\/wp\/v2\/comments?post=20179"}],"version-history":[{"count":1,"href":"https:\/\/www.iceagetv.com\/radiosite\/wp-json\/wp\/v2\/posts\/20179\/revisions"}],"predecessor-version":[{"id":20181,"href":"https:\/\/www.iceagetv.com\/radiosite\/wp-json\/wp\/v2\/posts\/20179\/revisions\/20181"}],"wp:featuredmedia":[{"embeddable":true,"href":"https:\/\/www.iceagetv.com\/radiosite\/wp-json\/wp\/v2\/media\/20180"}],"wp:attachment":[{"href":"https:\/\/www.iceagetv.com\/radiosite\/wp-json\/wp\/v2\/media?parent=20179"}],"wp:term":[{"taxonomy":"category","embeddable":true,"href":"https:\/\/www.iceagetv.com\/radiosite\/wp-json\/wp\/v2\/categories?post=20179"},{"taxonomy":"post_tag","embeddable":true,"href":"https:\/\/www.iceagetv.com\/radiosite\/wp-json\/wp\/v2\/tags?post=20179"}],"curies":[{"name":"wp","href":"https:\/\/api.w.org\/{rel}","templated":true}]}}