{"id":20191,"date":"2022-01-24T05:05:10","date_gmt":"2022-01-24T05:05:10","guid":{"rendered":"http:\/\/www.iceagetv.com\/radiosite\/?p=20191"},"modified":"2022-01-24T05:05:10","modified_gmt":"2022-01-24T05:05:10","slug":"la-marine-portugaise-reconnait-ce-soir-une-erreur-le-corps-de-jean-jacques-savin-laventurier-qui-avait-entame-la-traversee-de-latlantique-na-pas-ete-retrouve-il-est-donc-toujours-porte-di","status":"publish","type":"post","link":"https:\/\/www.iceagetv.com\/radiosite\/la-marine-portugaise-reconnait-ce-soir-une-erreur-le-corps-de-jean-jacques-savin-laventurier-qui-avait-entame-la-traversee-de-latlantique-na-pas-ete-retrouve-il-est-donc-toujours-porte-di\/","title":{"rendered":"La marine portugaise reconna\u00eet ce soir une erreur : le corps de Jean-Jacques Savin, l&rsquo;aventurier qui avait entam\u00e9 la travers\u00e9e de l&rsquo;Atlantique n&rsquo;a pas \u00e9t\u00e9 retrouv\u00e9 &#8211; Il est donc toujours \u00ab\u00a0port\u00e9 disparu\u00a0\u00bb"},"content":{"rendered":"\n<p><strong>Pr\u00e9cision ce soir de la marine portugaise : le corps de Jean-Jacques Savin, l&rsquo;aventurier qui avait entam\u00e9 la travers\u00e9e de l&rsquo;Atlantique \u00e0 la rame d\u00e9but janvier, n&rsquo;a pas \u00e9t\u00e9 retrouv\u00e9 dans son embarcation. \u00ab\u00a0Les recherches se sont termin\u00e9es hier en fin de journ\u00e9e (samedi) sans qu&rsquo;il ait \u00e9t\u00e9 possible de retrouver la victime\u00a0\u00bb, \u00e9crit la marine portugaise dans un communiqu\u00e9.&nbsp;<\/strong>Interrog\u00e9e par l\u2019AFP, une porte-parole de la marine a expliqu\u00e9 qu\u2019au cours de l\u2019op\u00e9ration de sauvetage les secouristes avaient eu \u00ab des raisons fortes de croire qu\u2019un corps pouvait se trouver \u00e0 l\u2019int\u00e9rieur \u00bb de la cabine du canot L\u2019Audacieux.<\/p>\n\n\n\n<p>La \u00ab\u00a0s\u00e9curit\u00e9 maritime portugaise avait localis\u00e9 hier (vendredi) le bateau malheureusement retourn\u00e9 au large des A\u00e7ores. Un plongeur a pu descendre et visiter l&#8217;embarcation ce samedi\u00a0\u00bb, pr\u00e9cise le texte soulignant que \u00ab\u00a0l&rsquo;oc\u00e9an a cette fois-ci \u00e9t\u00e9 plus fort que notre ami, lui qui aimait tant la navigation et la mer<\/p>\n\n\n\n<p>L\u2019\u00e9quipe indique aussi qu\u2019elle ne conna\u00eet \u00ab\u00a0pas encore les circonstances exactes du drame\u00a0\u00bb. Le navigateur, qui s&rsquo;\u00e9tait fait conna\u00eetre en traversant l&rsquo;Atlantique dans un tonneau en 2019, pouss\u00e9 par les vents et les courants, suscitait depuis vendredi matin l&rsquo;inqui\u00e9tude de ses proches.<\/p>\n","protected":false},"excerpt":{"rendered":"<p>Pr\u00e9cision ce soir de la marine portugaise : le corps de Jean-Jacques Savin, l&rsquo;aventurier qui avait entam\u00e9 la travers\u00e9e de l&rsquo;Atlantique \u00e0 la rame d\u00e9but janvier, n&rsquo;a pas \u00e9t\u00e9 retrouv\u00e9 dans son embarcation. \u00ab\u00a0Les recherches se sont termin\u00e9es hier en fin de journ\u00e9e (samedi) sans qu&rsquo;il ait \u00e9t\u00e9 possible de retrouver la victime\u00a0\u00bb, \u00e9crit la [&hellip;]<\/p>\n","protected":false},"author":2,"featured_media":20180,"comment_status":"open","ping_status":"open","sticky":false,"template":"","format":"standard","meta":{"_jetpack_memberships_contains_paid_content":false,"footnotes":"","jetpack_publicize_message":"","jetpack_publicize_feature_enabled":true,"jetpack_social_post_already_shared":true,"jetpack_social_options":{"image_generator_settings":{"template":"highway","default_image_id":0,"font":"","enabled":false},"version":2},"_wpas_customize_per_network":false},"categories":[405],"tags":[],"class_list":["post-20191","post","type-post","status-publish","format-standard","has-post-thumbnail","hentry","category-actu-france-monde"],"jetpack_publicize_connections":[],"jetpack_featured_media_url":"https:\/\/i0.wp.com\/www.iceagetv.com\/radiosite\/wp-content\/uploads\/2022\/01\/Le-corps-de-laventurier-Francais-Jean-Jacques-Savin.jpg?fit=680%2C294&ssl=1","jetpack_sharing_enabled":true,"_links":{"self":[{"href":"https:\/\/www.iceagetv.com\/radiosite\/wp-json\/wp\/v2\/posts\/20191","targetHints":{"allow":["GET"]}}],"collection":[{"href":"https:\/\/www.iceagetv.com\/radiosite\/wp-json\/wp\/v2\/posts"}],"about":[{"href":"https:\/\/www.iceagetv.com\/radiosite\/wp-json\/wp\/v2\/types\/post"}],"author":[{"embeddable":true,"href":"https:\/\/www.iceagetv.com\/radiosite\/wp-json\/wp\/v2\/users\/2"}],"replies":[{"embeddable":true,"href":"https:\/\/www.iceagetv.com\/radiosite\/wp-json\/wp\/v2\/comments?post=20191"}],"version-history":[{"count":1,"href":"https:\/\/www.iceagetv.com\/radiosite\/wp-json\/wp\/v2\/posts\/20191\/revisions"}],"predecessor-version":[{"id":20192,"href":"https:\/\/www.iceagetv.com\/radiosite\/wp-json\/wp\/v2\/posts\/20191\/revisions\/20192"}],"wp:featuredmedia":[{"embeddable":true,"href":"https:\/\/www.iceagetv.com\/radiosite\/wp-json\/wp\/v2\/media\/20180"}],"wp:attachment":[{"href":"https:\/\/www.iceagetv.com\/radiosite\/wp-json\/wp\/v2\/media?parent=20191"}],"wp:term":[{"taxonomy":"category","embeddable":true,"href":"https:\/\/www.iceagetv.com\/radiosite\/wp-json\/wp\/v2\/categories?post=20191"},{"taxonomy":"post_tag","embeddable":true,"href":"https:\/\/www.iceagetv.com\/radiosite\/wp-json\/wp\/v2\/tags?post=20191"}],"curies":[{"name":"wp","href":"https:\/\/api.w.org\/{rel}","templated":true}]}}