{"id":20204,"date":"2022-01-24T16:48:37","date_gmt":"2022-01-24T16:48:37","guid":{"rendered":"http:\/\/www.iceagetv.com\/radiosite\/?p=20204"},"modified":"2022-01-24T16:48:37","modified_gmt":"2022-01-24T16:48:37","slug":"pass-vaccinal-qui-nest-pas-concerne-par-son-entree-en-vigueur","status":"publish","type":"post","link":"https:\/\/www.iceagetv.com\/radiosite\/pass-vaccinal-qui-nest-pas-concerne-par-son-entree-en-vigueur\/","title":{"rendered":"PASS VACCINAL: QUI N&rsquo;EST PAS CONCERN\u00c9 PAR SON ENTR\u00c9E EN VIGUEUR?"},"content":{"rendered":"\n<p>Les Fran\u00e7ais pouvant justifier d&rsquo;une r\u00e9cente contamination au Covid-19 font partie de la liste de ceux qui pourront continuer \u00e0 se rendre dans les lieux de loisirs sans sch\u00e9ma vaccinal complet.<\/p>\n\n\n\n<p>Le&nbsp;<a href=\"https:\/\/www.bfmtv.com\/sante\/ce-qui-va-changer-lundi-avec-l-entree-en-vigueur-du-pass-vaccinal_AV-202201210288.html\">pass vaccinal&nbsp;<\/a>entre en vigueur ce lundi. D\u00e9sormais indispensable pour se rendre au cin\u00e9ma ou au restaurant, ce document risque de compliquer la vie quotidienne des 20% de Fran\u00e7ais ne disposant pas d&rsquo;un sch\u00e9ma vaccinal complet malgr\u00e9 leur \u00e9ligibilit\u00e9.<\/p>\n\n\n\n<p>Parmi ces derniers, une minorit\u00e9 peut n\u00e9anmoins toujours aspirer \u00e0 un semblant de normalit\u00e9. Car le\u00a0<a rel=\"noreferrer noopener\" href=\"https:\/\/www.legifrance.gouv.fr\/jorf\/id\/JORFTEXT000045062855\" target=\"_blank\">projet de loi<\/a>\u00a0actant la transformation du pass sanitaire en pass vaccinal dresse une liste d&rsquo;exemptions. BFMTV.com dresse la liste des profils pouvant disposer du pr\u00e9cieux s\u00e9same sans passer, ou en partie, par la case vaccination.<\/p>\n\n\n\n<h2 class=\"wp-block-heading\">Ceux pouvant t\u00e9moigner d&rsquo;une contamination r\u00e9cente au Covid-19<\/h2>\n\n\n\n<p>C&rsquo;est une disposition qui \u00e9tait d\u00e9j\u00e0 pr\u00e9sente au sein du pass sanitaire. \u00c0 partir de ce lundi, et malgr\u00e9 l&rsquo;entr\u00e9e en vigueur du pass vaccinal, les personnes pouvant justifier d&rsquo;une infection r\u00e9cente au Covid-19 pourront toujours avoir acc\u00e8s aux lieux o\u00f9 l&rsquo;entr\u00e9e est d\u00e9sormais conditionn\u00e9e \u00e0 la pr\u00e9sentation d&rsquo;un sch\u00e9ma vaccinal complet.<\/p>\n\n\n\n<p>Le&nbsp;<a href=\"https:\/\/www.legifrance.gouv.fr\/jorf\/id\/JORFTEXT000045063068\" target=\"_blank\" rel=\"noreferrer noopener\">d\u00e9cret d&rsquo;application<\/a>&nbsp;paru au Journal officiel ce dimanche \u00e9tablit que lorsqu&rsquo;un pass vaccinal ne peut \u00eatre pr\u00e9sent\u00e9, l&rsquo;entr\u00e9e est refus\u00e9e, \u00ab\u00a0sauf pour les personnes b\u00e9n\u00e9ficiant d&rsquo;un certificat de r\u00e9tablissement\u00a0\u00bb. Ce dernier est valide 11 jours apr\u00e8s la r\u00e9ception d&rsquo;un test de d\u00e9pistage positif au Covid-19. Cette d\u00e9rogation est n\u00e9anmoins limit\u00e9e dans le temps, puisqu&rsquo;elle se limite \u00e0 six mois.<\/p>\n\n\n\n<p>Les personnes vaccin\u00e9es n&rsquo;ayant pas r\u00e9alis\u00e9 leur dose de rappel sept mois apr\u00e8s la fin de leur premier cycle vaccinal, comme il est dor\u00e9navant exig\u00e9, peuvent \u00e9galement voir leur pass vaccinal prolong\u00e9 si elles contractent le Covid-19. Cette prolongation est de sept mois \u00e0 partir de la date d&rsquo;infection.<\/p>\n\n\n\n<h2 class=\"wp-block-heading\">\u2022 Ceux disposant d&rsquo;une exemption m\u00e9dicale<\/h2>\n\n\n\n<p>Le gouvernement a \u00e9galement d\u00e9cid\u00e9 de dispenser de pass vaccinal les personnes pr\u00e9sentant\u00a0<a href=\"https:\/\/www.bfmtv.com\/sante\/covid-19-quels-sont-les-contre-indications-a-la-vaccination-permettant-d-obtenir-le-pass-sanitaire_AN-202108080123.html\">une contre-indication \u00e0 la vaccination<\/a>. Une disposition l\u00e0 aussi pr\u00e9cis\u00e9e dans le\u00a0<a rel=\"noreferrer noopener\" href=\"https:\/\/www.legifrance.gouv.fr\/jorf\/id\/JORFTEXT000045063068\" target=\"_blank\">d\u00e9cret d&rsquo;application<\/a>\u00a0paru dimanche.<\/p>\n\n\n\n<blockquote class=\"wp-block-quote is-layout-flow wp-block-quote-is-layout-flow\"><p>\u00c0 d\u00e9faut de pr\u00e9sentation d&rsquo;un tel justificatif, l&rsquo;acc\u00e8s \u00e0 l&rsquo;\u00e9tablissement, au lieu, au service ou \u00e0 l&rsquo;\u00e9v\u00e8nement est refus\u00e9, sauf pour les personnes [&#8230;] justifiant d&rsquo;une contre-indication m\u00e9dicale \u00e0 la vaccination\u00a0\u00bb, d\u00e9taille le texte.<\/p><\/blockquote>\n\n\n\n<p>Pour ce faire, il faut que la contre-indication soit reconnue par la Haute Autorit\u00e9 de sant\u00e9 (HAS). Le site de l&rsquo;Assurance maladie\u00a0<a rel=\"noreferrer noopener\" href=\"https:\/\/www.ameli.fr\/assure\/actualites\/covid-19-dans-quels-cas-la-vaccination-est-elle-contre-indiquee\" target=\"_blank\">rappelle en d\u00e9tail cette liste<\/a>, qui concerne les personnes pr\u00e9sentant un ant\u00e9c\u00e9dent d&rsquo;allergie \u00e0 l&rsquo;un des composants du vaccin, une r\u00e9action anaphylactique de grade 2 au moins apr\u00e8s une premi\u00e8re injection, ou des effets secondaires pr\u00e9cis apr\u00e8s une injection avec AstraZeneca.<\/p>\n\n\n\n<p>Sont \u00e9galement concern\u00e9es les personnes ayant contract\u00e9&nbsp;<a href=\"https:\/\/www.bfmtv.com\/sante\/qu-est-ce-que-le-pims-ce-syndrome-post-covid-qui-touche-les-enfants_AV-202104300299.html\">le syndrome PIMS<\/a>&nbsp;post-infection au Covid ou une myocardite. Et enfin, les personnes dont la contre-indication \u00e9mane d&rsquo;une concertation m\u00e9dicale pluridisciplinaire ou d&rsquo;un centre de r\u00e9f\u00e9rence maladies rares.<\/p>\n\n\n\n<p>Dans tous les cas, pour b\u00e9n\u00e9ficier du pass vaccinal, une personne se trouvant dans cette situation devra demander \u00e0 son m\u00e9decin traitant de remplir un formulaire sp\u00e9cifique, qui sera ensuite transmis \u00e0 l&rsquo;Assurance maladie.<\/p>\n\n\n\n<h2 class=\"wp-block-heading\">\u2022 Les personnes de moins de 16 ans<\/h2>\n\n\n\n<p>Bien que tous les Fran\u00e7ais et Fran\u00e7aises de plus de 5 ans sont \u00e9ligibles \u00e0 la vaccination contre le Covid-19, le pass vaccinal ne concerne&nbsp;<a href=\"https:\/\/www.bfmtv.com\/sante\/pass-vaccinal-vers-une-application-aux-plus-de-16-ans_AD-202201140331.html\">que les personnes de plus de 16 ans<\/a>, comme l&rsquo;\u00e9tablit le projet de loi valid\u00e9 par le Conseil constitutionnel vendredi dernier.<\/p>\n\n\n\n<p>Les plus jeunes pourront ainsi toujours se rendre au cin\u00e9ma ou au restaurant gr\u00e2ce \u00e0 un pass sanitaire, en ayant donc la possibilit\u00e9 de r\u00e9 un test de d\u00e9pistage s&rsquo;ils ne sont pas vaccin\u00e9s.<\/p>\n\n\n\n<p>Lors de l&rsquo;examen du texte au S\u00e9nat,&nbsp;<a href=\"https:\/\/www.bfmtv.com\/sante\/pass-vaccinal-ce-que-contient-le-projet-vote-par-le-senat_AD-202201130034.html\">la chambre haute avait indiqu\u00e9, contre l&rsquo;avis du gouvernement, vouloir r\u00e9server le pass vaccinal uniquement aux personnes majeures<\/a>. Un all\u00e9gement que n&rsquo;a pas retenu l&rsquo;ex\u00e9cutif.<\/p>\n\n\n\n<h2 class=\"wp-block-heading\">\u2022 Les primo-vaccin\u00e9s test\u00e9s avant le 15 f\u00e9vrier<\/h2>\n\n\n\n<p>C&rsquo;est un assouplissement annonc\u00e9 par Jean Castex jeudi dernier, qui a pour but d&rsquo;inciter la primo-vaccination.<\/p>\n\n\n\n<p>Les personnes r\u00e9alisant leur premi\u00e8re injection de vaccin contre le Covid-19&nbsp;<a href=\"https:\/\/www.bfmtv.com\/sante\/pass-vaccinal-jean-castex-annonce-une-exception-pour-les-primo-vaccines-avant-le-15-fevrier_AN-202201200531.html\">avant le 15 f\u00e9vrier pourront ainsi avoir acc\u00e8s \u00e0 un pass vaccinal valide<\/a>, si elles peuvent fournir un test de d\u00e9pistage n\u00e9gatif au Covid-19.<\/p>\n","protected":false},"excerpt":{"rendered":"<p>Les Fran\u00e7ais pouvant justifier d&rsquo;une r\u00e9cente contamination au Covid-19 font partie de la liste de ceux qui pourront continuer \u00e0 se rendre dans les lieux de loisirs sans sch\u00e9ma vaccinal complet. Le&nbsp;pass vaccinal&nbsp;entre en vigueur ce lundi. D\u00e9sormais indispensable pour se rendre au cin\u00e9ma ou au restaurant, ce document risque de compliquer la vie quotidienne [&hellip;]<\/p>\n","protected":false},"author":2,"featured_media":20205,"comment_status":"open","ping_status":"open","sticky":false,"template":"","format":"standard","meta":{"_jetpack_memberships_contains_paid_content":false,"footnotes":"","jetpack_publicize_message":"","jetpack_publicize_feature_enabled":true,"jetpack_social_post_already_shared":true,"jetpack_social_options":{"image_generator_settings":{"template":"highway","default_image_id":0,"font":"","enabled":false},"version":2},"_wpas_customize_per_network":false},"categories":[405],"tags":[],"class_list":["post-20204","post","type-post","status-publish","format-standard","has-post-thumbnail","hentry","category-actu-france-monde"],"jetpack_publicize_connections":[],"jetpack_featured_media_url":"https:\/\/i0.wp.com\/www.iceagetv.com\/radiosite\/wp-content\/uploads\/2022\/01\/Pass-vaccinal.jpg?fit=768%2C432&ssl=1","jetpack_sharing_enabled":true,"_links":{"self":[{"href":"https:\/\/www.iceagetv.com\/radiosite\/wp-json\/wp\/v2\/posts\/20204","targetHints":{"allow":["GET"]}}],"collection":[{"href":"https:\/\/www.iceagetv.com\/radiosite\/wp-json\/wp\/v2\/posts"}],"about":[{"href":"https:\/\/www.iceagetv.com\/radiosite\/wp-json\/wp\/v2\/types\/post"}],"author":[{"embeddable":true,"href":"https:\/\/www.iceagetv.com\/radiosite\/wp-json\/wp\/v2\/users\/2"}],"replies":[{"embeddable":true,"href":"https:\/\/www.iceagetv.com\/radiosite\/wp-json\/wp\/v2\/comments?post=20204"}],"version-history":[{"count":1,"href":"https:\/\/www.iceagetv.com\/radiosite\/wp-json\/wp\/v2\/posts\/20204\/revisions"}],"predecessor-version":[{"id":20206,"href":"https:\/\/www.iceagetv.com\/radiosite\/wp-json\/wp\/v2\/posts\/20204\/revisions\/20206"}],"wp:featuredmedia":[{"embeddable":true,"href":"https:\/\/www.iceagetv.com\/radiosite\/wp-json\/wp\/v2\/media\/20205"}],"wp:attachment":[{"href":"https:\/\/www.iceagetv.com\/radiosite\/wp-json\/wp\/v2\/media?parent=20204"}],"wp:term":[{"taxonomy":"category","embeddable":true,"href":"https:\/\/www.iceagetv.com\/radiosite\/wp-json\/wp\/v2\/categories?post=20204"},{"taxonomy":"post_tag","embeddable":true,"href":"https:\/\/www.iceagetv.com\/radiosite\/wp-json\/wp\/v2\/tags?post=20204"}],"curies":[{"name":"wp","href":"https:\/\/api.w.org\/{rel}","templated":true}]}}