{"id":20207,"date":"2022-01-25T17:20:17","date_gmt":"2022-01-25T17:20:17","guid":{"rendered":"http:\/\/www.iceagetv.com\/radiosite\/?p=20207"},"modified":"2022-01-25T17:20:17","modified_gmt":"2022-01-25T17:20:17","slug":"lappel-a-laide-dun-medecin-aux-urgences-de-lhopital-de-draguignan-qui-ont-du-faute-de-personnel-fermer-la-nuit-aux-candidats-a-lelection-presidentielle-en-france-ne-sacrifiez-pas-le-se","status":"publish","type":"post","link":"https:\/\/www.iceagetv.com\/radiosite\/lappel-a-laide-dun-medecin-aux-urgences-de-lhopital-de-draguignan-qui-ont-du-faute-de-personnel-fermer-la-nuit-aux-candidats-a-lelection-presidentielle-en-france-ne-sacrifiez-pas-le-se\/","title":{"rendered":"L&rsquo;appel \u00e0 l&rsquo;aide d&rsquo;un m\u00e9decin aux urgences de l&rsquo;h\u00f4pital de Draguignan qui ont d\u00fb, faute de personnel, fermer la nuit, aux candidats \u00e0 l&rsquo;\u00e9lection pr\u00e9sidentielle en France: \u00ab\u00a0Ne sacrifiez pas le service public hospitalier!\u00a0\u00bb"},"content":{"rendered":"\n<p>M\u00e9decin aux urgences de l&rsquo;h\u00f4pital de Draguignan (Var) qui ont d\u00fb, faute de personnel, fermer la nuit, Pierre-Emmanuel Lebas lance un cri du coeur aux candidats \u00e0 l&rsquo;\u00e9lection pr\u00e9sidentielle en France: \u00ab\u00a0Ne sacrifiez pas le service public hospitalier!\u00a0\u00bb<\/p>\n\n\n\n<p>A 61 ans, il travaille depuis l&rsquo;\u00e2ge de 26 ans dans le service de sant\u00e9 public, \u00ab\u00a0sans jamais\u00a0\u00bb s&rsquo;arr\u00eater.<\/p>\n\n\n\n<p>Moi, c&rsquo;est mon combat, sauver le syst\u00e8me public. J&rsquo;y suis tr\u00e8s attach\u00e9. Historiquement, c&rsquo;est le service public qui a permis les grandes d\u00e9couvertes\u00a0\u00bb, rappelle-t-il.<\/p>\n\n\n\n<p>\u00ab\u00a0On ne peut pas laisser p\u00e9rir un syst\u00e8me qui a sauv\u00e9 des gens et en sauve encore alors que les failles qu&rsquo;on d\u00e9nonce vont devenir dangereuses pour la population\u00a0\u00bb, ass\u00e8ne en pesant chacun de ses mots le praticien qui re\u00e7oit l&rsquo;AFP au service des urgences de l&rsquo;h\u00f4pital de la Drac\u00e9nie.<\/p>\n\n\n\n<p>Situ\u00e9 dans un d\u00e9partement de la C\u00f4te d&rsquo;Azur, r\u00e9gion pourtant bien dot\u00e9e en structures m\u00e9dicales, ce centre hospitalier de l&rsquo;arri\u00e8re-pays couvre les besoins en soins d&rsquo;un bassin de 100.000 habitants.<\/p>\n\n\n\n<p>En cet apr\u00e8s-midi de janvier, Pierre-Emmanuel Lebas accueille aux urgences un ma\u00e7on tomb\u00e9 d&rsquo;un \u00e9chafaudage, un homme souffrant d&rsquo;insuffisance cardiaque ou une petite fille qui colorie un ballon gonflable avec une infirmi\u00e8re en attendant sa m\u00e8re.<\/p>\n\n\n\n<p>\u00ab\u00a0Sa maman, qui a subi des coups, est en consultation avec le m\u00e9decin l\u00e9giste\u00a0\u00bb, chuchote le m\u00e9decin, pour qui \u00ab\u00a0il n&rsquo;y a que dans le public qu&rsquo;on prend en charge ce genre de cas\u00a0\u00bb.<\/p>\n\n\n\n<p>Mais \u00e0 sept ans de la retraite, le Dr Lebas s&rsquo;inqui\u00e8te de \u00ab\u00a0peut-\u00eatre commencer \u00e0 voir des services ferm\u00e9s et redistribu\u00e9s vers le priv\u00e9\u00a0\u00bb.<\/p>\n\n\n\n<p>En octobre, il s&rsquo;est \u00e9lev\u00e9 contre la fermeture nocturne, entre 20h30 et 8h30, des urgences de l&rsquo;h\u00f4pital de Draguignan.<\/p>\n\n\n\n<p>Face \u00e0 la p\u00e9nurie de praticiens, \u00ab\u00a0le quotidien \u00e9tait devenu tr\u00e8s compliqu\u00e9\u00a0\u00bb, t\u00e9moigne-t-il.<\/p>\n\n\n\n<p>Si une vingtaine de postes de praticiens temps plein sont budg\u00e9t\u00e9s, \u00ab\u00a0on n&rsquo;\u00e9tait jusqu&rsquo;\u00e0 r\u00e9cemment que six m\u00e9decins urgentistes\u00a0\u00bb.<\/p>\n\n\n\n<p>\u00ab\u00a0Cela nous a amen\u00e9 \u00e0 travailler pendant pr\u00e8s de deux ans entre 80 et 100 heures par semaine et \u00e0 diff\u00e9rer nos vacances\u00a0\u00bb, remarque-t-il, ajoutant qu&rsquo;aucun des m\u00e9decins n&rsquo;a pu prendre de cong\u00e9s \u00e0 No\u00ebl.<\/p>\n\n\n\n<p>Cette carri\u00e8re qui lui a offert \u00ab\u00a0des moments fabuleux\u00a0\u00bb l&rsquo;a aussi forc\u00e9 \u00e0 mettre de c\u00f4t\u00e9 ses passions, comme la course automobile. Elle a aussi eu un co\u00fbt sur sa vie familiale: \u00ab\u00a0Oui, il y a eu des sacrifices&#8230; Je n&rsquo;ai pas vu mon fils grandir\u00a0\u00bb.<\/p>\n\n\n\n<p>\u00ab\u00a0On vient de recruter deux personnes mais on ne peut pas rouvrir 24h\/24 sans \u00eatre aux alentours de 12 \u00e0 13 praticiens\u00a0\u00bb, explique-t-il.<\/p>\n\n\n\n<p>Alors, il a fallu fermer la nuit. Au-del\u00e0 de 20h30, les urgences n&rsquo;acceptent plus que les malades \u00ab\u00a0qui ne peuvent pas \u00eatre transf\u00e9r\u00e9s\u00a0\u00bb.<\/p>\n\n\n\n<p>En dehors des urgences vitales, obst\u00e9tricales, psychiatriques et de l&rsquo;accueil des femmes et des enfants victimes de violences, ceux qui \u00ab\u00a0peuvent attendre\u00a0\u00bb doivent se rendre en pleine nuit \u00e0 Brignoles, Fr\u00e9jus ou Toulon, des villes \u00e0 des dizaines de kilom\u00e8tres ou consulter le lendemain.<\/p>\n\n\n\n<p>\u00ab\u00a0Il n&rsquo;y a pas eu \u00e0 ce jour de patient ayant \u00e9t\u00e9 redirig\u00e9 sur Fr\u00e9jus ou Brignoles \u00e9tant arriv\u00e9 \u00e0 ces destinations dans un \u00e9tat grave, cela gr\u00e2ce \u00e0 un tri tr\u00e8s rigoureux\u00a0\u00bb, confie M. Lebas, mais \u00ab\u00a0l&rsquo;\u00e9cueil est n\u00e9anmoins pour la population la plus \u00e9loign\u00e9e de Draguignan\u00a0\u00bb et vivant dans cette r\u00e9gion.<\/p>\n\n\n\n<p>Cette fermeture de nuit \u00ab\u00a0est un \u00e9chec pour nous qui sommes la deuxi\u00e8me g\u00e9n\u00e9ration \u00e0 avoir cr\u00e9\u00e9 les services d&rsquo;urgence. On ne peut pas admettre que pour des raisons budg\u00e9taires et peut-\u00eatre plus ou moins id\u00e9ologiques on puisse d\u00e9truire ce syst\u00e8me\u00a0\u00bb, d\u00e9plore Pierre-Emmanuel Lebas.<\/p>\n\n\n\n<p>D&rsquo;autant qu&rsquo;il voit des solutions: \u00ab\u00a0Les jeunes m\u00e9decins qui souhaitent s&rsquo;installer comme g\u00e9n\u00e9ralistes pourraient d\u00e9marrer obligatoirement par un mi-temps salari\u00e9 de cinq ans en m\u00e9decine de ville et un mi-temps \u00e0 l&rsquo;h\u00f4pital\u00a0\u00bb.<\/p>\n\n\n\n<p>Il d\u00e9nonce aussi le numerus clausus &#8212; ce syst\u00e8me qui limite le nombre d&rsquo;\u00e9tudiants &#8212; qui a \u00e9t\u00e9 \u00ab\u00a0entre guillemets supprim\u00e9\u00a0\u00bb par une r\u00e9forme en 2019 en laissant toutefois les universit\u00e9s fixer elle-m\u00eames leurs capacit\u00e9s d&rsquo;accueil: \u00ab\u00a0c&rsquo;est de la poudre aux yeux\u00a0\u00bb.<\/p>\n\n\n\n<p>Dans la bouche et les programmes des candidats \u00e0 l&rsquo;\u00e9lection pr\u00e9sidentielle, la sant\u00e9 et l&rsquo;h\u00f4pital sont-ils suffisamment abord\u00e9s? \u00ab\u00a0Non\u00a0\u00bb, r\u00e9pond-il sans h\u00e9siter.<\/p>\n\n\n\n<p>Durant cette campagne, \u00ab\u00a0on saupoudre, comme d&rsquo;habitude et je ne cible pas un candidat plut\u00f4t qu&rsquo;un autre\u00a0\u00bb.<\/p>\n","protected":false},"excerpt":{"rendered":"<p>M\u00e9decin aux urgences de l&rsquo;h\u00f4pital de Draguignan (Var) qui ont d\u00fb, faute de personnel, fermer la nuit, Pierre-Emmanuel Lebas lance un cri du coeur aux candidats \u00e0 l&rsquo;\u00e9lection pr\u00e9sidentielle en France: \u00ab\u00a0Ne sacrifiez pas le service public hospitalier!\u00a0\u00bb A 61 ans, il travaille depuis l&rsquo;\u00e2ge de 26 ans dans le service de sant\u00e9 public, \u00ab\u00a0sans [&hellip;]<\/p>\n","protected":false},"author":2,"featured_media":20208,"comment_status":"open","ping_status":"open","sticky":false,"template":"","format":"standard","meta":{"_jetpack_memberships_contains_paid_content":false,"footnotes":"","jetpack_publicize_message":"","jetpack_publicize_feature_enabled":true,"jetpack_social_post_already_shared":true,"jetpack_social_options":{"image_generator_settings":{"template":"highway","default_image_id":0,"font":"","enabled":false},"version":2},"_wpas_customize_per_network":false},"categories":[405],"tags":[],"class_list":["post-20207","post","type-post","status-publish","format-standard","has-post-thumbnail","hentry","category-actu-france-monde"],"jetpack_publicize_connections":[],"jetpack_featured_media_url":"https:\/\/i0.wp.com\/www.iceagetv.com\/radiosite\/wp-content\/uploads\/2022\/01\/Lappel-a-laide-dun-medecin-aux-urgences-de-lhopital-de-Draguignan.jpg?fit=680%2C294&ssl=1","jetpack_sharing_enabled":true,"_links":{"self":[{"href":"https:\/\/www.iceagetv.com\/radiosite\/wp-json\/wp\/v2\/posts\/20207","targetHints":{"allow":["GET"]}}],"collection":[{"href":"https:\/\/www.iceagetv.com\/radiosite\/wp-json\/wp\/v2\/posts"}],"about":[{"href":"https:\/\/www.iceagetv.com\/radiosite\/wp-json\/wp\/v2\/types\/post"}],"author":[{"embeddable":true,"href":"https:\/\/www.iceagetv.com\/radiosite\/wp-json\/wp\/v2\/users\/2"}],"replies":[{"embeddable":true,"href":"https:\/\/www.iceagetv.com\/radiosite\/wp-json\/wp\/v2\/comments?post=20207"}],"version-history":[{"count":1,"href":"https:\/\/www.iceagetv.com\/radiosite\/wp-json\/wp\/v2\/posts\/20207\/revisions"}],"predecessor-version":[{"id":20209,"href":"https:\/\/www.iceagetv.com\/radiosite\/wp-json\/wp\/v2\/posts\/20207\/revisions\/20209"}],"wp:featuredmedia":[{"embeddable":true,"href":"https:\/\/www.iceagetv.com\/radiosite\/wp-json\/wp\/v2\/media\/20208"}],"wp:attachment":[{"href":"https:\/\/www.iceagetv.com\/radiosite\/wp-json\/wp\/v2\/media?parent=20207"}],"wp:term":[{"taxonomy":"category","embeddable":true,"href":"https:\/\/www.iceagetv.com\/radiosite\/wp-json\/wp\/v2\/categories?post=20207"},{"taxonomy":"post_tag","embeddable":true,"href":"https:\/\/www.iceagetv.com\/radiosite\/wp-json\/wp\/v2\/tags?post=20207"}],"curies":[{"name":"wp","href":"https:\/\/api.w.org\/{rel}","templated":true}]}}