{"id":20210,"date":"2022-01-25T17:23:23","date_gmt":"2022-01-25T17:23:23","guid":{"rendered":"http:\/\/www.iceagetv.com\/radiosite\/?p=20210"},"modified":"2022-01-25T17:23:23","modified_gmt":"2022-01-25T17:23:23","slug":"variant-ba-2-contagiosite-dangerosite-recontamination-tout-savoir-sur-le-petit-cousin-domicron","status":"publish","type":"post","link":"https:\/\/www.iceagetv.com\/radiosite\/variant-ba-2-contagiosite-dangerosite-recontamination-tout-savoir-sur-le-petit-cousin-domicron\/","title":{"rendered":"Variant BA.2 : contagiosit\u00e9, dangerosit\u00e9, recontamination&#8230; tout savoir sur le \u00ab\u00a0petit-cousin\u00a0\u00bb d&rsquo;Omicron"},"content":{"rendered":"\n<p>Longuement \u00e9voqu\u00e9 par le Pr Delfraissy et le ministre de la Sant\u00e9 Olivier V\u00e9ran ce mardi 25 janvier, le sous-variant BA.2 est au c\u0153ur de toutes les attentions en France et en Europe. Mais que sait-on r\u00e9ellement de lui ? Explications.&nbsp;<\/p>\n\n\n\n<p>D\u00e9sormais majoritaire au Danemark, il a\u00a0<strong>\u00ab\u00a0la couleur, l&rsquo;odeur et le go\u00fbt d&rsquo;Omicron\u00a0\u00bb<\/strong>, mais \u00ab\u00a0n&rsquo;est pas exactement\u00a0\u00bb comme lui, selon le ministre de la Sant\u00e9 qui s&rsquo;est exprim\u00e9 ce mardi 25 janvier sur LCI. \u00ab\u00a0C&rsquo;est Omicron qui a mut\u00e9 [&#8230;] Une mutation sur la prot\u00e9ine (Spike) qui est la cl\u00e9 d&rsquo;entr\u00e9e du virus dans la cellule humaine\u00a0\u00bb, a ajout\u00e9 Olivier V\u00e9ran.\u00a0<\/p>\n\n\n\n<h2 class=\"wp-block-heading\">La recontamination semble possible<\/h2>\n\n\n\n<p>Le ministre ajoute que \u00ab\u00a0les cellules humaines pourraient ne pas le reconna\u00eetre, alors m\u00eame qu&rsquo;elles auraient d\u00e9j\u00e0 \u00e9t\u00e9 expos\u00e9es au variant Omicron\u00a0\u00bb.<\/p>\n\n\n\n<p>En effet, la mutation a eu lieu sur la prot\u00e9ine Spike, \u00ab\u00a0qui est la cible de r\u00e9ponse vaccinale, et des anticorps monoclonaux avec lesquels on peut traiter ces patients\u00a0\u00bb, explique Jean-Fran\u00e7ois Delfraissy, interrog\u00e9 sur France info ce mardi 25 janvier. Cela pose donc la question de la r\u00e9ponse immunitaire du corps sur ce sous-variant.\u00a0Ce que disent les Danois, c&rsquo;est que c&rsquo;est exactement le m\u00eame (qu&rsquo;Omicron), \u00e0 une diff\u00e9rence,\u00a0qu&rsquo;il nous faut explorer, qui est qu&rsquo;on pourrait se recontaminer potentiellement au sous-variant BA.2 m\u00eame lorsque nous aurions \u00e9t\u00e9 contamin\u00e9s par le variant Omicron\u00a0\u00bb, pr\u00e9cise Olivier V\u00e9ran.\u00a0<\/p>\n\n\n\n<h2 class=\"wp-block-heading\">Pas plus dangereux qu&rsquo;Omicron ?<\/h2>\n\n\n\n<p>Le ministre de la Sant\u00e9 pr\u00e9cise que \u00ab\u00a0sur 10 000 s\u00e9quen\u00e7ages en vie r\u00e9elle la semaine derni\u00e8re c&rsquo;\u00e9tait 60 cas. Mais l&rsquo;exp\u00e9rience Omicron nous a montr\u00e9 que cela peut \u00eatre des milliers de cas quelques jours ou semaines plus tard\u00a0\u00bb, pr\u00e9vient-il.&nbsp;<\/p>\n\n\n\n<p>Cependant, il tient \u00e0 rassurer tout le monde : \u00ab\u00a0Il&nbsp;n&rsquo;est pas plus dangereux (qu&rsquo;Omicron).\u00a0\u00bb Le ministre ajoute m\u00eame qu&rsquo;on ne sait pas encore s&rsquo;il l&rsquo;est autant ou moins.&nbsp;<\/p>\n\n\n\n<p>Cela dit, le professeur Delfraissy est beaucoup moins cat\u00e9gorique sur cette question, puisqu&rsquo;il affirme pour sa part ne pas savoir : \u00ab\u00a0Quel est son niveau de gravit\u00e9 ? Je ne sais pas sur le BA.2.\u00a0\u00bb&nbsp;<\/p>\n\n\n\n<h2 class=\"wp-block-heading\">Tr\u00e8s contagieux, au moins autant qu&rsquo;Omicron<\/h2>\n\n\n\n<p>Enfin, concernant la contagiosit\u00e9 de ce sous-variant, il semblerait qu&rsquo;il soit au moins aussi transmissible qu&rsquo;Omicron, si ce n&rsquo;est plus.\u00a0Il est aussi contagieux qu&rsquo;Omicron\u00a0\u00bb, a indiqu\u00e9 le ministre de la sant\u00e9 ce mardi. Le professeur Delfraissy \u00e9voque quant \u00e0 lui la possibilit\u00e9 d&rsquo;une contagiosit\u00e9 sup\u00e9rieure \u00e0 Omicron, prenant l&rsquo;exemple de la situation danoise :\u00a0\u00ab\u00a0Il a l&rsquo;air de prendre le pouvoir. S&rsquo;il prend le pouvoir au Danemark et qu&rsquo;il explique la situation au Danemark, cela veut dire qu&rsquo;il est plus transmissible encore (qu&rsquo;Omicron).\u00a0\u00bb\u00a0<\/p>\n","protected":false},"excerpt":{"rendered":"<p>Longuement \u00e9voqu\u00e9 par le Pr Delfraissy et le ministre de la Sant\u00e9 Olivier V\u00e9ran ce mardi 25 janvier, le sous-variant BA.2 est au c\u0153ur de toutes les attentions en France et en Europe. Mais que sait-on r\u00e9ellement de lui ? Explications.&nbsp; D\u00e9sormais majoritaire au Danemark, il a\u00a0\u00ab\u00a0la couleur, l&rsquo;odeur et le go\u00fbt d&rsquo;Omicron\u00a0\u00bb, mais \u00ab\u00a0n&rsquo;est [&hellip;]<\/p>\n","protected":false},"author":2,"featured_media":20211,"comment_status":"open","ping_status":"open","sticky":false,"template":"","format":"standard","meta":{"_jetpack_memberships_contains_paid_content":false,"footnotes":"","jetpack_publicize_message":"","jetpack_publicize_feature_enabled":true,"jetpack_social_post_already_shared":true,"jetpack_social_options":{"image_generator_settings":{"template":"highway","default_image_id":0,"font":"","enabled":false},"version":2},"_wpas_customize_per_network":false},"categories":[405],"tags":[],"class_list":["post-20210","post","type-post","status-publish","format-standard","has-post-thumbnail","hentry","category-actu-france-monde"],"jetpack_publicize_connections":[],"jetpack_featured_media_url":"https:\/\/i0.wp.com\/www.iceagetv.com\/radiosite\/wp-content\/uploads\/2022\/01\/Variant-BA.2.jpg?fit=885%2C500&ssl=1","jetpack_sharing_enabled":true,"_links":{"self":[{"href":"https:\/\/www.iceagetv.com\/radiosite\/wp-json\/wp\/v2\/posts\/20210","targetHints":{"allow":["GET"]}}],"collection":[{"href":"https:\/\/www.iceagetv.com\/radiosite\/wp-json\/wp\/v2\/posts"}],"about":[{"href":"https:\/\/www.iceagetv.com\/radiosite\/wp-json\/wp\/v2\/types\/post"}],"author":[{"embeddable":true,"href":"https:\/\/www.iceagetv.com\/radiosite\/wp-json\/wp\/v2\/users\/2"}],"replies":[{"embeddable":true,"href":"https:\/\/www.iceagetv.com\/radiosite\/wp-json\/wp\/v2\/comments?post=20210"}],"version-history":[{"count":1,"href":"https:\/\/www.iceagetv.com\/radiosite\/wp-json\/wp\/v2\/posts\/20210\/revisions"}],"predecessor-version":[{"id":20212,"href":"https:\/\/www.iceagetv.com\/radiosite\/wp-json\/wp\/v2\/posts\/20210\/revisions\/20212"}],"wp:featuredmedia":[{"embeddable":true,"href":"https:\/\/www.iceagetv.com\/radiosite\/wp-json\/wp\/v2\/media\/20211"}],"wp:attachment":[{"href":"https:\/\/www.iceagetv.com\/radiosite\/wp-json\/wp\/v2\/media?parent=20210"}],"wp:term":[{"taxonomy":"category","embeddable":true,"href":"https:\/\/www.iceagetv.com\/radiosite\/wp-json\/wp\/v2\/categories?post=20210"},{"taxonomy":"post_tag","embeddable":true,"href":"https:\/\/www.iceagetv.com\/radiosite\/wp-json\/wp\/v2\/tags?post=20210"}],"curies":[{"name":"wp","href":"https:\/\/api.w.org\/{rel}","templated":true}]}}