{"id":20217,"date":"2022-01-26T16:47:58","date_gmt":"2022-01-26T16:47:58","guid":{"rendered":"http:\/\/www.iceagetv.com\/radiosite\/?p=20217"},"modified":"2022-01-26T16:47:58","modified_gmt":"2022-01-26T16:47:58","slug":"le-maire-du-barcares-et-vice-president-de-lagglomeration-de-perpignan-alain-ferrand-ecroue-pour-non-respect-de-son-controle-judiciaire-dans-le-cadre-dune-enquete-pour-extorsion","status":"publish","type":"post","link":"https:\/\/www.iceagetv.com\/radiosite\/le-maire-du-barcares-et-vice-president-de-lagglomeration-de-perpignan-alain-ferrand-ecroue-pour-non-respect-de-son-controle-judiciaire-dans-le-cadre-dune-enquete-pour-extorsion\/","title":{"rendered":"Le maire du Barcar\u00e8s et vice-pr\u00e9sident de l&rsquo;agglom\u00e9ration de Perpignan, Alain Ferrand, \u00e9crou\u00e9 pour \u00ab\u00a0non respect\u00a0\u00bb de son contr\u00f4le judiciaire dans le cadre d&rsquo;une enqu\u00eate pour extorsion"},"content":{"rendered":"\n<p>Le maire du Barcar\u00e8s et vice-pr\u00e9sident de l&rsquo;agglom\u00e9ration de Perpignan, Alain Ferrand, a \u00e9t\u00e9 \u00e9crou\u00e9 ce mardi pour \u00ab\u00a0non respect\u00a0\u00bb de son contr\u00f4le judiciaire dans le cadre d&rsquo;une enqu\u00eate pour extorsion, a-t-on appris aupr\u00e8s du parquet de Marseille.<\/p>\n\n\n\n<p>L&rsquo;interpellation de l&rsquo;\u00e9lu DVD s&rsquo;est d\u00e9roul\u00e9e mardi \u00ab\u00a0dans le cadre de la mise \u00e0 ex\u00e9cution d&rsquo;un mandat d&rsquo;arr\u00eat du magistrat instructeur suite aux violations multiples et r\u00e9p\u00e9t\u00e9es de son contr\u00f4le judiciaire\u00a0\u00bb, a indiqu\u00e9 la procureure de Marseille Dominique Laurens.<\/p>\n\n\n\n<p>Il a \u00e9t\u00e9 interpell\u00e9 au Barcar\u00e8s, selon une source locale.<\/p>\n\n\n\n<p>L&rsquo;\u00e9lu de 62 ans a \u00e9t\u00e9 incarc\u00e9r\u00e9 \u00e0 la prison de Perpignan, a soulign\u00e9 le parquet, pr\u00e9cisant qu&rsquo;il devait \u00eatre transf\u00e9r\u00e9 \u00e0 Marseille pour \u00eatre pr\u00e9sent\u00e9 au juge d&rsquo;instruction de la Juridiction interr\u00e9gionale sp\u00e9cialis\u00e9e (JIRS) en charge de ce dossier, dans un d\u00e9lai de quatre jours.<\/p>\n\n\n\n<p>Ce sera ensuite au juge de la libert\u00e9 et de la d\u00e9tention de d\u00e9cider si le maire du Barcar\u00e8s reste sous contr\u00f4le judiciaire ou s&rsquo;il est plac\u00e9 en d\u00e9tention provisoire, a affirm\u00e9 \u00e0 l&rsquo;AFP la procureure.<\/p>\n\n\n\n<p>Le parquet n&rsquo;a pas pr\u00e9cis\u00e9 la nature des violations du contr\u00f4le judiciaire.<\/p>\n\n\n\n<p>Cette figure de la droite des Pyr\u00e9n\u00e9es-Orientales avait \u00e9t\u00e9 mis en examen en mai 2021 pour extorsion en bande organis\u00e9e, concussion et complicit\u00e9 de destruction de preuves, commis sur la p\u00e9riode de 2015-2020.<\/p>\n\n\n\n<p>Il avait alors \u00e9t\u00e9 plac\u00e9 sous contr\u00f4le judiciaire, assorti du paiement d&rsquo;une caution et d&rsquo;une interdiction de se rendre dans le d\u00e9partement des Pyr\u00e9n\u00e9es-Orientales. Cette derni\u00e8re mesure a ensuite \u00e9t\u00e9 assouplie, lui permettant de se rendre certains jours dans son d\u00e9partement, dans sa commune et \u00e0 Perpignan.<\/p>\n\n\n\n<p>Elu pour la premi\u00e8re fois en 1995 comme maire, M. Ferrand et sa femme Jo\u00eblle se sont succ\u00e9d\u00e9 \u00e0 l&rsquo;h\u00f4tel de ville du Barcar\u00e8s, au gr\u00e9 des in\u00e9ligibilit\u00e9s de l&rsquo;un et de l&rsquo;autre.<\/p>\n\n\n\n<p>En 1999, M. Ferrand a \u00e9t\u00e9 condamn\u00e9 \u00e0 trois ans d&rsquo;in\u00e9ligibilit\u00e9 pour abus de biens sociaux. Il a \u00e9galement \u00e9t\u00e9 condamn\u00e9 par la suite pour prise ill\u00e9gale d&rsquo;int\u00e9r\u00eats et pour fraude fiscale.<\/p>\n\n\n\n<p>Lors des municipales de 2020, Alain Ferrand a \u00e9t\u00e9 r\u00e9\u00e9lu haut la main, d\u00e8s le premier tour, comme maire du Barcar\u00e8s, 6.000 habitants \u00e0 l&rsquo;ann\u00e9e mais dont la population peut \u00eatre multipli\u00e9e par dix l&rsquo;\u00e9t\u00e9. En 2021, il a \u00e9chou\u00e9 aux \u00e9lections d\u00e9partementales.<\/p>\n","protected":false},"excerpt":{"rendered":"<p>Le maire du Barcar\u00e8s et vice-pr\u00e9sident de l&rsquo;agglom\u00e9ration de Perpignan, Alain Ferrand, a \u00e9t\u00e9 \u00e9crou\u00e9 ce mardi pour \u00ab\u00a0non respect\u00a0\u00bb de son contr\u00f4le judiciaire dans le cadre d&rsquo;une enqu\u00eate pour extorsion, a-t-on appris aupr\u00e8s du parquet de Marseille. L&rsquo;interpellation de l&rsquo;\u00e9lu DVD s&rsquo;est d\u00e9roul\u00e9e mardi \u00ab\u00a0dans le cadre de la mise \u00e0 ex\u00e9cution d&rsquo;un mandat [&hellip;]<\/p>\n","protected":false},"author":2,"featured_media":20218,"comment_status":"open","ping_status":"open","sticky":false,"template":"","format":"standard","meta":{"_jetpack_memberships_contains_paid_content":false,"footnotes":"","jetpack_publicize_message":"","jetpack_publicize_feature_enabled":true,"jetpack_social_post_already_shared":true,"jetpack_social_options":{"image_generator_settings":{"template":"highway","default_image_id":0,"font":"","enabled":false},"version":2},"_wpas_customize_per_network":false},"categories":[405],"tags":[],"class_list":["post-20217","post","type-post","status-publish","format-standard","has-post-thumbnail","hentry","category-actu-france-monde"],"jetpack_publicize_connections":[],"jetpack_featured_media_url":"https:\/\/i0.wp.com\/www.iceagetv.com\/radiosite\/wp-content\/uploads\/2022\/01\/Le-maire-du-Barcares-et-vice-president.jpeg?fit=750%2C324&ssl=1","jetpack_sharing_enabled":true,"_links":{"self":[{"href":"https:\/\/www.iceagetv.com\/radiosite\/wp-json\/wp\/v2\/posts\/20217","targetHints":{"allow":["GET"]}}],"collection":[{"href":"https:\/\/www.iceagetv.com\/radiosite\/wp-json\/wp\/v2\/posts"}],"about":[{"href":"https:\/\/www.iceagetv.com\/radiosite\/wp-json\/wp\/v2\/types\/post"}],"author":[{"embeddable":true,"href":"https:\/\/www.iceagetv.com\/radiosite\/wp-json\/wp\/v2\/users\/2"}],"replies":[{"embeddable":true,"href":"https:\/\/www.iceagetv.com\/radiosite\/wp-json\/wp\/v2\/comments?post=20217"}],"version-history":[{"count":1,"href":"https:\/\/www.iceagetv.com\/radiosite\/wp-json\/wp\/v2\/posts\/20217\/revisions"}],"predecessor-version":[{"id":20219,"href":"https:\/\/www.iceagetv.com\/radiosite\/wp-json\/wp\/v2\/posts\/20217\/revisions\/20219"}],"wp:featuredmedia":[{"embeddable":true,"href":"https:\/\/www.iceagetv.com\/radiosite\/wp-json\/wp\/v2\/media\/20218"}],"wp:attachment":[{"href":"https:\/\/www.iceagetv.com\/radiosite\/wp-json\/wp\/v2\/media?parent=20217"}],"wp:term":[{"taxonomy":"category","embeddable":true,"href":"https:\/\/www.iceagetv.com\/radiosite\/wp-json\/wp\/v2\/categories?post=20217"},{"taxonomy":"post_tag","embeddable":true,"href":"https:\/\/www.iceagetv.com\/radiosite\/wp-json\/wp\/v2\/tags?post=20217"}],"curies":[{"name":"wp","href":"https:\/\/api.w.org\/{rel}","templated":true}]}}