{"id":20224,"date":"2022-01-26T20:11:32","date_gmt":"2022-01-26T20:11:32","guid":{"rendered":"http:\/\/www.iceagetv.com\/radiosite\/?p=20224"},"modified":"2022-01-26T20:11:32","modified_gmt":"2022-01-26T20:11:32","slug":"coronavirus-je-suis-sortie-avec-mes-amis-jai-envoye-mon-enfant-a-lecole-ils-refusent-de-sisoler-malgre-leur-contamination","status":"publish","type":"post","link":"https:\/\/www.iceagetv.com\/radiosite\/coronavirus-je-suis-sortie-avec-mes-amis-jai-envoye-mon-enfant-a-lecole-ils-refusent-de-sisoler-malgre-leur-contamination\/","title":{"rendered":"Coronavirus : \u00ab Je suis sortie avec mes amis \u00bb, \u00ab j\u2019ai envoy\u00e9 mon enfant \u00e0 l\u2019\u00e9cole \u00bb\u2026 Ils refusent de s\u2019isoler malgr\u00e9 leur contamination"},"content":{"rendered":"\n<p>Difficile de lui \u00e9chapper. Pas une semaine ou presque sans que l\u2019on ne soit cas contact, contamin\u00e9, voire r\u00e9infect\u00e9 par le coronavirus. La faute au tr\u00e8s contagieux et omnipr\u00e9sent&nbsp;<a href=\"https:\/\/www.20minutes.fr\/sante\/variant-omicron\/\">variant Omicron<\/a>, qui a entra\u00een\u00e9&nbsp;plus de 500.000 contaminations ce mardi. Mais apr\u00e8s deux ans de pand\u00e9mie et de contraintes quotidiennes, pour certains, la coupe est pleine&nbsp;et malgr\u00e9 leur contamination, ils d\u00e9cident de ne pas observer l\u2019isolement prescrit par les autorit\u00e9s sanitaires.<\/p>\n\n\n\n<p>D\u2019autres, eux, font le choix de ne plus faire tester leur enfant quand il est cas contact, et r\u00e9digent de fausses attestations sur l\u2019honneur, quitte \u00e0 l\u2019envoyer avec des sympt\u00f4mes \u00e0 l\u2019\u00e9cole. Un choix \u00e0 l\u2019encontre des recommandations des autorit\u00e9s sanitaires, qu\u2019ils assument et expliquent \u00e0&nbsp;<em>20 Minutes<\/em>.<\/p>\n\n\n\n<h2 class=\"wp-block-heading\">\u00ab&nbsp;Si les soignants peuvent continuer \u00e0 travailler, pourquoi pas moi&nbsp;?&nbsp;\u00bb<\/h2>\n\n\n\n<p>\u00ab&nbsp;<a href=\"https:\/\/www.20minutes.fr\/societe\/confinement\/\">Confinement<\/a>, couvre-feu, troisi\u00e8me dose de vaccin et gestes barri\u00e8res&nbsp;:&nbsp;depuis le d\u00e9but de la pand\u00e9mie, j\u2019applique \u00e0 la lettre toutes&nbsp;les consignes du gouvernement, plante Wilfried*, 27 ans. Mais aujourd\u2019hui positif au&nbsp;<a href=\"https:\/\/www.20minutes.fr\/societe\/covid-19\/\">Covid-19<\/a>, je ne m\u2019isolerai pas. Je travaille avec mon p\u00e8re dans une TPME de carrosserie et peinture, o\u00f9 je suis le&nbsp;seul peintre. Si je m\u2019arr\u00eate, l\u2019entreprise ne peut pas fonctionner correctement, explique le jeune homme. Je fais donc le choix de continuer \u00e0 travailler, mais avec un masque FFP2 et en prenant toutes les pr\u00e9cautions. Apr\u00e8s tout, si les soignants peuvent continuer \u00e0 travailler, pourquoi pas moi&nbsp;?&nbsp;\u00bb<\/p>\n\n\n\n<p>Comme lui, M\u00e9lanie*, 27 ans, vaccin\u00e9e, refuse que le virus ait un retentissement sur son travail. \u00ab&nbsp;Je suis responsable d\u2019un entrep\u00f4t logistique, o\u00f9 les cas Covid-19 et cas contact se multiplient \u00e0 une vitesse folle, d\u00e9crit-elle. On manque&nbsp;de personnel, qu\u2019on n\u2019arrive&nbsp;plus \u00e0 remplacer. Alors, quand je suis cas contact, je ne fais pas de test, je ne peux pas me permettre d\u2019\u00eatre absente. En revanche, pas question de se rel\u00e2cher sur&nbsp;les gestes barri\u00e8res&nbsp;\u00bb.<\/p>\n\n\n\n<p>Ce sentiment de ne pas pouvoir s\u2019arr\u00eater, Marcel*,\u00a0<a href=\"https:\/\/www.20minutes.fr\/societe\/3215051-20220111-coronavirus-marseille-salon-etudiant-reporte-fin-fevrier-cause-situation-sanitaire\">\u00e9tudiant<\/a>\u00a0de 20 ans, l\u2019a aussi \u00e9prouv\u00e9. \u00ab\u00a0L\u2019ann\u00e9e derni\u00e8re, je n\u2019ai pas valid\u00e9 ma premi\u00e8re ann\u00e9e, mais j\u2019ai \u00e9t\u00e9 admis en deuxi\u00e8me\u00a0ann\u00e9e. Ma seule chance d\u2019\u00eatre rep\u00each\u00e9, c\u2019\u00e9tait de valider ce troisi\u00e8me semestre, mais j\u2019ai \u00e9t\u00e9 test\u00e9 positif au moment o\u00f9 j\u2019avais\u00a0plein d\u2019examens et de travaux \u00e0 rendre. Je ne pouvais faire l\u2019impasse car mes notes \u00e9taient d\u00e9j\u00e0 limites, donc j\u2019ai pr\u00e9f\u00e9r\u00e9 aller en cours et aux examens\u00a0\u00bb, confie-t-il. \u00ab\u00a0C\u2019est malheureux, mais je peux le comprendre, compatit Rodrigo Arenas, repr\u00e9sentant de la FCPE. C\u2019est compliqu\u00e9 de s\u2019isoler face \u00e0 de tels enjeux. Le probl\u00e8me ici, c\u2019est qu\u2019on ne leur propose pas de protocole adapt\u00e9 pour leur passer leurs examens m\u00eame s\u2019ils sont peu ou pas symptomatiques\u00a0\u00bb.<\/p>\n\n\n\n<h2 class=\"wp-block-heading\">S\u2019il n\u2019y a pas de moyens pour assurer l\u2019\u00e9cole \u00e0 distance, c\u2019est impossible&nbsp;\u00bb<\/h2>\n\n\n\n<p>Car&nbsp;<a href=\"https:\/\/www.20minutes.fr\/politique\/3214719-20220111-coronavirus-tests-isolement-point-protocole-sanitaire-ecole\">les protocoles sanitaires<\/a>&nbsp;peuvent mettre les nerfs \u00e0 rude \u00e9preuve.&nbsp;Quand Mathieu* a fait tester ses deux enfants de 4 et 6 ans, cas contact, \u00ab&nbsp;j\u2019ai d\u00e9cid\u00e9&nbsp;de les laisser aller \u00e0 l\u2019\u00e9cole malgr\u00e9 le r\u00e9sultat positif, raconte le p\u00e8re de 36 ans. Ils&nbsp;\u00e9taient asymptomatiques, j\u2019ai&nbsp;consid\u00e9r\u00e9&nbsp;que je ne mettais personne en danger, puisque les personnes \u00e0 risques sont vaccin\u00e9es. Et puis, je ne me voyais pas garder mes enfants une&nbsp;semaine \u00e0 la maison&nbsp;<a href=\"https:\/\/www.20minutes.fr\/paris\/3213091-20220110-ile-france-40-salaries-teletravail-veulent-encore-plus\">en \u00e9tant en t\u00e9l\u00e9travail<\/a>. C\u2019est impossible de me concentrer, je dois les mettre devant des \u00e9crans et pour eux, cela se traduit par un&nbsp;retard d\u2019apprentissage&nbsp;\u00bb.<\/p>\n","protected":false},"excerpt":{"rendered":"<p>Difficile de lui \u00e9chapper. Pas une semaine ou presque sans que l\u2019on ne soit cas contact, contamin\u00e9, voire r\u00e9infect\u00e9 par le coronavirus. La faute au tr\u00e8s contagieux et omnipr\u00e9sent&nbsp;variant Omicron, qui a entra\u00een\u00e9&nbsp;plus de 500.000 contaminations ce mardi. Mais apr\u00e8s deux ans de pand\u00e9mie et de contraintes quotidiennes, pour certains, la coupe est pleine&nbsp;et malgr\u00e9 [&hellip;]<\/p>\n","protected":false},"author":2,"featured_media":20225,"comment_status":"open","ping_status":"open","sticky":false,"template":"","format":"standard","meta":{"_jetpack_memberships_contains_paid_content":false,"footnotes":"","jetpack_publicize_message":"","jetpack_publicize_feature_enabled":true,"jetpack_social_post_already_shared":true,"jetpack_social_options":{"image_generator_settings":{"template":"highway","default_image_id":0,"font":"","enabled":false},"version":2},"_wpas_customize_per_network":false},"categories":[405],"tags":[],"class_list":["post-20224","post","type-post","status-publish","format-standard","has-post-thumbnail","hentry","category-actu-france-monde"],"jetpack_publicize_connections":[],"jetpack_featured_media_url":"https:\/\/i0.wp.com\/www.iceagetv.com\/radiosite\/wp-content\/uploads\/2022\/01\/Je-suis-sortie-avec-mes-amis.jpg?fit=640%2C410&ssl=1","jetpack_sharing_enabled":true,"_links":{"self":[{"href":"https:\/\/www.iceagetv.com\/radiosite\/wp-json\/wp\/v2\/posts\/20224","targetHints":{"allow":["GET"]}}],"collection":[{"href":"https:\/\/www.iceagetv.com\/radiosite\/wp-json\/wp\/v2\/posts"}],"about":[{"href":"https:\/\/www.iceagetv.com\/radiosite\/wp-json\/wp\/v2\/types\/post"}],"author":[{"embeddable":true,"href":"https:\/\/www.iceagetv.com\/radiosite\/wp-json\/wp\/v2\/users\/2"}],"replies":[{"embeddable":true,"href":"https:\/\/www.iceagetv.com\/radiosite\/wp-json\/wp\/v2\/comments?post=20224"}],"version-history":[{"count":1,"href":"https:\/\/www.iceagetv.com\/radiosite\/wp-json\/wp\/v2\/posts\/20224\/revisions"}],"predecessor-version":[{"id":20226,"href":"https:\/\/www.iceagetv.com\/radiosite\/wp-json\/wp\/v2\/posts\/20224\/revisions\/20226"}],"wp:featuredmedia":[{"embeddable":true,"href":"https:\/\/www.iceagetv.com\/radiosite\/wp-json\/wp\/v2\/media\/20225"}],"wp:attachment":[{"href":"https:\/\/www.iceagetv.com\/radiosite\/wp-json\/wp\/v2\/media?parent=20224"}],"wp:term":[{"taxonomy":"category","embeddable":true,"href":"https:\/\/www.iceagetv.com\/radiosite\/wp-json\/wp\/v2\/categories?post=20224"},{"taxonomy":"post_tag","embeddable":true,"href":"https:\/\/www.iceagetv.com\/radiosite\/wp-json\/wp\/v2\/tags?post=20224"}],"curies":[{"name":"wp","href":"https:\/\/api.w.org\/{rel}","templated":true}]}}