{"id":20227,"date":"2022-01-27T07:19:16","date_gmt":"2022-01-27T07:19:16","guid":{"rendered":"http:\/\/www.iceagetv.com\/radiosite\/?p=20227"},"modified":"2022-01-27T07:19:16","modified_gmt":"2022-01-27T07:19:16","slug":"journee-de-greve-ce-jeudi-27-janvier-ecole-cantines-trains-quels-secteurs-seront-le-plus-impactes","status":"publish","type":"post","link":"https:\/\/www.iceagetv.com\/radiosite\/journee-de-greve-ce-jeudi-27-janvier-ecole-cantines-trains-quels-secteurs-seront-le-plus-impactes\/","title":{"rendered":"Journ\u00e9e de gr\u00e8ve ce jeudi 27 janvier : \u00e9cole, cantines, trains.. quels secteurs seront le plus impact\u00e9s ?"},"content":{"rendered":"\n<p>De nombreux salari\u00e9s de plusieurs secteurs sont mobilis\u00e9s ce jeudi 27 janvier pour r\u00e9clamer des hausses de salaires, alors que le niveau de vie continue d&rsquo;augmenter. Quelque 170 d\u00e9fil\u00e9s sont pr\u00e9vus partout en France. Transport, \u00e9ducation, fonction publique, on fait le point sur les impacts de cette journ\u00e9e de revendication.<\/p>\n\n\n\n<p>Il se peut que l&rsquo;enseignant de votre enfant soit en gr\u00e8ve ce jeudi, ou encore que le bus qui l&rsquo;am\u00e8ne \u00e0 l&rsquo;\u00e9cole soit perturb\u00e9, que le train que vous prenez pour aller travailler soit retard\u00e9. En effet, de nombreux secteurs sont impact\u00e9s par une mobilisation \u00e0 l&rsquo;\u00e9chelle nationale des travailleurs r\u00e9clamant une hausse de salaire.Des manifestations sont pr\u00e9vues \u00e0 travers tout le pays \u00e0 l&rsquo;appel des syndicats CGT, FO et FSU et 170 rassemblements et d\u00e9fil\u00e9s devraient se tenir selon les informations de C\u00e9line Verzeletti, dirigeante conf\u00e9d\u00e9rale CGT,<\/p>\n\n\n\n<h2 class=\"wp-block-heading\">Hausse&nbsp;des salaires<\/h2>\n\n\n\n<p>Si \u00e0 l&rsquo;approche de l&rsquo;\u00e9lection pr\u00e9sidentielle, des personnalit\u00e9s politiques sont \u00e9galement attendues dans le cort\u00e8ge, le pouvoir d&rsquo;achat faisant partie des principales pr\u00e9occupations des Fran\u00e7ais \u00e0 l&rsquo;heure o\u00f9 l&rsquo;inflation se fait de plus en plus ressentir, ce sont les salari\u00e9s qui devraient remplir les rangs des manifestants<\/p>\n\n\n\n<h2 class=\"wp-block-heading\">\u00c9coles, cr\u00e8ches et cantines<\/h2>\n\n\n\n<p>Les enseignants s&rsquo;\u00e9taient d\u00e9j\u00e0 fortement mobilis\u00e9s les 13 et 20 janvier pour protester contre le protocole sanitaire \u00e0 l&rsquo;\u00e9cole. Ils devraient \u00eatre un peu moins nombreux ce 27 janvier.&nbsp;<strong>\u00ab\u00a0Pr\u00e8s de 20 %\u00a0\u00bb \u00e0 \u00eatre en gr\u00e8ve dans le premier degr\u00e9&nbsp;selon le Snuipp-FSU<\/strong>.&nbsp;<\/p>\n\n\n\n<p>La ville de Perpignan note aussi sur son compte Twitter que le fonctionnement de&nbsp;\u00ab\u00a0certains sites de restauration scolaire ainsi que trois cr\u00e8ches municipales\u00a0\u00bb sera perturb\u00e9 ce jeudi.<\/p>\n","protected":false},"excerpt":{"rendered":"<p>De nombreux salari\u00e9s de plusieurs secteurs sont mobilis\u00e9s ce jeudi 27 janvier pour r\u00e9clamer des hausses de salaires, alors que le niveau de vie continue d&rsquo;augmenter. Quelque 170 d\u00e9fil\u00e9s sont pr\u00e9vus partout en France. Transport, \u00e9ducation, fonction publique, on fait le point sur les impacts de cette journ\u00e9e de revendication. Il se peut que l&rsquo;enseignant [&hellip;]<\/p>\n","protected":false},"author":2,"featured_media":20228,"comment_status":"open","ping_status":"open","sticky":false,"template":"","format":"standard","meta":{"_jetpack_memberships_contains_paid_content":false,"footnotes":"","jetpack_publicize_message":"","jetpack_publicize_feature_enabled":true,"jetpack_social_post_already_shared":true,"jetpack_social_options":{"image_generator_settings":{"template":"highway","default_image_id":0,"font":"","enabled":false},"version":2},"_wpas_customize_per_network":false},"categories":[405],"tags":[],"class_list":["post-20227","post","type-post","status-publish","format-standard","has-post-thumbnail","hentry","category-actu-france-monde"],"jetpack_publicize_connections":[],"jetpack_featured_media_url":"https:\/\/i0.wp.com\/www.iceagetv.com\/radiosite\/wp-content\/uploads\/2022\/01\/image-1.jpg?fit=435%2C325&ssl=1","jetpack_sharing_enabled":true,"_links":{"self":[{"href":"https:\/\/www.iceagetv.com\/radiosite\/wp-json\/wp\/v2\/posts\/20227","targetHints":{"allow":["GET"]}}],"collection":[{"href":"https:\/\/www.iceagetv.com\/radiosite\/wp-json\/wp\/v2\/posts"}],"about":[{"href":"https:\/\/www.iceagetv.com\/radiosite\/wp-json\/wp\/v2\/types\/post"}],"author":[{"embeddable":true,"href":"https:\/\/www.iceagetv.com\/radiosite\/wp-json\/wp\/v2\/users\/2"}],"replies":[{"embeddable":true,"href":"https:\/\/www.iceagetv.com\/radiosite\/wp-json\/wp\/v2\/comments?post=20227"}],"version-history":[{"count":1,"href":"https:\/\/www.iceagetv.com\/radiosite\/wp-json\/wp\/v2\/posts\/20227\/revisions"}],"predecessor-version":[{"id":20229,"href":"https:\/\/www.iceagetv.com\/radiosite\/wp-json\/wp\/v2\/posts\/20227\/revisions\/20229"}],"wp:featuredmedia":[{"embeddable":true,"href":"https:\/\/www.iceagetv.com\/radiosite\/wp-json\/wp\/v2\/media\/20228"}],"wp:attachment":[{"href":"https:\/\/www.iceagetv.com\/radiosite\/wp-json\/wp\/v2\/media?parent=20227"}],"wp:term":[{"taxonomy":"category","embeddable":true,"href":"https:\/\/www.iceagetv.com\/radiosite\/wp-json\/wp\/v2\/categories?post=20227"},{"taxonomy":"post_tag","embeddable":true,"href":"https:\/\/www.iceagetv.com\/radiosite\/wp-json\/wp\/v2\/tags?post=20227"}],"curies":[{"name":"wp","href":"https:\/\/api.w.org\/{rel}","templated":true}]}}