{"id":20230,"date":"2022-01-27T09:56:01","date_gmt":"2022-01-27T09:56:01","guid":{"rendered":"http:\/\/www.iceagetv.com\/radiosite\/?p=20230"},"modified":"2022-01-27T09:56:01","modified_gmt":"2022-01-27T09:56:01","slug":"ehpad-le-dg-dorpea-convoque-le-1er-fevrier-par-la-ministre-chargee-des-personnes-agees","status":"publish","type":"post","link":"https:\/\/www.iceagetv.com\/radiosite\/ehpad-le-dg-dorpea-convoque-le-1er-fevrier-par-la-ministre-chargee-des-personnes-agees\/","title":{"rendered":"EHPAD: LE DG D&rsquo;ORPEA CONVOQU\u00c9 LE 1ER F\u00c9VRIER PAR LA MINISTRE CHARG\u00c9E DES PERSONNES \u00c2G\u00c9ES"},"content":{"rendered":"\n<p>La ministre d\u00e9l\u00e9gu\u00e9e charg\u00e9e de l&rsquo;Autonomie des personnes \u00e2g\u00e9es, Brigitte Bourguignon, a convoqu\u00e9 le directeur g\u00e9n\u00e9ral d&rsquo;Orpea, Jean-Christophe Romersi, le 1er f\u00e9vrier pour \u00ab\u00a0r\u00e9pondre\u00a0\u00bb aux \u00ab\u00a0accusations graves\u00a0\u00bb concernant les pratiques du groupe dans ses Ehpad,&nbsp;<a href=\"https:\/\/www.bfmtv.com\/sante\/ehpad-un-ancien-directeur-d-un-centre-orpea-confirme-la-pression-manageriale-dans-le-groupe_AV-202201260488.html\">d\u00e9nonc\u00e9es dans un livre qui a entra\u00een\u00e9 une onde de choc.<\/a><\/p>\n\n\n\n<blockquote class=\"wp-block-quote is-layout-flow wp-block-quote-is-layout-flow\"><p>\u00ab\u00a0Je souhaite vous entendre au cours d&rsquo;un entretien \u00e0 mon minist\u00e8re le mardi 1er f\u00e9vrier \u00e0 9H15\u00a0\u00bb, sur demande du ministre de la Sant\u00e9 Olivier V\u00e9ran, a indiqu\u00e9 Mme Bourguignon dans une lettre au ton s\u00e9v\u00e8re, adress\u00e9e jeudi \u00e0 M. Romersi.<\/p><\/blockquote>\n\n\n\n<p>Cet entretien \u00ab\u00a0sera l&rsquo;occasion d&rsquo;entendre les explications du groupe Orp\u00e9a sur plusieurs points qui feront l&rsquo;objet d&rsquo;enqu\u00eates approfondies par les services de l&rsquo;Etat\u00a0\u00bb, pr\u00e9cise-t-elle dans ce courrier.<\/p>\n\n\n\n<h2 class=\"wp-block-heading\">Vers une enqu\u00eate de l&rsquo;Inspection g\u00e9n\u00e9rale?<\/h2>\n\n\n\n<p>La ministre souhaite avoir des pr\u00e9cisions sur \u00ab\u00a0l&rsquo;attribution aux \u00e9tablissements de consommables tels que les protections hygi\u00e9niques ou sur les enjeux li\u00e9s \u00e0 la nutrition des r\u00e9sidents\u00a0\u00bb, \u00ab\u00a0les pratiques manag\u00e9riales du groupe concernant les personnels, le taux d&rsquo;encadrement\u00a0\u00bb, \u00ab\u00a0les modalit\u00e9s de signalement et le suivi des faits de maltraitance signal\u00e9s par les proches des r\u00e9sidents\u00a0\u00bb ainsi que \u00ab\u00a0les pratiques financi\u00e8res du groupe\u00a0\u00bb.<\/p>\n\n\n\n<p>Une enqu\u00eate de l&rsquo;Inspection g\u00e9n\u00e9rale des affaires sociales (Igas) \u00ab\u00a0sur tout ou partie des \u00e9tablissements de votre groupe\u00a0\u00bb pourra \u00eatre diligent\u00e9e \u00e0 la suite de cet entretien, pr\u00e9cise Mme Bourguignon.<\/p>\n\n\n\n<p>Dans le livre-enqu\u00eate \u00ab\u00a0Les Fossoyeurs\u00a0\u00bb, le journaliste ind\u00e9pendant Victor Castanet&nbsp;<a href=\"https:\/\/www.bfmtv.com\/societe\/repas-rationnes-hygiene-douteuse-les-graves-dysfonctionnement-des-ehpad-orpea-pointes-dans-un-livre_AV-202201250225.html\">d\u00e9crit un syst\u00e8me o\u00f9 les soins d&rsquo;hygi\u00e8ne, la prise en charge m\u00e9dicale, voire les repas des r\u00e9sidents sont \u00ab\u00a0rationn\u00e9s\u00a0\u00bb<\/a>&nbsp;pour am\u00e9liorer la rentabilit\u00e9 d&rsquo;Orpea. Et ce alors que les s\u00e9jours sont factur\u00e9s au prix fort.<\/p>\n\n\n\n<p>Orpea conteste les accusations, qu&rsquo;il qualifie de \u00ab\u00a0mensong\u00e8res, outrageantes et pr\u00e9judiciables\u00a0\u00bb.<\/p>\n","protected":false},"excerpt":{"rendered":"<p>La ministre d\u00e9l\u00e9gu\u00e9e charg\u00e9e de l&rsquo;Autonomie des personnes \u00e2g\u00e9es, Brigitte Bourguignon, a convoqu\u00e9 le directeur g\u00e9n\u00e9ral d&rsquo;Orpea, Jean-Christophe Romersi, le 1er f\u00e9vrier pour \u00ab\u00a0r\u00e9pondre\u00a0\u00bb aux \u00ab\u00a0accusations graves\u00a0\u00bb concernant les pratiques du groupe dans ses Ehpad,&nbsp;d\u00e9nonc\u00e9es dans un livre qui a entra\u00een\u00e9 une onde de choc. \u00ab\u00a0Je souhaite vous entendre au cours d&rsquo;un entretien \u00e0 mon [&hellip;]<\/p>\n","protected":false},"author":2,"featured_media":20231,"comment_status":"open","ping_status":"open","sticky":false,"template":"","format":"standard","meta":{"_jetpack_memberships_contains_paid_content":false,"footnotes":"","jetpack_publicize_message":"","jetpack_publicize_feature_enabled":true,"jetpack_social_post_already_shared":true,"jetpack_social_options":{"image_generator_settings":{"template":"highway","default_image_id":0,"font":"","enabled":false},"version":2},"_wpas_customize_per_network":false},"categories":[405],"tags":[],"class_list":["post-20230","post","type-post","status-publish","format-standard","has-post-thumbnail","hentry","category-actu-france-monde"],"jetpack_publicize_connections":[],"jetpack_featured_media_url":"https:\/\/i0.wp.com\/www.iceagetv.com\/radiosite\/wp-content\/uploads\/2022\/01\/Screenshot_20220127_105449.jpg?fit=1080%2C648&ssl=1","jetpack_sharing_enabled":true,"_links":{"self":[{"href":"https:\/\/www.iceagetv.com\/radiosite\/wp-json\/wp\/v2\/posts\/20230","targetHints":{"allow":["GET"]}}],"collection":[{"href":"https:\/\/www.iceagetv.com\/radiosite\/wp-json\/wp\/v2\/posts"}],"about":[{"href":"https:\/\/www.iceagetv.com\/radiosite\/wp-json\/wp\/v2\/types\/post"}],"author":[{"embeddable":true,"href":"https:\/\/www.iceagetv.com\/radiosite\/wp-json\/wp\/v2\/users\/2"}],"replies":[{"embeddable":true,"href":"https:\/\/www.iceagetv.com\/radiosite\/wp-json\/wp\/v2\/comments?post=20230"}],"version-history":[{"count":1,"href":"https:\/\/www.iceagetv.com\/radiosite\/wp-json\/wp\/v2\/posts\/20230\/revisions"}],"predecessor-version":[{"id":20232,"href":"https:\/\/www.iceagetv.com\/radiosite\/wp-json\/wp\/v2\/posts\/20230\/revisions\/20232"}],"wp:featuredmedia":[{"embeddable":true,"href":"https:\/\/www.iceagetv.com\/radiosite\/wp-json\/wp\/v2\/media\/20231"}],"wp:attachment":[{"href":"https:\/\/www.iceagetv.com\/radiosite\/wp-json\/wp\/v2\/media?parent=20230"}],"wp:term":[{"taxonomy":"category","embeddable":true,"href":"https:\/\/www.iceagetv.com\/radiosite\/wp-json\/wp\/v2\/categories?post=20230"},{"taxonomy":"post_tag","embeddable":true,"href":"https:\/\/www.iceagetv.com\/radiosite\/wp-json\/wp\/v2\/tags?post=20230"}],"curies":[{"name":"wp","href":"https:\/\/api.w.org\/{rel}","templated":true}]}}