{"id":20233,"date":"2022-01-28T08:31:46","date_gmt":"2022-01-28T08:31:46","guid":{"rendered":"http:\/\/www.iceagetv.com\/radiosite\/?p=20233"},"modified":"2022-01-28T08:31:46","modified_gmt":"2022-01-28T08:31:46","slug":"la-croissance-francaise-atteint-7-en-2021-un-resultat-historique","status":"publish","type":"post","link":"https:\/\/www.iceagetv.com\/radiosite\/la-croissance-francaise-atteint-7-en-2021-un-resultat-historique\/","title":{"rendered":"La croissance fran\u00e7aise atteint 7% en 2021, un r\u00e9sultat historique"},"content":{"rendered":"\n<p><strong>Ce chiffre jamais atteint depuis 52 ans place la France parmi les pays les plus dynamiques en Europe.<\/strong><a href=\"https:\/\/www.lefigaro.fr\/conjoncture\/la-croissance-francaise-a-chute-de-8-3-en-2020-20210129\">Apr\u00e8s avoir plong\u00e9 de 8% en 2020<\/a>, du jamais vu depuis la Seconde Guerre mondiale, la croissance fran\u00e7aise est repartie de fa\u00e7on tout aussi spectaculaire en 2021. Selon les premi\u00e8res estimations de l&rsquo;Insee, publi\u00e9e ce vendredi 28 janvier, le PIB hexagonal a augment\u00e9 de 7% au couse de l&rsquo;ann\u00e9e \u00e9coul\u00e9e. Si ce chiffre se confirme, ce serait aussi la plus forte croissance annuelle enregistr\u00e9e depuis 52 ans en France, et une des plus importantes d&rsquo;Europe.Interrog\u00e9 ce matin sur le plateau de France 2 le ministre de l&rsquo;\u00c9conomie, Bruno Le Maire, a qualifi\u00e9 ce chiffre de \u00ab<em>rebond spectaculaire<\/em>\u00bb qui \u00ab<em>efface la crise \u00e9conomique<\/em>\u00bb. Il en a profit\u00e9 pour mettre en avant l&rsquo;action de la majorit\u00e9 pendant cette crise, responsable selon lui de ce red\u00e9marrage\u00a0: \u00ab<em>\u00c7a prouve que la politique du gouvernement est efficace<\/em>\u00bb, a-t-il ainsi soulign\u00e9.<\/p>\n\n\n\n<p>Dans sa derni\u00e8re pr\u00e9vision datant de mi-d\u00e9cembre, l&rsquo;Institut national de la statistique anticipait une croissance de 6,7% en 2021, un chiffre similaire \u00e0 la pr\u00e9vision de la Banque de France, et qui confirmait que l&rsquo;\u00e9conomie fran\u00e7aise avait retrouv\u00e9 fin 2021 son niveau d&rsquo;activit\u00e9 d&rsquo;avant l&rsquo;\u00e9pid\u00e9mie.<\/p>\n\n\n\n<p>De nombreux indicateurs sont en effet au vert, \u00e0 commencer par ceux de l&#8217;emploi parus mercredi.\u00a0<a href=\"https:\/\/www.lefigaro.fr\/conjoncture\/chomage-pres-de-480-000-demandeurs-d-emploi-de-categorie-a-en-moins-en-2021-20220126\">Le nombre d&rsquo;inscrits en cat\u00e9gorie A \u00e0 P\u00f4le emploi a recul\u00e9 de pr\u00e8s d&rsquo;un demi-million en 2021<\/a>. Jamais une \u00adbaisse aussi importante sur une \u00adann\u00e9e du nombre de demandeurs d&#8217;emploi n&rsquo;avait \u00e9t\u00e9 enregistr\u00e9e depuis que cette statistique des DEFM (demandeurs d&#8217;emploi en fin de mois) est diffus\u00e9e. Soit \u00addepuis\u2026 1996.<\/p>\n\n\n\n<h2 class=\"wp-block-heading\" id=\"des-finances-publiques-degradees\">Des finances publiques d\u00e9grad\u00e9es<\/h2>\n\n\n\n<p>Si la France fait partie des pays les plus dynamiques, c&rsquo;est tout le Vieux Continent qui profite d&rsquo;un effet de rattrapage. \u00ab<em>L&rsquo;Europe s&rsquo;en sort tr\u00e8s bien<\/em>\u00bb, s&rsquo;est r\u00e9joui le ministre de l\u00a0\u00bb\u00c9conomie. Une situation due \u00e0 \u00ab<em>la coordination<\/em>\u00bb dont les 27 ont fait preuve, a-t-il ajout\u00e9, citant notamment l&rsquo;\u00e9mission de dette commune.<\/p>\n\n\n\n<p>Autre source d&rsquo;inqui\u00e9tude&nbsp;: l&rsquo;inflation. \u00ab<em>Un risque<\/em>\u00bb a conc\u00e9d\u00e9 Bruno Le Maire, qui a compar\u00e9 la situation actuelle au choc p\u00e9trolier de 1973. \u00ab<em>Les prix du gaz ont \u00e9t\u00e9 multipli\u00e9s par quatre en un an<\/em>\u00bb, a-t-il soulign\u00e9 pour justifier son propos. Le ministre n&rsquo;a cependant pas voulu tomber dans un discours alarmiste \u00ab<em>nous n&rsquo;aurons pas les m\u00eames cons\u00e9quences<\/em>\u00bb. Il a ainsi rappel\u00e9 l&rsquo;action de l&rsquo;\u00c9tat pour limiter ce ph\u00e9nom\u00e8ne particuli\u00e8rement visible dans les co\u00fbts de l&rsquo;\u00e9lectricit\u00e9 ou du carburant&nbsp;: \u00ab<em>c&rsquo;est le prix de l&rsquo;\u00e9nergie qui explique la moiti\u00e9 de l&rsquo;inflation<\/em>\u00bb, a-t-il illustr\u00e9.<\/p>\n\n\n\n<p>Il a conc\u00e9d\u00e9 que ces r\u00e9sultats rendaient \u00ab<em>l\u00e9gitime<\/em>\u00bb les demandes de hausses de salaires. Cependant \u00ab<em>l&rsquo;\u00c9tat a fait sa part du chemin<\/em>\u00bb, s&rsquo;est-il d\u00e9fendu, \u00ab<em>c&rsquo;est au tour des entreprises<\/em>\u00bb maintenant de redistribuer une partie des fruits de la croissance.<\/p>\n","protected":false},"excerpt":{"rendered":"<p>Ce chiffre jamais atteint depuis 52 ans place la France parmi les pays les plus dynamiques en Europe.Apr\u00e8s avoir plong\u00e9 de 8% en 2020, du jamais vu depuis la Seconde Guerre mondiale, la croissance fran\u00e7aise est repartie de fa\u00e7on tout aussi spectaculaire en 2021. Selon les premi\u00e8res estimations de l&rsquo;Insee, publi\u00e9e ce vendredi 28 janvier, [&hellip;]<\/p>\n","protected":false},"author":2,"featured_media":20234,"comment_status":"open","ping_status":"open","sticky":false,"template":"","format":"standard","meta":{"_jetpack_memberships_contains_paid_content":false,"footnotes":"","jetpack_publicize_message":"","jetpack_publicize_feature_enabled":true,"jetpack_social_post_already_shared":true,"jetpack_social_options":{"image_generator_settings":{"template":"highway","default_image_id":0,"font":"","enabled":false},"version":2},"_wpas_customize_per_network":false},"categories":[405],"tags":[3023],"class_list":["post-20233","post","type-post","status-publish","format-standard","has-post-thumbnail","hentry","category-actu-france-monde","tag-la-croissance-francaise-atteint-7-en-2021"],"jetpack_publicize_connections":[],"jetpack_featured_media_url":"https:\/\/i0.wp.com\/www.iceagetv.com\/radiosite\/wp-content\/uploads\/2022\/01\/La-croissance-francaise-atteint-7-en-2021-un-resultat-historique.jpg?fit=616%2C347&ssl=1","jetpack_sharing_enabled":true,"_links":{"self":[{"href":"https:\/\/www.iceagetv.com\/radiosite\/wp-json\/wp\/v2\/posts\/20233","targetHints":{"allow":["GET"]}}],"collection":[{"href":"https:\/\/www.iceagetv.com\/radiosite\/wp-json\/wp\/v2\/posts"}],"about":[{"href":"https:\/\/www.iceagetv.com\/radiosite\/wp-json\/wp\/v2\/types\/post"}],"author":[{"embeddable":true,"href":"https:\/\/www.iceagetv.com\/radiosite\/wp-json\/wp\/v2\/users\/2"}],"replies":[{"embeddable":true,"href":"https:\/\/www.iceagetv.com\/radiosite\/wp-json\/wp\/v2\/comments?post=20233"}],"version-history":[{"count":1,"href":"https:\/\/www.iceagetv.com\/radiosite\/wp-json\/wp\/v2\/posts\/20233\/revisions"}],"predecessor-version":[{"id":20235,"href":"https:\/\/www.iceagetv.com\/radiosite\/wp-json\/wp\/v2\/posts\/20233\/revisions\/20235"}],"wp:featuredmedia":[{"embeddable":true,"href":"https:\/\/www.iceagetv.com\/radiosite\/wp-json\/wp\/v2\/media\/20234"}],"wp:attachment":[{"href":"https:\/\/www.iceagetv.com\/radiosite\/wp-json\/wp\/v2\/media?parent=20233"}],"wp:term":[{"taxonomy":"category","embeddable":true,"href":"https:\/\/www.iceagetv.com\/radiosite\/wp-json\/wp\/v2\/categories?post=20233"},{"taxonomy":"post_tag","embeddable":true,"href":"https:\/\/www.iceagetv.com\/radiosite\/wp-json\/wp\/v2\/tags?post=20233"}],"curies":[{"name":"wp","href":"https:\/\/api.w.org\/{rel}","templated":true}]}}